{"id":372571,"date":"2025-09-07T08:37:12","date_gmt":"2025-09-07T08:37:12","guid":{"rendered":"https:\/\/www.europesays.com\/fr\/372571\/"},"modified":"2025-09-07T08:37:12","modified_gmt":"2025-09-07T08:37:12","slug":"bloc-notes-les-municipales-se-rapprochent-le-parler-vrai-seloigne","status":"publish","type":"post","link":"https:\/\/www.europesays.com\/fr\/372571\/","title":{"rendered":"Bloc-notes : Les municipales se rapprochent, le parler vrai s\u2019\u00e9loigne"},"content":{"rendered":"<p>Il fallait un fait-divers pour ajouter \u00e0 la confusion. Un d\u00e9s\u00e9quilibr\u00e9 qui, armes blanches aux mains, s\u2019en est pris \u00e0 tout ce qui s\u2019opposait \u00e0 lui. Un Tunisien \u00e0 la sant\u00e9 mentale fragile, que les policiers vont \u00ab\u00a0neutraliser\u00a0\u00bb, pour reprendre leur terminologie, sur un cours Belsunce p\u00e9trifi\u00e9 par la peur ou la sid\u00e9ration. L\u2019homme dont le corps sera rapidement dissimul\u00e9 derri\u00e8re des parasols couch\u00e9s \u00e0 m\u00eame le trottoir qui sert de terrasse \u00e0 un caf\u00e9 du cours, a bless\u00e9 cinq personnes. Elles ont \u00e9t\u00e9 secourues pendant que lui \u00e9tait abattu. Elles sont hors de danger. C\u2019\u00e9tait un apr\u00e8s-midi comme les autres, dans une ville semblable \u00e0 tant d\u2019autres, avec des gens ressemblant aux autres. Oui mais c\u2019\u00e9tait sans compter sur la machine \u00e0 faire monter une mayonnaise aigre.\u00a0<\/p>\n<p>Bruno Retailleau : \u00ab\u00a0L\u2019immigration n\u2019est pas une chance pour la France\u00a0\u00bb<\/p>\n<p>Premier \u00e0 mettre un peu d\u2019huile sur ce d\u00e9but d\u2019incendie m\u00e9diatique, Bruno Retailleau, ministre de l\u2019Int\u00e9rieur et pr\u00e9sident des R\u00e9publicains. Il s\u2019est pr\u00e9cipit\u00e9 \u00e0 Marseille et devant les journalistes a f\u00e9licit\u00e9 sa police et point\u00e9 sans transition, d\u2019un doigt vengeur, \u00ab\u00a0l\u2019immigration\u00a0\u00bb fusse-t-elle r\u00e9guli\u00e8re comme c\u2019\u00e9tait le cas pour le d\u00e9s\u00e9quilibr\u00e9. \u00ab\u00a0Elle n\u2019est pas une chance pour la France\u00a0\u00bb a cru bon commenter, en s\u2019\u00e9loignant des faits, le Vend\u00e9en. Autour de lui dans ce 1er arrondissement cosmopolite depuis des d\u00e9cennies, allaient et venaient des immigr\u00e9s ou des Marseillais issus de l\u2019immigration parfaitement pacifistes. \u00a0<\/p>\n<p>Beno\u00eet Payan, le maire de cette ville une fois encore surexpos\u00e9e, apportait aussit\u00f4t en d\u00e9fense son grain de sel. Il d\u00e9celait chez le premier flic de France une \u00ab\u00a0obsession\u00a0\u00bb et enfon\u00e7ait le clou\u00a0: \u00ab\u00a0au moment o\u00f9 la ville connait de tel drame le premier sujet n\u2019est pas celui-ci\u00a0! (Ndlr\u00a0: l\u2019immigration)\u00a0\u00bb. L\u2019occasion \u00e9tait trop belle pour la pr\u00e9sidente de la M\u00e9tropole, Martine Vassal, qui d\u00e9gainait aussit\u00f4t ses mots accusateurs\u00a0pour fustiger celui qu\u2019elle veut chasser de la mairie : \u00ab\u00a0si, M. Beno\u00eet Payan, l\u2019immigration est la cause de bien des maux\u00a0\u00bb. Une r\u00e9action qui allait bien \u00e9videmment droit au c\u0153ur de l\u2019extr\u00eame-droite, sans pour autant faire perdre la t\u00eate \u00e0 Olivier Rioult, porte-parole du candidat aux municipales Franck Allisio. Le RN ayant pr\u00e9empt\u00e9 le th\u00e8me de l\u2019immigration, il y allait d\u2019un tacle au ras du gazon\u00a0: \u00ab\u00a0Martine Vassal n\u2019est plus l\u00e9gitime sur ce sujet\u00a0\u00bb. Et de d\u00e9noncer l\u2019engagement de la pr\u00e9sidente de la M\u00e9tropole derri\u00e8re Emmanuel Macron. On s\u2019\u00e9loignait de plus en plus du drame \u00e0 l\u2019origine de ce d\u00e9ferlement d\u2019opprobres. On ajoutera pour faire bonne mesure dans cette pol\u00e9mique sans retenue, la r\u00e9action de Sud sant\u00e9 13 qui saisit l\u2019opportunit\u00e9 pour rappeler que \u00ab\u00a0la sant\u00e9 mentale doit \u00eatre une priorit\u00e9 nationale\u00a0\u00bb et d\u00e9noncer l\u2019affaiblissement critique de ce secteur hospitalier.\u00a0<\/p>\n<p><a data-no-instant=\"1\" href=\"https:\/\/www.maregionsud.fr\/actualites\/detail\/pour-la-rentree-scolaire-ca-se-pass-avec-la-region-sud\" rel=\"noopener nofollow\" class=\"a2t-link\" target=\"_blank\" aria-label=\"CampagneRentree2025_banniere_728x90_SANTE\"><img loading=\"lazy\" decoding=\"async\" src=\"data:image\/svg+xml,%3Csvg%20xmlns=\" http:=\"\" alt=\"\" width=\"728\" height=\"90\" style=\"display: inline-block;\" data-lazy-src=\"https:\/\/www.europesays.com\/fr\/wp-content\/uploads\/2025\/09\/campagnerentree2025_banniere_728x90_sante.gif\"\/><\/a><\/p>\n<p>On entendra encore, titill\u00e9s par quelques micros tendus, les habitants de Belsunce d\u00e9non\u00e7ant l\u2019ins\u00e9curit\u00e9 d\u2019un quartier paup\u00e9ris\u00e9, gangr\u00e9n\u00e9 par nombre trafics, abandonn\u00e9 par les pouvoirs publics. Quelques heures apr\u00e8s le fait-divers, la paix r\u00e9gnait sur le cours. On y sirotait son caf\u00e9 ou son th\u00e9 et l\u2019on \u00e9tait d\u00e9j\u00e0 pass\u00e9 \u00e0 autre chose ne pr\u00eatant que peu d\u2019attention \u00e0 la r\u00e9action du pouvoir tunisien protestant contre \u00ab\u00a0le meurtre\u00a0\u00bb de son ressortissant. La justice laissait quant \u00e0 elle entrevoir un non-lieu pour les policiers engag\u00e9s dans cette nouvelle s\u00e9quence violente de la vie marseillaise.\u00a0<\/p>\n<p>A l\u2019heure des comptes, une seule certitude\u00a0: les hommes et femmes politiques qui s\u2019appr\u00eatent \u00e0 livrer bataille en mars 2026 pour les \u00e9lections municipales, n\u2019h\u00e9siteront pas \u00e0 faire feu de tout bois pour arriver \u00e0 leur fin avec un d\u00e9sint\u00e9r\u00eat assum\u00e9 pour les d\u00e9g\u00e2ts collat\u00e9raux qu\u2019ils vont causer.<\/p>\n<p>Rien de nouveau sous le soleil marseillais diront les plus blas\u00e9s, m\u00eame si un peu de lucidit\u00e9 nous oblige \u00e0 constater que le d\u00e9bat politique est autour du Vieux-Port aussi path\u00e9tique que le sont les joutes nationales avec les derniers soubresauts d\u2019un pouvoir en capilotade.<\/p>\n<p>Sur la grande piste du cirque des r\u00e9seaux sociaux<\/p>\n<p>On aura vu pendant ce que l\u2019on appelle improprement la tr\u00eave estivale deux leaders \u2013 Beno\u00eet Payan et Martine Vassal \u2013 se jeter \u00e0 tout va des tweets venimeux \u00e0 la figure. Tout y est pass\u00e9, l\u2019incomp\u00e9tence, le client\u00e9lisme, la corruption, l\u2019ins\u00e9curit\u00e9, l\u2019habitat indigne, les choix \u00e9conomiques, la pollution, la propret\u00e9\u2026 des th\u00e8mes qui m\u00e9riteraient pour un certain nombre d\u2019entr\u2019eux des analyses approfondies, des commencements de projets, des perspectives \u00e9tay\u00e9es. H\u00e9las ils ne sont trait\u00e9s, sur la grande piste du cirque des r\u00e9seaux sociaux, qu\u2019\u00e0 renfort d\u2019anath\u00e8mes, d\u2019accusations, de cris d\u2019orfraie, de gesticulations. L\u00e0 o\u00f9 on attendrait une vision, un horizon, une lib\u00e9ration, on constate un repli sur des id\u00e9es naus\u00e9abondes, un refus d\u2019obstacles, une propension \u00e0 aggraver.<\/p>\n<p>Les Marseillais sont indiff\u00e9rents ou pour le moins sans illusion. Beaucoup ignorent qui de la R\u00e9gion, du D\u00e9partement, de la M\u00e9tropole ou de la Ville, est responsable d\u2019un quotidien qui se d\u00e9t\u00e9riore, d\u2019une cit\u00e9 qui se d\u00e9grade, d\u2019un art de vivre qui s\u2019\u00e9tiole. Le \u00ab\u00a0peuple de Marseille\u00a0\u00bb comme on dit au stade V\u00e9lodrome est muet mais sa col\u00e8re peut faire \u00e0 tout moment du bruit\u2026 et cela passera par les isoloirs et les urnes.\u00a0 Les extr\u00eames le savent et elles ma\u00eetrisent avec leurs troupes l\u2019art de tout \u00ab\u00a0conflictualiser\u00a0\u00bb pour reprendre l\u2019antienne d\u2019un des leaders de ces forces-l\u00e0.<\/p>\n<p>Marseille souffre de bien des maux mais il y a malheureusement \u00e0 parier que dans les semaines qui viennent ce sont les mots qui lui serviront de caut\u00e8re. Il est pr\u00e9visible que quatre forces contraires s\u2019affrontent. LFI et quelques \u00e9gar\u00e9s \u00e9colos, le PS et ce qu\u2019il aura gard\u00e9 du Printemps marseillais, \u00e9colos compris l\u00e0 encore, les R\u00e9publicains et les contorsionnistes qui composent ses rangs aussi clairsem\u00e9s que prompts \u00e0 s\u2019approprier la grammaire de l\u2019extr\u00eame-droite, et enfin le RN qui calculette \u00e0 la main additionne les d\u00e9sertions de ceux qui appartenaient aux jours r\u00e9put\u00e9s \u00ab\u00a0heureux\u00a0\u00bb \u00e0 une \u00ab\u00a0droite de gouvernement\u00a0\u00bb.<\/p>\n<p>Les turbulences de l\u2019\u00e9t\u00e9 annoncent de violents orages pour l\u2019automne, l\u2019hiver et le printemps \u00e0 venir. Ce n\u2019est pas jouer les devins de pr\u00e9dire que le pire est \u00e0 venir pour Marseille et dans un pays o\u00f9 jamais l\u2019instabilit\u00e9 n\u2019aura \u00e9t\u00e9 aussi grande. Bonaparte assurait que \u00ab\u00a0la v\u00e9ritable\u00a0grandeur consiste \u00e0 faire ce qui est juste sans \u00eatre remarqu\u00e9.\u00a0\u00bb. Pour l\u2019heure nos \u00e9lus marseillais ont surtout une propension \u00e0 se faire remarquer. On attend qu\u2019ils nous contredisent\u00a0: arguments et projets \u00e0 l\u2019appui. Qu\u2019ils parlent enfin vrai en quelque sorte. \u00a0 \u00a0 \u00a0<\/p>\n","protected":false},"excerpt":{"rendered":"Il fallait un fait-divers pour ajouter \u00e0 la confusion. Un d\u00e9s\u00e9quilibr\u00e9 qui, armes blanches aux mains, s\u2019en est&hellip;\n","protected":false},"author":2,"featured_media":372572,"comment_status":"","ping_status":"","sticky":false,"template":"","format":"standard","meta":{"footnotes":""},"categories":[2814],"tags":[1111,11,1777,674,1011,27,884,12,882,25],"class_list":{"0":"post-372571","1":"post","2":"type-post","3":"status-publish","4":"format-standard","5":"has-post-thumbnail","7":"category-marseille","8":"tag-actu","9":"tag-actualites","10":"tag-eu","11":"tag-europe","12":"tag-fr","13":"tag-france","14":"tag-marseille","15":"tag-news","16":"tag-provence-alpes-cote-dazur","17":"tag-republique-francaise"},"share_on_mastodon":{"url":"https:\/\/pubeurope.com\/@fr\/115162110017767863","error":""},"_links":{"self":[{"href":"https:\/\/www.europesays.com\/fr\/wp-json\/wp\/v2\/posts\/372571","targetHints":{"allow":["GET"]}}],"collection":[{"href":"https:\/\/www.europesays.com\/fr\/wp-json\/wp\/v2\/posts"}],"about":[{"href":"https:\/\/www.europesays.com\/fr\/wp-json\/wp\/v2\/types\/post"}],"author":[{"embeddable":true,"href":"https:\/\/www.europesays.com\/fr\/wp-json\/wp\/v2\/users\/2"}],"replies":[{"embeddable":true,"href":"https:\/\/www.europesays.com\/fr\/wp-json\/wp\/v2\/comments?post=372571"}],"version-history":[{"count":0,"href":"https:\/\/www.europesays.com\/fr\/wp-json\/wp\/v2\/posts\/372571\/revisions"}],"wp:featuredmedia":[{"embeddable":true,"href":"https:\/\/www.europesays.com\/fr\/wp-json\/wp\/v2\/media\/372572"}],"wp:attachment":[{"href":"https:\/\/www.europesays.com\/fr\/wp-json\/wp\/v2\/media?parent=372571"}],"wp:term":[{"taxonomy":"category","embeddable":true,"href":"https:\/\/www.europesays.com\/fr\/wp-json\/wp\/v2\/categories?post=372571"},{"taxonomy":"post_tag","embeddable":true,"href":"https:\/\/www.europesays.com\/fr\/wp-json\/wp\/v2\/tags?post=372571"}],"curies":[{"name":"wp","href":"https:\/\/api.w.org\/{rel}","templated":true}]}}