{"id":372573,"date":"2025-09-07T08:38:11","date_gmt":"2025-09-07T08:38:11","guid":{"rendered":"https:\/\/www.europesays.com\/fr\/372573\/"},"modified":"2025-09-07T08:38:11","modified_gmt":"2025-09-07T08:38:11","slug":"marseille-un-mouton-egorge-et-depece-en-plein-air-dans-un-parc-public-un-acte-de-barbarie","status":"publish","type":"post","link":"https:\/\/www.europesays.com\/fr\/372573\/","title":{"rendered":"Marseille. Un mouton \u00e9gorg\u00e9 et d\u00e9pec\u00e9 en plein air dans un parc public : \u00ab\u00a0Un acte de barbarie\u00a0\u00bb"},"content":{"rendered":"<p>            Par<br \/>\n        <strong><br \/>\n            <a href=\"https:\/\/actu.fr\/auteur\/fabien-binacchi\" title=\"Consulter tous les articles de Fabien Binacchi\" target=\"_blank\" rel=\"noopener\">Fabien Binacchi<\/a><br \/>\n        <\/strong><\/p>\n<p>        Publi\u00e9 le<\/p>\n<p>            7 sept. 2025 \u00e0 10h26        <\/p>\n<p>La SPA annonce le d\u00e9p\u00f4t d\u2019une plainte apr\u00e8s ce qu\u2019elle d\u00e9nonce comme un \u00ab\u2009acte de barbarie\u2009\u00bb. Les faits, r\u00e9v\u00e9l\u00e9s ce samedi 6\u00a0septembre par <a href=\"https:\/\/www.laprovence.com\/article\/faits-divers-justice\/96334384498075\/trois-hommes-egorgent-un-mouton-en-public-dans-un-parc-a-marseille\" target=\"_blank\" rel=\"noopener\">La Provence<\/a>, remontent au 24\u00a0ao\u00fbt 2025. Ce jour-l\u00e0, trois hommes ont \u00e9t\u00e9 surpris en train d\u2019\u00e9gorger et de d\u00e9pecer un mouton <strong>\u00e0 la vue de tous, et notamment d\u2019enfants,<\/strong> dans un parc public du 14e arrondissement de <a href=\"https:\/\/actu.fr\/marseille\/\" target=\"_blank\" rel=\"noopener\">Marseille<\/a>, confirme la mairie \u00e0 actu Marseille. La police municipale est intervenue.<\/p>\n<p>Des t\u00e9moins choqu\u00e9s<\/p>\n<p class=\" wall-content\">La sc\u00e8ne s\u2019est d\u00e9roul\u00e9e dans <strong>le parc de l\u2019Esp\u00e9rance,<\/strong> au c\u0153ur du Canet (quartiers Nord).<\/p>\n<p>    <a href=\"https:\/\/www.google.com\/maps\/embed?pb=!1m18!1m12!1m3!1d2481.6569604675797!2d5.377388202879236!3d43.3268138913568!2m3!1f0!2f0!3f0!3m2!1i1024!2i768!4f13.1!3m3!1m2!1s0x12c9c065c4c324c7%3A0x298307264dd6302a!2sParc%20de%20L%27Esp%C3%A9rance!5e1!3m2!1sfr!2sfr!4v1757232794912!5m2!1sfr!2sfr\" title=\"Ouvrie le lien\" target=\"_blank\" rel=\"noopener\">Cliquez ici pour visualiser le contenu<\/a><\/p>\n<p class=\" wall-content\">Alors que des familles et leurs enfants profitent de cet avant-dernier dimanche d\u2019\u00e9t\u00e9 pr\u00e9c\u00e9dant la rentr\u00e9e, tous assistent malgr\u00e9 eux \u00e0 <strong>une sc\u00e8ne d\u2019horreur.<\/strong><\/p>\n<p class=\" wall-content\">Elle pr\u00eatait d\u2019abord \u00e0 sourire et \u00e0 faire plaisir aux plus petits\u2009: un mouton en libert\u00e9, l\u00e0, en plein c\u0153ur de la ville. Sauf que les minutes de l\u2019animal sont compt\u00e9es. Sans m\u00e9nagement, trois hommes l\u2019\u00e9gorgent. Des t\u00e9moins, choqu\u00e9s, <strong>pr\u00e9viennent la police municipale.<\/strong><\/p>\n<p>Sur des bouts de carton<\/p>\n<p class=\" wall-content\">Lorsque les agents interviennent, les \u00ab\u2009bouchers du dimanche\u2009\u00bb, \u00ab\u2009des ressortissants comoriens \u00e2g\u00e9s d\u2019une trentaine d\u2019ann\u00e9es\u2009\u00bb selon La Provence, sont d\u00e9j\u00e0 en train de d\u00e9biter la b\u00eate, a priori <strong>en vue d\u2019un barbecue<\/strong> qu\u2019ils comptaient organiser \u00e0 proximit\u00e9.<\/p>\n<p class=\" wall-content\">Ils op\u00e8rent <strong>avec de petits couteaux m\u00e9nagers<\/strong> et sur de simples bouts de carton. Un abattoir clandestin et en plein air que la police fait fermer net.<\/p>\n<p>Votre r\u00e9gion, votre actu !<\/p>\n<p>Recevez chaque jour les infos qui comptent pour vous.<\/p>\n<p>\t<a href=\"https:\/\/actu.fr\/newsletter\" class=\"ac-btn ac-btn--corner ac-btn--medium ac-btn--blue800\" target=\"_blank\" rel=\"noopener\">S&rsquo;incrire<\/a><\/p>\n<p class=\" wall-content\">Les trois hommes sont <strong>interpell\u00e9s<\/strong> et la viande est saisie pour \u00eatre d\u00e9truite.<\/p>\n<p>La SPA \u00ab\u2009condamne avec la plus grande fermet\u00e9\u2009\u00bb<\/p>\n<p class=\" wall-content\">Contact\u00e9e par actu Marseille, la SPA Marseille Provence \u00ab\u2009condamne avec la plus grande fermet\u00e9 l\u2019acte de barbarie commis contre cet animal\u2009\u00bb. Ce dimanche 7\u00a0septembre, elle fait \u00e9galement savoir qu\u2019<strong>une \u00ab\u2009plainte est en cours de d\u00e9p\u00f4t\u2009\u00bb.<\/strong><\/p>\n<blockquote class=\"ac-article-quote wall-content\">\n<p>\u00ab\u00a0La maltraitance animale est une violence intol\u00e9rable qui heurte profond\u00e9ment notre conscience collective. Nous exprimons toute notre indignation face \u00e0 cet acte cruel et rappelons que la protection et le respect des animaux sont des devoirs essentiels d\u2019une soci\u00e9t\u00e9 juste et humaine.\u00a0\u00bb<\/p>\n<p>    <strong>SPA Marseille-Provence<\/strong>\n            <\/p><\/blockquote>\n<p class=\" wall-content\">L\u2019association, qui \u0153uvre pour le bien-\u00eatre animal, \u00ab\u2009appelle \u00e0 ce que toute la lumi\u00e8re soit faite sur cet acte et \u00e0 ce <strong>que des sanctions exemplaires soient prises<\/strong>\u2009\u00bb.<\/p>\n<p class=\" wall-content\">Personnalisez votre actualit\u00e9 en ajoutant vos villes et m\u00e9dias en favori avec <a href=\"https:\/\/moncompte.actu.fr\" title=\"D\u00e9couvez Mon Actu\" rel=\"nofollow noopener\" data-trk=\"{&quot;cta&quot;:{&quot;action&quot;:&quot;https:\\\/\\\/moncompte.actu.fr&quot;,&quot;category&quot;:&quot;mon compte&quot;,&quot;from&quot;:&quot;article footer&quot;,&quot;name&quot;:&quot;Mon actu&quot;,&quot;type&quot;:&quot;cta&quot;}}\" target=\"_blank\">Mon Actu<\/a>.<\/p>\n","protected":false},"excerpt":{"rendered":"Par Fabien Binacchi Publi\u00e9 le 7 sept. 2025 \u00e0 10h26 La SPA annonce le d\u00e9p\u00f4t d\u2019une plainte apr\u00e8s&hellip;\n","protected":false},"author":2,"featured_media":372574,"comment_status":"","ping_status":"","sticky":false,"template":"","format":"standard","meta":{"footnotes":""},"categories":[2814],"tags":[1111,11,1867,1777,674,118,1011,27,884,12,882,10782,25],"class_list":{"0":"post-372573","1":"post","2":"type-post","3":"status-publish","4":"format-standard","5":"has-post-thumbnail","7":"category-marseille","8":"tag-actu","9":"tag-actualites","10":"tag-animaux","11":"tag-eu","12":"tag-europe","13":"tag-faits-divers","14":"tag-fr","15":"tag-france","16":"tag-marseille","17":"tag-news","18":"tag-provence-alpes-cote-dazur","19":"tag-quartiers-nord","20":"tag-republique-francaise"},"share_on_mastodon":{"url":"https:\/\/pubeurope.com\/@fr\/115162113851514953","error":""},"_links":{"self":[{"href":"https:\/\/www.europesays.com\/fr\/wp-json\/wp\/v2\/posts\/372573","targetHints":{"allow":["GET"]}}],"collection":[{"href":"https:\/\/www.europesays.com\/fr\/wp-json\/wp\/v2\/posts"}],"about":[{"href":"https:\/\/www.europesays.com\/fr\/wp-json\/wp\/v2\/types\/post"}],"author":[{"embeddable":true,"href":"https:\/\/www.europesays.com\/fr\/wp-json\/wp\/v2\/users\/2"}],"replies":[{"embeddable":true,"href":"https:\/\/www.europesays.com\/fr\/wp-json\/wp\/v2\/comments?post=372573"}],"version-history":[{"count":0,"href":"https:\/\/www.europesays.com\/fr\/wp-json\/wp\/v2\/posts\/372573\/revisions"}],"wp:featuredmedia":[{"embeddable":true,"href":"https:\/\/www.europesays.com\/fr\/wp-json\/wp\/v2\/media\/372574"}],"wp:attachment":[{"href":"https:\/\/www.europesays.com\/fr\/wp-json\/wp\/v2\/media?parent=372573"}],"wp:term":[{"taxonomy":"category","embeddable":true,"href":"https:\/\/www.europesays.com\/fr\/wp-json\/wp\/v2\/categories?post=372573"},{"taxonomy":"post_tag","embeddable":true,"href":"https:\/\/www.europesays.com\/fr\/wp-json\/wp\/v2\/tags?post=372573"}],"curies":[{"name":"wp","href":"https:\/\/api.w.org\/{rel}","templated":true}]}}