{"id":372577,"date":"2025-09-07T08:40:15","date_gmt":"2025-09-07T08:40:15","guid":{"rendered":"https:\/\/www.europesays.com\/fr\/372577\/"},"modified":"2025-09-07T08:40:15","modified_gmt":"2025-09-07T08:40:15","slug":"quand-se-loger-devient-un-parcours-du-combattant-pour-les-etudiants","status":"publish","type":"post","link":"https:\/\/www.europesays.com\/fr\/372577\/","title":{"rendered":"quand se loger devient un parcours du combattant pour les \u00e9tudiants"},"content":{"rendered":"<p>            lire plus tard<\/p>\n<p id=\"dialog__title\" class=\"dialog__title\">Pour sauvegarder cet article, connectez-vous ou cr\u00e9ez un compte franceinfo<\/p>\n<p class=\"dialog__description\">Sans paiement. Sans abonnement.<\/p>\n<p>        Fermer la fen\u00eatre d\u2019activation des notifications France Info<\/p>\n<p>            cr\u00e9er votre compte<\/p>\n<p>            se connecter<\/p>\n<p>        Fermer la fen\u00eatre de pr\u00e9sentation<\/p>\n<p>    Publi\u00e9 le 07\/09\/2025 10:01<\/p>\n<p>        Temps de lecture : 1min &#8211; vid\u00e9o : 1min<\/p>\n<p>    <img decoding=\"async\" class=\"francetv-player-wrapper__image\" alt=\"Lyon : quand se loger devient un parcours du combattant pour les \u00e9tudiants\"  width=\"432\" height=\"243\" src=\"https:\/\/www.europesays.com\/fr\/wp-content\/uploads\/2025\/09\/etudiants-23h-1-68bd3b34475c3737440900.jpg\" fetchpriority=\"high\"\/><\/p>\n<p>              Lyon : quand se loger devient un parcours du combattant pour les \u00e9tudiants<br \/>\n                    (Franceinfo)<\/p>\n<p>      1min<\/p>\n<p>\n  Avec un march\u00e9 de la location satur\u00e9 \u00e0 Lyon, se loger devient extr\u00eamement difficile pour les \u00e9tudiants.\n<\/p>\n<p><strong>Ce texte correspond \u00e0 une partie de la retranscription du reportage ci-dessus. Cliquez sur la vid\u00e9o pour la regarder en int\u00e9gralit\u00e9.<\/strong><\/p>\n<p>L&rsquo;\u00e9tudiante Tiphaine Parennes est \u00e0 la recherche d&rsquo;un logement. Son budget : 500 euros par mois. Et \u00e0 ce prix-l\u00e0, il n&rsquo;y a rien, rien du tout. \u00c0 Lyon, le march\u00e9 de la location est satur\u00e9, surtout depuis que la r\u00e9glementation sur les passoires thermiques a \u00e9limin\u00e9 de nombreux logements. Les professionnels de l&rsquo;immobilier constatent combien les \u00e9tudiants peinent \u00e0 se loger. \u00ab\u00a0J&rsquo;ai \u00e0 la fois des appels au secours parce qu&rsquo;on a des familles qui se sont fait un petit peu avoir et arnaquer suite \u00e0 des annonces sur le Bon Coin ou autres, et donc elles se sont retrouv\u00e9es \u00e0 payer des cautions\u00a0\u00bb, confie Raja\u00e2 Johnson du cabinet Melan\u00e2 relocation.\u00a0\u00a0<\/p>\n<p>Des arnaques qu&rsquo;il faut d\u00e9jouer et des solutions \u00e0 trouver. Rapha\u00ebl Galley, \u00e9tudiant en sciences politiques pourra se loger ici, mais il faut s&rsquo;adapter aussi aux al\u00e9as. \u00ab\u00a0M\u00eame si c&rsquo;est assez \u00e9lev\u00e9 ici, on peut le comprendre. Et on a r\u00e9ussi, \u00e0 c\u00f4t\u00e9, \u00e0 faire un pr\u00eat \u00e9tudiant avec un tarif qui \u00e9tait avantageux\u00a0\u00bb, t\u00e9moigne-t-il. Se nourrir est aussi devenu hors de prix, alors certains recourent aux distributions alimentaires pour manger. Les autorit\u00e9s craignent une saturation des cantines universitaires. Jamais vivre en tant qu&rsquo;\u00e9tudiant n&rsquo;a co\u00fbt\u00e9 aussi cher.<\/p>\n","protected":false},"excerpt":{"rendered":"lire plus tard Pour sauvegarder cet article, connectez-vous ou cr\u00e9ez un compte franceinfo Sans paiement. Sans abonnement. Fermer&hellip;\n","protected":false},"author":2,"featured_media":372578,"comment_status":"","ping_status":"","sticky":false,"template":"","format":"standard","meta":{"footnotes":""},"categories":[1889],"tags":[1111,11,2430,1777,674,1011,27,2428,12,25],"class_list":{"0":"post-372577","1":"post","2":"type-post","3":"status-publish","4":"format-standard","5":"has-post-thumbnail","7":"category-lyon","8":"tag-actu","9":"tag-actualites","10":"tag-auvergne-rhone-alpes","11":"tag-eu","12":"tag-europe","13":"tag-fr","14":"tag-france","15":"tag-lyon","16":"tag-news","17":"tag-republique-francaise"},"share_on_mastodon":{"url":"https:\/\/pubeurope.com\/@fr\/115162121916771947","error":""},"_links":{"self":[{"href":"https:\/\/www.europesays.com\/fr\/wp-json\/wp\/v2\/posts\/372577","targetHints":{"allow":["GET"]}}],"collection":[{"href":"https:\/\/www.europesays.com\/fr\/wp-json\/wp\/v2\/posts"}],"about":[{"href":"https:\/\/www.europesays.com\/fr\/wp-json\/wp\/v2\/types\/post"}],"author":[{"embeddable":true,"href":"https:\/\/www.europesays.com\/fr\/wp-json\/wp\/v2\/users\/2"}],"replies":[{"embeddable":true,"href":"https:\/\/www.europesays.com\/fr\/wp-json\/wp\/v2\/comments?post=372577"}],"version-history":[{"count":0,"href":"https:\/\/www.europesays.com\/fr\/wp-json\/wp\/v2\/posts\/372577\/revisions"}],"wp:featuredmedia":[{"embeddable":true,"href":"https:\/\/www.europesays.com\/fr\/wp-json\/wp\/v2\/media\/372578"}],"wp:attachment":[{"href":"https:\/\/www.europesays.com\/fr\/wp-json\/wp\/v2\/media?parent=372577"}],"wp:term":[{"taxonomy":"category","embeddable":true,"href":"https:\/\/www.europesays.com\/fr\/wp-json\/wp\/v2\/categories?post=372577"},{"taxonomy":"post_tag","embeddable":true,"href":"https:\/\/www.europesays.com\/fr\/wp-json\/wp\/v2\/tags?post=372577"}],"curies":[{"name":"wp","href":"https:\/\/api.w.org\/{rel}","templated":true}]}}