{"id":372580,"date":"2025-09-07T08:43:11","date_gmt":"2025-09-07T08:43:11","guid":{"rendered":"https:\/\/www.europesays.com\/fr\/372580\/"},"modified":"2025-09-07T08:43:11","modified_gmt":"2025-09-07T08:43:11","slug":"dijon-un-homme-qui-circulait-en-buggy-tue-par-balles-en-plein-centre-ville-son-passager-blesse","status":"publish","type":"post","link":"https:\/\/www.europesays.com\/fr\/372580\/","title":{"rendered":"Dijon\u00a0: un homme qui circulait en buggy, tu\u00e9 par balles en plein centre-ville, son passager bless\u00e9"},"content":{"rendered":"<p class=\"paragraph text_align_left lp-f-body-02\">Un jeune homme, <a href=\"https:\/\/www.leparisien.fr\/seine-saint-denis-93\/mort-dun-ado-de-15-ans-a-bondy-le-conducteur-du-buggy-mis-en-examen-et-place-sous-controle-judiciaire-13-08-2025-6G7C4XXAQNFVJMCQ5BJHWJIIZA.php\" target=\"_blank\" rel=\"noreferrer nofollow noopener\">circulant \u00e0 bord d\u2019un buggy<\/a>, a \u00e9t\u00e9 tu\u00e9 par balles, dans la nuit de samedi \u00e0 dimanche dans le centre-ville de Dijon (<a href=\"https:\/\/www.leparisien.fr\/cote-d-or-21\/\" target=\"_blank\" rel=\"noreferrer nofollow noopener\">C\u00f4te-d\u2019Or<\/a>). Son passager, lui, a \u00e9t\u00e9 bless\u00e9, a fait savoir le parquet de la ville \u00e0 l\u2019AFP, ce dimanche matin.<\/p>\n<p class=\"paragraph text_align_left lp-f-body-02\">Les faits se sont d\u00e9roul\u00e9s peu apr\u00e8s minuit, sur une place tr\u00e8s fr\u00e9quent\u00e9e du centre de Dijon, en particulier les nuits de week-end.<\/p>\n<p>Le buggy d\u00e9j\u00e0 rep\u00e9r\u00e9 par les forces de l\u2019ordre<\/p>\n<p class=\"paragraph text_align_left lp-f-body-02\">Deux personnes, circulant en buggy, ont \u00e9t\u00e9 prises pour cible <a href=\"https:\/\/www.leparisien.fr\/faits-divers\/profils-des-victimes-tireur-presume-retrouve-sans-vie-ce-que-lon-sait-sur-les-deux-morts-par-balle-en-cote-dor-01-08-2025-NLGQ45TGOVBSLBPDNSSNQ7POPY.php\" target=\"_blank\" rel=\"noreferrer nofollow noopener\">par des tirs venus d\u2019un scooter qui s\u2019est approch\u00e9 \u00e0 leur hauteur<\/a>, a pr\u00e9cis\u00e9 le parquet de Dijon.<\/p>\n<p class=\"paragraph text_align_left lp-f-body-02\">Le conducteur du buggy, un jeune homme de 23 ans, connu de la justice, est d\u00e9c\u00e9d\u00e9, tandis que le passager de 26 ans, lui, a \u00e9t\u00e9 bless\u00e9. Les auteurs des tirs sont toujours en fuite, a pr\u00e9cis\u00e9 le procureur de la R\u00e9publique Olivier Caracotch. Selon une source proche du dossier, le buggy pris pour cible avait d\u00e9j\u00e0 \u00e9t\u00e9 rep\u00e9r\u00e9 par la police.<\/p>\n<p class=\"lp-card-podcast-highlighting__title  lp-f-subtitle-05\">[2\/6] Jubillar\u00a0: de la disparition au proc\u00e8s, une affaire sans corps ni aveux<\/p>\n<p class=\"lp-card-podcast-highlighting__description lp-f-ui-05\">Crime story raconte chaque semaine les grandes affaires criminelles.<\/p>\n<p><a class=\"lp-card-podcast-highlighting__call-to-action\" data-page-type=\"HP\" data-block-name=\"podcast-highlight\">\u00c9couter<\/a><\/p>\n<p class=\"paragraph text_align_left lp-f-body-02\">Le parquet n\u2019a pas infirm\u00e9 ni confirm\u00e9 les liens \u00e9ventuels avec le trafic de stup\u00e9fiants, renvoyant \u00e0 une conf\u00e9rence de presse qui devait \u00eatre tenue en fin de matin\u00e9e avec le pr\u00e9fet et la maire socialiste de Dijon, Nathalie Koenders.<\/p>\n","protected":false},"excerpt":{"rendered":"Un jeune homme, circulant \u00e0 bord d\u2019un buggy, a \u00e9t\u00e9 tu\u00e9 par balles, dans la nuit de samedi&hellip;\n","protected":false},"author":2,"featured_media":372581,"comment_status":"","ping_status":"","sticky":false,"template":"","format":"standard","meta":{"footnotes":""},"categories":[1888],"tags":[1111,1928,11,1927,459,1777,674,118,1011,27,12,1926,626,1925,25],"class_list":{"0":"post-372580","1":"post","2":"type-post","3":"status-publish","4":"format-standard","5":"has-post-thumbnail","7":"category-paris","8":"tag-actu","9":"tag-actu-paris","10":"tag-actualites","11":"tag-actualites-paris","12":"tag-departements-horsidfo","13":"tag-eu","14":"tag-europe","15":"tag-faits-divers","16":"tag-fr","17":"tag-france","18":"tag-news","19":"tag-news-paris","20":"tag-paris","21":"tag-paris-news","22":"tag-republique-francaise"},"share_on_mastodon":{"url":"https:\/\/pubeurope.com\/@fr\/115162133582482838","error":""},"_links":{"self":[{"href":"https:\/\/www.europesays.com\/fr\/wp-json\/wp\/v2\/posts\/372580","targetHints":{"allow":["GET"]}}],"collection":[{"href":"https:\/\/www.europesays.com\/fr\/wp-json\/wp\/v2\/posts"}],"about":[{"href":"https:\/\/www.europesays.com\/fr\/wp-json\/wp\/v2\/types\/post"}],"author":[{"embeddable":true,"href":"https:\/\/www.europesays.com\/fr\/wp-json\/wp\/v2\/users\/2"}],"replies":[{"embeddable":true,"href":"https:\/\/www.europesays.com\/fr\/wp-json\/wp\/v2\/comments?post=372580"}],"version-history":[{"count":0,"href":"https:\/\/www.europesays.com\/fr\/wp-json\/wp\/v2\/posts\/372580\/revisions"}],"wp:featuredmedia":[{"embeddable":true,"href":"https:\/\/www.europesays.com\/fr\/wp-json\/wp\/v2\/media\/372581"}],"wp:attachment":[{"href":"https:\/\/www.europesays.com\/fr\/wp-json\/wp\/v2\/media?parent=372580"}],"wp:term":[{"taxonomy":"category","embeddable":true,"href":"https:\/\/www.europesays.com\/fr\/wp-json\/wp\/v2\/categories?post=372580"},{"taxonomy":"post_tag","embeddable":true,"href":"https:\/\/www.europesays.com\/fr\/wp-json\/wp\/v2\/tags?post=372580"}],"curies":[{"name":"wp","href":"https:\/\/api.w.org\/{rel}","templated":true}]}}