{"id":372582,"date":"2025-09-07T08:44:12","date_gmt":"2025-09-07T08:44:12","guid":{"rendered":"https:\/\/www.europesays.com\/fr\/372582\/"},"modified":"2025-09-07T08:44:12","modified_gmt":"2025-09-07T08:44:12","slug":"lufc-repart-de-paris-avec-un-nouveau-record-de-billetterie","status":"publish","type":"post","link":"https:\/\/www.europesays.com\/fr\/372582\/","title":{"rendered":"L&rsquo;UFC repart de Paris avec un nouveau record de billetterie"},"content":{"rendered":"<p>MMA \u2013 Nuit magique \u00e0 Paris, les spectateurs repartent avec le sourire, les combattants fran\u00e7ais avec la victoire, et l\u2019UFC avec le pactole.<\/p>\n<p>L\u2019UFC Paris 2025 restera comme <strong>une soir\u00e9e historique pour le MMA fran\u00e7ais<\/strong>. Alors que la carte promettait d\u00e9j\u00e0 un spectacle inoubliable, l\u2019\u00e9v\u00e9nement a \u00e9galement \u00e9t\u00e9 <strong>une belle r\u00e9ussite \u00e9conomique<\/strong>. Pour preuve, selon <a href=\"https:\/\/x.com\/LaSueur_off\/status\/1964462887495471278\" rel=\"nofollow\">Dave Shaw,<\/a> vice-pr\u00e9sident de l\u2019UFC, <strong>la billetterie a rapport\u00e9 exactement 4,331 millions de dollars<\/strong>. Jamais une \u00e9dition parisienne n\u2019avait atteint un tel chiffre. Ce montant d\u00e9passe largement les recettes des pr\u00e9c\u00e9dentes UFC Paris. Une confirmation, s\u2019il en fallait une, de la popularit\u00e9 grandissante du MMA sur le march\u00e9 tricolore. \u00c0 l\u2019Accor Arena, les places s\u2019\u00e9taient arrach\u00e9es d\u00e8s leur mise en vente. Le public a r\u00e9pondu pr\u00e9sent, cr\u00e9ant une atmosph\u00e8re \u00e9lectrique du premier combat jusqu\u2019au main event. D\u00e9sormais, la capitale fran\u00e7aise se positionne comme <strong>l\u2019une des places europ\u00e9ennes les plus lucratives pour l\u2019UFC.<\/strong> En outre, le MMA a d\u00e9finitivement trouv\u00e9 son public en France.<\/p>\n<p><a href=\"https:\/\/www.winamax.fr\/registration\/landing\/la-sueur?banid=73716\" target=\"_blank\" rel=\"noopener nofollow\"><img decoding=\"async\" class=\"aligncenter size-full wp-image-220701\" src=\"data:image\/svg+xml,%3Csvg%20xmlns=\" http:=\"\" alt=\"\" data-lazy-src=\"https:\/\/www.europesays.com\/fr\/wp-content\/uploads\/2025\/08\/Winamax_MMA_Generique_1160x180-5.jpg\"\/><\/a><\/p>\n<p class=\"etiqtitle\" style=\"font-size:18px;text-align:center;color:#fff;\">SUR LE M\u00caME SUJET :<\/p>\n<blockquote class=\"twitter-tweet\" data-width=\"550\" data-dnt=\"true\">\n<p lang=\"fr\" dir=\"ltr\">La billetterie de cet UFC PARIS bat le record de tous les pr\u00e9c\u00e9dents avec \ud835\udfd2,\ud835\udfd1\ud835\udfd1\ud835\udfcf \ud835\udc26\ud835\udc22\ud835\udc25\ud835\udc25\ud835\udc22\ud835\udc28\ud835\udc27\ud835\udc2c de dollars de recettes.<a href=\"https:\/\/twitter.com\/hashtag\/UFCParis?src=hash&amp;ref_src=twsrc%5Etfw\" rel=\"nofollow noopener\" target=\"_blank\">#UFCParis<\/a> | via Dave Shaw <a href=\"https:\/\/t.co\/ZJrQRqWIBP\" rel=\"nofollow\">pic.twitter.com\/ZJrQRqWIBP<\/a><\/p>\n<p>&mdash; La Sueur (@LaSueur_off) <a href=\"https:\/\/twitter.com\/LaSueur_off\/status\/1964462887495471278?ref_src=twsrc%5Etfw\" rel=\"nofollow noopener\" target=\"_blank\">September 6, 2025<\/a><\/p><\/blockquote>\n<p><script async src=\"https:\/\/platform.twitter.com\/widgets.js\" charset=\"utf-8\"><\/script>\n<\/p>\n<p>Une progression spectaculaire ann\u00e9e apr\u00e8s ann\u00e9e<\/p>\n<p>Depuis <strong>la l\u00e9galisation du MMA en 2020<\/strong>, l\u2019UFC a choisi de d\u00e9poser ses valises une fois par an en France. Un pari plus que payant. C<strong>haque \u00e9dition parisienne a battu la pr\u00e9c\u00e9dente en termes de recettes et d\u2019affluence<\/strong>. Toutefois, franchir la barre des 4,3 millions de dollars repr\u00e9sente un cap symbolique. \u00c0 titre de comparaison, certains \u00e9v\u00e9nements am\u00e9ricains de l\u2019UFC ne parviennent pas \u00e0 g\u00e9n\u00e9rer un tel niveau de revenus. Dave Shaw s\u2019est f\u00e9licit\u00e9 de ce r\u00e9sultat exceptionnel et d\u00e9clare que \u00ab <strong>la passion du public fran\u00e7ais, combin\u00e9e \u00e0 une carte spectaculaire, a permis d\u2019atteindre un nouveau sommet <\/strong>\u00bb. Avec cette performance, Paris se hisse d\u00e9sormais parmi les destinations europ\u00e9ennes incontournables pour la ligue. L\u2019organisation ne cache d\u2019ailleurs pas son ambition de revenir chaque ann\u00e9e. Enfin, si la billetterie a autant explos\u00e9, c\u2019est surtout gr\u00e2ce \u00e0 la pr\u00e9sence de figures de proue. <strong>Beno\u00eet Saint-Denis et bien s\u00fbr Nassourdine Imavov<\/strong>, ont port\u00e9 haut les couleurs fran\u00e7aises. En ce 6 septembre 2025, <strong>le MMA fran\u00e7ais vit son \u00e2ge d\u2019or<\/strong>, et <strong>la ville de Paris en est la premi\u00e8re t\u00e9moin<\/strong>.<\/p>\n<p>\t\t\t\t\t\t<script async src=\"https:\/\/platform.twitter.com\/widgets.js\" charset=\"utf-8\"><\/script><\/p>\n","protected":false},"excerpt":{"rendered":"MMA \u2013 Nuit magique \u00e0 Paris, les spectateurs repartent avec le sourire, les combattants fran\u00e7ais avec la victoire,&hellip;\n","protected":false},"author":2,"featured_media":372583,"comment_status":"","ping_status":"","sticky":false,"template":"","format":"standard","meta":{"footnotes":""},"categories":[1888],"tags":[1111,1928,11,1927,1777,674,1011,27,12,1926,626,1925,25,23883],"class_list":{"0":"post-372582","1":"post","2":"type-post","3":"status-publish","4":"format-standard","5":"has-post-thumbnail","7":"category-paris","8":"tag-actu","9":"tag-actu-paris","10":"tag-actualites","11":"tag-actualites-paris","12":"tag-eu","13":"tag-europe","14":"tag-fr","15":"tag-france","16":"tag-news","17":"tag-news-paris","18":"tag-paris","19":"tag-paris-news","20":"tag-republique-francaise","21":"tag-ufc-paris"},"share_on_mastodon":{"url":"https:\/\/pubeurope.com\/@fr\/115162137479717797","error":""},"_links":{"self":[{"href":"https:\/\/www.europesays.com\/fr\/wp-json\/wp\/v2\/posts\/372582","targetHints":{"allow":["GET"]}}],"collection":[{"href":"https:\/\/www.europesays.com\/fr\/wp-json\/wp\/v2\/posts"}],"about":[{"href":"https:\/\/www.europesays.com\/fr\/wp-json\/wp\/v2\/types\/post"}],"author":[{"embeddable":true,"href":"https:\/\/www.europesays.com\/fr\/wp-json\/wp\/v2\/users\/2"}],"replies":[{"embeddable":true,"href":"https:\/\/www.europesays.com\/fr\/wp-json\/wp\/v2\/comments?post=372582"}],"version-history":[{"count":0,"href":"https:\/\/www.europesays.com\/fr\/wp-json\/wp\/v2\/posts\/372582\/revisions"}],"wp:featuredmedia":[{"embeddable":true,"href":"https:\/\/www.europesays.com\/fr\/wp-json\/wp\/v2\/media\/372583"}],"wp:attachment":[{"href":"https:\/\/www.europesays.com\/fr\/wp-json\/wp\/v2\/media?parent=372582"}],"wp:term":[{"taxonomy":"category","embeddable":true,"href":"https:\/\/www.europesays.com\/fr\/wp-json\/wp\/v2\/categories?post=372582"},{"taxonomy":"post_tag","embeddable":true,"href":"https:\/\/www.europesays.com\/fr\/wp-json\/wp\/v2\/tags?post=372582"}],"curies":[{"name":"wp","href":"https:\/\/api.w.org\/{rel}","templated":true}]}}