{"id":372587,"date":"2025-09-07T08:46:13","date_gmt":"2025-09-07T08:46:13","guid":{"rendered":"https:\/\/www.europesays.com\/fr\/372587\/"},"modified":"2025-09-07T08:46:13","modified_gmt":"2025-09-07T08:46:13","slug":"itc-spoiler-les-paris-sont-lances","status":"publish","type":"post","link":"https:\/\/www.europesays.com\/fr\/372587\/","title":{"rendered":"ITC &#8211; [SPOILER] &#8211; Les paris sont lanc\u00e9s !"},"content":{"rendered":"<p id=\"descriptionPanel\" class=\"text-secondary mr-2 line-clamp-2 pr-2.5 overflow-visible\">A l&rsquo;Institut, l&rsquo;arriv\u00e9e de la nouvelle promo signe l&rsquo;ouverture officielle des paris ! Tous les \u00e9l\u00e8ves de seconde ann\u00e9e s&rsquo;amusent \u00e0 parier sur la nouvelle recrue qui deviendra le ou la meilleur(e) de sa promotion. Plusieurs noms sont d\u00e9j\u00e0 sur toutes les bouches : Ninon, Bianca et C\u00e9sar. Qui de Gaspard, Gary, Zo\u00e9 ou Thelma aura vu juste ? Spoiler de l&rsquo;\u00e9pisode 1260 d&rsquo;Ici tout commence. Retrouvez \u00ab\u00a0Ici tout commence\u00a0\u00bb, du lundi au vendredi \u00e0 18h35 sur TF1.<\/p>\n<p>Afficher la version longue du r\u00e9sum\u00e9<a class=\"shrink-0\" href=\"https:\/\/www.tf1.fr\/tf1\/ici-tout-commence\" target=\"_blank\" rel=\"noopener\"><img decoding=\"async\" src=\"https:\/\/www.europesays.com\/fr\/wp-content\/uploads\/2025\/09\/program-card-portrait-1-c205f7-66d7a5-0@1x.jpg\" width=\"138\" height=\"184\" alt=\"\" loading=\"eager\" fetchpriority=\"auto\" class=\"rounded-3px aspect-[3\/4] h-24 w-auto\" aria-hidden=\"true\"\/><\/a><\/p>\n","protected":false},"excerpt":{"rendered":"A l&rsquo;Institut, l&rsquo;arriv\u00e9e de la nouvelle promo signe l&rsquo;ouverture officielle des paris ! Tous les \u00e9l\u00e8ves de seconde&hellip;\n","protected":false},"author":2,"featured_media":372588,"comment_status":"","ping_status":"","sticky":false,"template":"","format":"standard","meta":{"footnotes":""},"categories":[1888],"tags":[11,1777,674,3483,14231,50662,41321,1011,27,14232,50663,12,626,25,41020,50669,50673,50661,50670,50674,50667,50666,50671,50672,41024,50668,50664,50665],"class_list":{"0":"post-372587","1":"post","2":"type-post","3":"status-publish","4":"format-standard","5":"has-post-thumbnail","7":"category-paris","8":"tag-actualites","9":"tag-eu","10":"tag-europe","11":"tag-extrait","12":"tag-extrait-ici-tout-commence","13":"tag-extrait-ici-tout-commence-tf1","14":"tag-extrait-tf1","15":"tag-fr","16":"tag-france","17":"tag-ici-tout-commence-extrait","18":"tag-ici-tout-commence-extrait-tf1","19":"tag-news","20":"tag-paris","21":"tag-republique-francaise","22":"tag-serie-ici-tout-commence","23":"tag-serie-ici-tout-commence-streaming","24":"tag-serie-ici-tout-commence-streaming-gratuit","25":"tag-serie-ici-tout-commence-tf1","26":"tag-serie-ici-tout-commence-tf1-streaming","27":"tag-serie-ici-tout-commence-tf1-streaming-gratuit","28":"tag-serie-ici-tout-commence-tf1-video","29":"tag-serie-ici-tout-commence-video","30":"tag-streaming-gratuit-serie-ici-tout-commence","31":"tag-streaming-gratuit-serie-ici-tout-commence-tf1","32":"tag-streaming-serie-ici-tout-commence","33":"tag-streaming-serie-ici-tout-commence-tf1","34":"tag-video-serie-ici-tout-commence","35":"tag-video-serie-ici-tout-commence-tf1"},"share_on_mastodon":{"url":"","error":"Validation failed: Text character limit of 500 exceeded"},"_links":{"self":[{"href":"https:\/\/www.europesays.com\/fr\/wp-json\/wp\/v2\/posts\/372587","targetHints":{"allow":["GET"]}}],"collection":[{"href":"https:\/\/www.europesays.com\/fr\/wp-json\/wp\/v2\/posts"}],"about":[{"href":"https:\/\/www.europesays.com\/fr\/wp-json\/wp\/v2\/types\/post"}],"author":[{"embeddable":true,"href":"https:\/\/www.europesays.com\/fr\/wp-json\/wp\/v2\/users\/2"}],"replies":[{"embeddable":true,"href":"https:\/\/www.europesays.com\/fr\/wp-json\/wp\/v2\/comments?post=372587"}],"version-history":[{"count":0,"href":"https:\/\/www.europesays.com\/fr\/wp-json\/wp\/v2\/posts\/372587\/revisions"}],"wp:featuredmedia":[{"embeddable":true,"href":"https:\/\/www.europesays.com\/fr\/wp-json\/wp\/v2\/media\/372588"}],"wp:attachment":[{"href":"https:\/\/www.europesays.com\/fr\/wp-json\/wp\/v2\/media?parent=372587"}],"wp:term":[{"taxonomy":"category","embeddable":true,"href":"https:\/\/www.europesays.com\/fr\/wp-json\/wp\/v2\/categories?post=372587"},{"taxonomy":"post_tag","embeddable":true,"href":"https:\/\/www.europesays.com\/fr\/wp-json\/wp\/v2\/tags?post=372587"}],"curies":[{"name":"wp","href":"https:\/\/api.w.org\/{rel}","templated":true}]}}