{"id":372589,"date":"2025-09-07T08:47:10","date_gmt":"2025-09-07T08:47:10","guid":{"rendered":"https:\/\/www.europesays.com\/fr\/372589\/"},"modified":"2025-09-07T08:47:10","modified_gmt":"2025-09-07T08:47:10","slug":"linde-peut-elle-jouer-les-mediateurs-grace-a-sa-proximite-avec-la-russie","status":"publish","type":"post","link":"https:\/\/www.europesays.com\/fr\/372589\/","title":{"rendered":"l&rsquo;Inde peut-elle jouer les m\u00e9diateurs gr\u00e2ce \u00e0 sa proximit\u00e9 avec la Russie?"},"content":{"rendered":"<p class=\"mb-4 text-lg md:leading-8 break-words\">Alors que les relations avec les \u00c9tats-Unis se sont nettement d\u00e9t\u00e9rior\u00e9es, l&rsquo;Inde essaie de se replacer sur la sc\u00e8ne internationale.\u00a0New Delhi tente de faire passer le message, notamment aux Europ\u00e9ens, que sa proximit\u00e9 avec Moscou pourrait \u00eatre utile pour tenter de mettre fin \u00e0 la guerre en Ukraine. En deux semaines, le Premier ministre indien Narendra Modi et le pr\u00e9sident fran\u00e7ais Emmanuel Macron se sont entretenus \u00e0 deux reprises par t\u00e9l\u00e9phone, principalement sur le dossier ukrainien.<\/p>\n<p class=\"mb-4 text-lg md:leading-8 break-words\">Avec notre correspondant \u00e0 Bangalore,\u00a0<strong>C\u00f4me Bastin<\/strong><\/p>\n<p class=\"mb-4 text-lg md:leading-8 break-words\">Selon la presse et les sites gouvernementaux, le pr\u00e9sident fran\u00e7ais Emmanuel Macron aurait \u00e9voqu\u00e9 ce week-end avec le Premier ministre indien\u00a0<strong><a href=\"https:\/\/www.rfi.fr\/fr\/tag\/narendra-damodardas-modi\/\" rel=\"nofollow noopener\" target=\"_blank\" data-ylk=\"slk:Narendra Modi;elm:context_link;itc:0;sec:content-canvas\" class=\"link \">Narendra Modi<\/a><\/strong> l\u2019id\u00e9e de la <strong><a href=\"https:\/\/www.rfi.fr\/fr\/podcasts\/invit\u00e9-international\/20250904-ukraine-r\u00e9union-de-la-coalition-des-volontaires-pour-tester-les-engagements-de-trump\" rel=\"nofollow noopener\" target=\"_blank\" data-ylk=\"slk:coalition des volontaires;elm:context_link;itc:0;sec:content-canvas\" class=\"link \">coalition des volontaires<\/a><\/strong>, une force arm\u00e9e que plusieurs pays europ\u00e9ens souhaitent proposer en cas d\u2019arr\u00eat des hostilit\u00e9s avec Moscou.<\/p>\n<p class=\"mb-4 text-lg md:leading-8 break-words\">Au sommet de Shanghai, Narendra Modi s\u2019est affich\u00e9 tout sourire aux c\u00f4t\u00e9s des pr\u00e9sidents russe\u00a0<strong><a href=\"https:\/\/www.rfi.fr\/fr\/tag\/vladimir-poutine\/\" rel=\"nofollow noopener\" target=\"_blank\" data-ylk=\"slk:Vladimir Poutine;elm:context_link;itc:0;sec:content-canvas\" class=\"link \">Vladimir Poutine<\/a><\/strong> et chinois\u00a0<strong><a href=\"https:\/\/www.rfi.fr\/fr\/tag\/xi-jinping\/\" rel=\"nofollow noopener\" target=\"_blank\" data-ylk=\"slk:Xi Jinping;elm:context_link;itc:0;sec:content-canvas\" class=\"link \">Xi Jinping<\/a><\/strong>. Une image qui a provoqu\u00e9 la col\u00e8re de Donald Trump : le pr\u00e9sident am\u00e9ricain a r\u00e9cemment sanctionn\u00e9 l\u2019Inde avec de lourdes taxes \u00e0 l\u2019export pour ses achats de p\u00e9trole russe, accusant New Delhi d\u2019avoir \u00ab choisi le camp de Moscou et de P\u00e9kin \u00bb.<\/p>\n<p class=\"mb-4 text-lg md:leading-8 break-words\">\u00c0 lire aussi<a href=\"https:\/\/fr.news.yahoo.com\/visite-narendra-modi-%C3%A0-tianjin-124907843.html\" class=\"link  yahoo-link\" data-ylk=\"slk:Visite de Narendra Modi \u00e0 Tianjin: l&#039;amorce d&#039;un repositionnement strat\u00e9gique de l&#039;Inde?;elm:context_link;itc:0;sec:content-canvas;outcm:mb_qualified_link;_E:mb_qualified_link;ct:story;\" target=\"_blank\" rel=\"noopener\">Visite de Narendra Modi \u00e0 Tianjin: l&rsquo;amorce d&rsquo;un repositionnement strat\u00e9gique de l&rsquo;Inde?<\/a><\/p>\n<p>Une opportunit\u00e9 pour l\u2019Europe ?<\/p>\n<p class=\"mb-4 text-lg md:leading-8 break-words\">L\u2019Europe, elle, y voit plut\u00f4t une ouverture : selon New Delhi, son alliance strat\u00e9gique avec la <strong><a href=\"https:\/\/www.rfi.fr\/fr\/tag\/russie\/\" rel=\"nofollow noopener\" target=\"_blank\" data-ylk=\"slk:Russie;elm:context_link;itc:0;sec:content-canvas\" class=\"link \">Russie<\/a><\/strong>, existante depuis la guerre froide,\u00a0lui donnerait la l\u00e9gitimit\u00e9 pour jouer le r\u00f4le de m\u00e9diateur. Les m\u00e9dias indiens rapportent d\u2019ailleurs des contacts r\u00e9cents entre Modi, <strong><a href=\"https:\/\/www.rfi.fr\/fr\/tag\/volodymyr-zelensky\/\" rel=\"nofollow noopener\" target=\"_blank\" data-ylk=\"slk:Volodymyr Zelensky;elm:context_link;itc:0;sec:content-canvas\" class=\"link \">Volodymyr Zelensky<\/a><\/strong> et plusieurs dirigeants europ\u00e9ens, notamment allemands, qui lui auraient demand\u00e9 de s\u2019impliquer davantage pour la paix.<\/p>\n<p class=\"mb-4 text-lg md:leading-8 break-words\">Reste que la marge de man\u0153uvre indienne est \u00e9troite. L\u2019Inde a tout int\u00e9r\u00eat \u00e0 renforcer ses liens avec l\u2019Europe, surtout depuis sa brouille avec Washington. Mais sa proximit\u00e9 historique avec la Russie l\u2019emp\u00eache toujours de critiquer Moscou \u2013 ce qui rend son r\u00f4le potentiel dans la crise ukrainienne encore tr\u00e8s flou. L&rsquo;Inde est \u00e9galement l&rsquo;un des pays fondateurs du groupe Brics, dont les autres piliers historiques sont la Russie, le Br\u00e9sil, la Chine et l&rsquo;Afrique du Sud.<\/p>\n<p class=\"mb-4 text-lg md:leading-8 break-words\">\u00c0 lire aussi<a href=\"https:\/\/www.rfi.fr\/fr\/monde\/20240912-guerre-en-ukraine-l-inde-se-pose-en-m\u00e9diatrice-du-conflit-entre-moscou-et-kiev\" class=\"link \" rel=\"nofollow noopener\" target=\"_blank\" data-ylk=\"slk:Guerre en Ukraine: l&#039;Inde se pose en m\u00e9diatrice du conflit entre Moscou et Kiev;elm:context_link;itc:0;sec:content-canvas\">Guerre en Ukraine: l&rsquo;Inde se pose en m\u00e9diatrice du conflit entre Moscou et Kiev<\/a><\/p>\n","protected":false},"excerpt":{"rendered":"Alors que les relations avec les \u00c9tats-Unis se sont nettement d\u00e9t\u00e9rior\u00e9es, l&rsquo;Inde essaie de se replacer sur la&hellip;\n","protected":false},"author":2,"featured_media":372590,"comment_status":"","ping_status":"","sticky":false,"template":"","format":"standard","meta":{"footnotes":""},"categories":[1591],"tags":[11,1887,49930,1916,18611,19118,12,9962,47561,1885,1886,132],"class_list":{"0":"post-372589","1":"post","2":"type-post","3":"status-publish","4":"format-standard","5":"has-post-thumbnail","7":"category-russie","8":"tag-actualites","9":"tag-federation-de-russie","10":"tag-linde-2","11":"tag-moscou","12":"tag-narendra-modi","13":"tag-new-delhi","14":"tag-news","15":"tag-president-francais","16":"tag-presidents-russe","17":"tag-russia","18":"tag-russian-federation","19":"tag-russie"},"share_on_mastodon":{"url":"https:\/\/pubeurope.com\/@fr\/115162149335420125","error":""},"_links":{"self":[{"href":"https:\/\/www.europesays.com\/fr\/wp-json\/wp\/v2\/posts\/372589","targetHints":{"allow":["GET"]}}],"collection":[{"href":"https:\/\/www.europesays.com\/fr\/wp-json\/wp\/v2\/posts"}],"about":[{"href":"https:\/\/www.europesays.com\/fr\/wp-json\/wp\/v2\/types\/post"}],"author":[{"embeddable":true,"href":"https:\/\/www.europesays.com\/fr\/wp-json\/wp\/v2\/users\/2"}],"replies":[{"embeddable":true,"href":"https:\/\/www.europesays.com\/fr\/wp-json\/wp\/v2\/comments?post=372589"}],"version-history":[{"count":0,"href":"https:\/\/www.europesays.com\/fr\/wp-json\/wp\/v2\/posts\/372589\/revisions"}],"wp:featuredmedia":[{"embeddable":true,"href":"https:\/\/www.europesays.com\/fr\/wp-json\/wp\/v2\/media\/372590"}],"wp:attachment":[{"href":"https:\/\/www.europesays.com\/fr\/wp-json\/wp\/v2\/media?parent=372589"}],"wp:term":[{"taxonomy":"category","embeddable":true,"href":"https:\/\/www.europesays.com\/fr\/wp-json\/wp\/v2\/categories?post=372589"},{"taxonomy":"post_tag","embeddable":true,"href":"https:\/\/www.europesays.com\/fr\/wp-json\/wp\/v2\/tags?post=372589"}],"curies":[{"name":"wp","href":"https:\/\/api.w.org\/{rel}","templated":true}]}}