{"id":372595,"date":"2025-09-07T08:50:15","date_gmt":"2025-09-07T08:50:15","guid":{"rendered":"https:\/\/www.europesays.com\/fr\/372595\/"},"modified":"2025-09-07T08:50:15","modified_gmt":"2025-09-07T08:50:15","slug":"royaume-uni-un-musee-de-bournemouth-reporte-une-exposition-sur-la-vie-juive-pour-des-raisons-de-securite","status":"publish","type":"post","link":"https:\/\/www.europesays.com\/fr\/372595\/","title":{"rendered":"Royaume-Uni : Un Mus\u00e9e De Bournemouth Reporte Une Exposition Sur La Vie Juive Pour Des Raisons De S\u00e9curit\u00e9"},"content":{"rendered":"<p class=\"\" data-is=\"component-paragraph\">Le Russell-Cotes Museum de Bournemouth, sur la c\u00f4te sud de l\u2019Angleterre, a annonc\u00e9 le report d\u2019une exposition consacr\u00e9e \u00e0 l\u2019histoire de la communaut\u00e9 juive locale, initialement pr\u00e9vue pour novembre, invoquant des \u00ab\u00a0risques potentiels\u00a0\u00bb dans un \u00ab\u00a0contexte sensible\u00a0\u00bb.<\/p>\n<p class=\"\" data-is=\"component-paragraph\">L\u2019exposition devait retracer plus d\u2019un si\u00e8cle de vie juive dans cette station baln\u00e9aire britannique, couvrant la p\u00e9riode 1880-2020. Mais, apr\u00e8s une \u00e9valuation des menaces, la direction du mus\u00e9e a pr\u00e9f\u00e9r\u00e9 diff\u00e9rer l\u2019\u00e9v\u00e9nement. \u00ab\u00a0Nous reconnaissons que cette p\u00e9riode est particuli\u00e8rement sensible et, compte tenu des exigences li\u00e9es \u00e0 cette exposition, nous avons pris la d\u00e9cision de la reporter\u00a0\u00bb, a d\u00e9clar\u00e9 l\u2019\u00e9tablissement, pr\u00e9cisant qu\u2019il travaille avec les organisateurs pour fixer une nouvelle date.<\/p>\n<p class=\"\" data-is=\"component-paragraph\">Le mus\u00e9e, qui abrite une importante collection d\u2019\u0153uvres d\u2019art et d\u2019objets patrimoniaux, affirme accorder une attention particuli\u00e8re \u00e0 la s\u00e9curit\u00e9 lors de la pr\u00e9paration de ses expositions.<\/p>\n<p class=\"\" data-is=\"component-paragraph\">Cette d\u00e9cision intervient dans un climat marqu\u00e9 par une recrudescence des actes antis\u00e9mites au Royaume-Uni. Selon la Community Security Trust (CST), une organisation charg\u00e9e de la protection des communaut\u00e9s juives britanniques, le nombre d\u2019incidents recens\u00e9s au premier semestre 2025 a atteint un niveau proche des records historiques.<\/p>\n","protected":false},"excerpt":{"rendered":"Le Russell-Cotes Museum de Bournemouth, sur la c\u00f4te sud de l\u2019Angleterre, a annonc\u00e9 le report d\u2019une exposition consacr\u00e9e&hellip;\n","protected":false},"author":2,"featured_media":372596,"comment_status":"","ping_status":"","sticky":false,"template":"","format":"standard","meta":{"footnotes":""},"categories":[1588],"tags":[11,1777,674,12,473,1853,1851,1850,1852],"class_list":{"0":"post-372595","1":"post","2":"type-post","3":"status-publish","4":"format-standard","5":"has-post-thumbnail","7":"category-royaume-uni","8":"tag-actualites","9":"tag-eu","10":"tag-europe","11":"tag-news","12":"tag-royaume-uni","13":"tag-royaume-uni-de-grande-bretagne-et-dirlande-du-nord","14":"tag-uk","15":"tag-united-kingdom","16":"tag-united-kingdom-of-great-britain-and-northern-ireland"},"share_on_mastodon":{"url":"https:\/\/pubeurope.com\/@fr\/115162161266518606","error":""},"_links":{"self":[{"href":"https:\/\/www.europesays.com\/fr\/wp-json\/wp\/v2\/posts\/372595","targetHints":{"allow":["GET"]}}],"collection":[{"href":"https:\/\/www.europesays.com\/fr\/wp-json\/wp\/v2\/posts"}],"about":[{"href":"https:\/\/www.europesays.com\/fr\/wp-json\/wp\/v2\/types\/post"}],"author":[{"embeddable":true,"href":"https:\/\/www.europesays.com\/fr\/wp-json\/wp\/v2\/users\/2"}],"replies":[{"embeddable":true,"href":"https:\/\/www.europesays.com\/fr\/wp-json\/wp\/v2\/comments?post=372595"}],"version-history":[{"count":0,"href":"https:\/\/www.europesays.com\/fr\/wp-json\/wp\/v2\/posts\/372595\/revisions"}],"wp:featuredmedia":[{"embeddable":true,"href":"https:\/\/www.europesays.com\/fr\/wp-json\/wp\/v2\/media\/372596"}],"wp:attachment":[{"href":"https:\/\/www.europesays.com\/fr\/wp-json\/wp\/v2\/media?parent=372595"}],"wp:term":[{"taxonomy":"category","embeddable":true,"href":"https:\/\/www.europesays.com\/fr\/wp-json\/wp\/v2\/categories?post=372595"},{"taxonomy":"post_tag","embeddable":true,"href":"https:\/\/www.europesays.com\/fr\/wp-json\/wp\/v2\/tags?post=372595"}],"curies":[{"name":"wp","href":"https:\/\/api.w.org\/{rel}","templated":true}]}}