{"id":372603,"date":"2025-09-07T08:54:08","date_gmt":"2025-09-07T08:54:08","guid":{"rendered":"https:\/\/www.europesays.com\/fr\/372603\/"},"modified":"2025-09-07T08:54:08","modified_gmt":"2025-09-07T08:54:08","slug":"en-direct-gaza-larmee-israelienne-fait-etat-de-deux-projectiles-tires-depuis-gaza-vers-israel-le-monde-fr","status":"publish","type":"post","link":"https:\/\/www.europesays.com\/fr\/372603\/","title":{"rendered":"En direct, Gaza : l\u2019arm\u00e9e isra\u00e9lienne fait \u00e9tat de deux projectiles tir\u00e9s depuis Gaza vers Isra\u00ebl &#8211; Le Monde.fr"},"content":{"rendered":"<ol>\n<li><a href=\"https:\/\/news.google.com\/rss\/articles\/CBMi-AFBVV95cUxNVF9KZERTdUY1S0MzazIwS2MxU3ZpalA4UkNnSUVuRmJ1dGFhNDRiTTNnS2Z3eGJhb0g0MFpHU2tZZkRXTEd3S3Jhc2RPT2Y1VzZZeUw5WGpXTHRReW91ZFo1aGQ4eFAxMExydlBPeVhSMjZjUm9FTEVldy11anlLSUctZ3JfUTlJMDZ0V0hhRThnSXZMQVBDd0N4OGl0VXZuS2hLOV9MOTJ6SjV1dERPUGRsaGZjckE0eG1na3lWRlJaM2pLUnpfcl9VQ2k4aXJzY2VJeUk4b0haR0tSbHFkUFdLVEpnUHZCdWdqY1lyYmNvODMyZk80OA?oc=5\" target=\"_blank\" rel=\"nofollow noopener\">En direct, Gaza : l\u2019arm\u00e9e isra\u00e9lienne fait \u00e9tat de deux projectiles tir\u00e9s depuis Gaza vers Isra\u00ebl<\/a>&nbsp;&nbsp;Le Monde.fr<\/li>\n<li><a href=\"https:\/\/news.google.com\/rss\/articles\/CBMiuwJBVV95cUxNclVEZXdrS2g3a3pZbHV5dWJNcWhWckU2a0I2LVNBbElYZ0Z4Q1NzYkpsbE5RNlhuQ25hbDRxNzdHaDM4UGoyVGE2bkR2TndvWG1BS25LcUtnYXk1M2JaUlZ3OFk0Z3ROclNkajk1LWxZOU9LNkNCZUR5QmNDT1MtWVE0aEpmcWp1Q2FGcGlfSWcwbFMydG9uVURMZk1QVHFuY3BjYkZJZjg5WVliYnZoNDlCLU5CVmtpbkM0YXV0cF9zbGxkZzE3WjVoSnJxWkNTYVFybkxFRW41ZXpwbm80TGpLcWZENWVpb2ZudTlXZDM0X2ZvOW9WSVpGXzRXQUlnUndqRXpGTDFPOEYyNGQ3YmtZN00zeklIRUk1cU4teVQ4MnVSRFdQejUxMkYtU0dCbWpnMlRQdVE0UWs?oc=5\" target=\"_blank\" rel=\"nofollow noopener\">En direct, Gaza : Isra\u00ebl a d\u00e9truit une deuxi\u00e8me tour de la ville de Gaza ; 68 morts en vingt-quatre heures, selon le minist\u00e8re de la sant\u00e9 palestinien<\/a>&nbsp;&nbsp;Le Monde.fr<\/li>\n<li><a href=\"https:\/\/news.google.com\/rss\/articles\/CBMikAJBVV95cUxPbzh1STBzRTJsVmNlVEtGcVYyRW5QeHpzOHZrZ3B2YnlKOVlfb2RSTW9iZFVPamNuY2hPb3Q5anpQZXRtVHh5Y0huVm1hX2NnaEVDZ1pTR0l6WjRvOWVQSjRocFBJMTdtSWxIaGxvQ2FKMnJtYWROdGVEeV8wQ0pOcHFGb3QxTlJqaDU1MzZEUm5kREFmN3N1OEgyOVVtSzlXX3QzSC13Q3ZlSHgyUG5qSFRCS3VuMFVFdWk0R0cyZkRzcjhLR00wdF9KdE44MFV1QkNuUnFZbXpST2o2YXUySTM4NXlGdnY3cXBtVjNfRnJnR3I2aXBiUUxNeFJERUlYNm1OUlZiaWRUTVcxWGJsMw?oc=5\" target=\"_blank\" rel=\"nofollow noopener\">Guerre \u00e0 Gaza : deux projectiles tir\u00e9s depuis le territoire palestinien, selon l\u2019arm\u00e9e isra\u00e9lienne<\/a>&nbsp;&nbsp;Le Parisien<\/li>\n<li><a href=\"https:\/\/news.google.com\/rss\/articles\/CBMiwwFBVV95cUxNZDE4a2VvMEZSSkF3S1F3d1ZkVDVhQklvckYzM3Q4aVpzdHktQkI1Njh3TFN2ZlJFOWp6TDJwZkQ5NUNidUhpZWxETVBEX1Q4TUdlaFo4X1g5TjVHanN5dXFub0tpNWpTaU9UR3Jtb1l4dVNlYWNjc1plUlhXak5QSExyYURTOGZ6WEEzakNVaVZMOTNPTzRIMTlpaHVmR2tMVjVVaU9lQmJZQWFJSUYtWjd5a0U3X19KOXQ2SXBnVTFLZjg?oc=5\" target=\"_blank\" rel=\"nofollow noopener\">LIVEBLOG | Sud-Liban : Frappe Isra\u00e9lienne Signal\u00e9e Sur Un Camion Pr\u00e8s De Tyr<\/a>&nbsp;&nbsp;i24NEWS<\/li>\n<li><a href=\"https:\/\/news.google.com\/rss\/articles\/CBMikwJBVV95cUxPQW1zaHdlU2ZSU2p6bXRpd2xOM2tRWlhZOEdaR2NKcUNUWDhGMGRIRm5ra2pnSmpqVXdOeUpyb29CN1FOQUMyY2xsYXRjNlhhN0ZWZ1ZHekZHZWVSWTZlUUFVMGdtbE9EZmlfSEV2T00xRnJOQ1huRjBqR1BjMC1LTDdWVGpfZE1rdjFpWUFWUno5NDVCVEljVUhzWEJsYVlfelNwNVVDcUtTRU1ONkJsN1VuVk43THVRWlZ5cTNhR25rNGJkNWtZSmczQWxVczV6ZXBCbjRtVTFZX0hnMjRJbmJFSkx3dFd2NVVlZGFVN3lMRGROSFhGUUwzMXhuTWRLMzlVSjg1MTl0LURPNElSb1dkOA?oc=5\" target=\"_blank\" rel=\"nofollow noopener\">\u00ab\u00a0La situation est catastrophique\u00a0\u00bb: l&rsquo;arm\u00e9e isra\u00e9lienne intensifie les bombardements dans la bande de Gaza<\/a>&nbsp;&nbsp;BFMTV<\/li>\n<\/ol>\n","protected":false},"excerpt":{"rendered":"En direct, Gaza : l\u2019arm\u00e9e isra\u00e9lienne fait \u00e9tat de deux projectiles tir\u00e9s depuis Gaza vers Isra\u00ebl&nbsp;&nbsp;Le Monde.fr En&hellip;\n","protected":false},"author":2,"featured_media":1445,"comment_status":"","ping_status":"","sticky":false,"template":"","format":"standard","meta":{"footnotes":""},"categories":[2],"tags":[11,1011,27,12,25],"class_list":{"0":"post-372603","1":"post","2":"type-post","3":"status-publish","4":"format-standard","5":"has-post-thumbnail","7":"category-actualites","8":"tag-actualites","9":"tag-fr","10":"tag-france","11":"tag-news","12":"tag-republique-francaise"},"share_on_mastodon":{"url":"https:\/\/pubeurope.com\/@fr\/115162176800205297","error":""},"_links":{"self":[{"href":"https:\/\/www.europesays.com\/fr\/wp-json\/wp\/v2\/posts\/372603","targetHints":{"allow":["GET"]}}],"collection":[{"href":"https:\/\/www.europesays.com\/fr\/wp-json\/wp\/v2\/posts"}],"about":[{"href":"https:\/\/www.europesays.com\/fr\/wp-json\/wp\/v2\/types\/post"}],"author":[{"embeddable":true,"href":"https:\/\/www.europesays.com\/fr\/wp-json\/wp\/v2\/users\/2"}],"replies":[{"embeddable":true,"href":"https:\/\/www.europesays.com\/fr\/wp-json\/wp\/v2\/comments?post=372603"}],"version-history":[{"count":0,"href":"https:\/\/www.europesays.com\/fr\/wp-json\/wp\/v2\/posts\/372603\/revisions"}],"wp:featuredmedia":[{"embeddable":true,"href":"https:\/\/www.europesays.com\/fr\/wp-json\/wp\/v2\/media\/1445"}],"wp:attachment":[{"href":"https:\/\/www.europesays.com\/fr\/wp-json\/wp\/v2\/media?parent=372603"}],"wp:term":[{"taxonomy":"category","embeddable":true,"href":"https:\/\/www.europesays.com\/fr\/wp-json\/wp\/v2\/categories?post=372603"},{"taxonomy":"post_tag","embeddable":true,"href":"https:\/\/www.europesays.com\/fr\/wp-json\/wp\/v2\/tags?post=372603"}],"curies":[{"name":"wp","href":"https:\/\/api.w.org\/{rel}","templated":true}]}}