{"id":372604,"date":"2025-09-07T08:55:10","date_gmt":"2025-09-07T08:55:10","guid":{"rendered":"https:\/\/www.europesays.com\/fr\/372604\/"},"modified":"2025-09-07T08:55:10","modified_gmt":"2025-09-07T08:55:10","slug":"le-siege-du-gouvernement-touche-a-kiev-apres-une-attaque-aerienne-massive-de-larmee-russe","status":"publish","type":"post","link":"https:\/\/www.europesays.com\/fr\/372604\/","title":{"rendered":"le si\u00e8ge du gouvernement touch\u00e9 \u00e0 Kiev, apr\u00e8s une attaque a\u00e9rienne massive de l\u2019arm\u00e9e russe"},"content":{"rendered":"<p>   Plusieurs unit\u00e9s de l\u2019arm\u00e9e russe utilisent des grenades chimiques             <\/p>\n<p class=\"post__live-container--answer-text post__space-node\">Selon une enqu\u00eate de <a href=\"https:\/\/www.radiosvoboda.org\/a\/news-skhemy-pidrozdily-rf-khimichna-zbroya-identyfikatsiya\/33522638.html\" target=\"_blank\" rel=\"noopener nofollow\" title=\"Nouvelle fen\u00eatre\">Sch\u00e9mas<\/a>, projet d\u2019enqu\u00eate et d\u2019analyse journalistique de la r\u00e9daction ukrainienne de <a href=\"https:\/\/www.radiosvoboda.org\/a\/skhemy-rosiya-khimichna-zbroya-rhvo\/33521904.html\" target=\"_blank\" rel=\"noopener nofollow\" title=\"Nouvelle fen\u00eatre\">Radio Free Europe-Radio Liberty<\/a>, plusieurs unit\u00e9s russes utiliseraient des grenades chimiques RG-Vo (gaz lacrymog\u00e8ne), en violation des conventions internationales. Parmi elles figurent les 114\u1d49 et 136\u1d49 brigades de fusiliers motoris\u00e9s, certaines unit\u00e9s de drones, ainsi que la garde nationale russe.<\/p>\n<p class=\"post__live-container--answer-text post__space-node\">Des vid\u00e9os diffus\u00e9es par les m\u00e9dias d\u2019Etat russes et des correspondances internes obtenues par le service de s\u00e9curit\u00e9 d\u2019Ukraine (SBU) sugg\u00e8rent que ces unit\u00e9s ont d\u00e9j\u00e0 employ\u00e9 ce type de grenades et en ont command\u00e9 de nouveaux lots en\u00a02025.<\/p>\n<p class=\"post__live-container--answer-text post__space-node\">L\u2019Ukraine a demand\u00e9 en juillet \u00e0 <a href=\"https:\/\/www.lemonde.fr\/international\/live\/2025\/07\/13\/en-direct-guerre-en-ukraine-les-dernieres-informations-sur-les-frappes-russes_6619192_3210.html?#id-2463129\" rel=\"nofollow noopener\" target=\"_blank\">l\u2019Organisation pour l\u2019interdiction des armes chimiques<\/a> (OIAC) d\u2019enqu\u00eater sur l\u2019utilisation pr\u00e9sum\u00e9e par la Russie d\u2019agents chimiques interdits dans sa guerre contre Kiev. Cette demande fait suite aux rapports des agences de renseignement n\u00e9erlandaise et allemande, qui ont rapport\u00e9 vendredi avoir des preuves de l\u2019utilisation g\u00e9n\u00e9ralis\u00e9e par Moscou d\u2019armes chimiques en Ukraine.<\/p>\n<p class=\"post__live-container--answer-text post__space-node\">L\u2019Institut de chimie appliqu\u00e9e, qui fabrique les RG-Vo, est identifi\u00e9 comme fournisseur de la garde nationale et d\u2019un terrain d\u2019entra\u00eenement militaire chimique situ\u00e9 dans l\u2019oblast de Saratov. L\u2019institut continue de recevoir des composants pour ces grenades de la part de soci\u00e9t\u00e9s russes non encore sanctionn\u00e9es par l\u2019Occident.<\/p>\n<p class=\"post__live-container--answer-text post__space-node\">L\u2019utilisation de substances toxiques est pourtant interdite par la Convention sur les armes chimiques et par la Convention de Gen\u00e8ve. L\u2019arm\u00e9e ukrainienne affirme que la Russie a d\u00e9j\u00e0 eu recours \u00e0 de telles armes \u00e0 plusieurs reprises.<\/p>\n<p class=\"post__live-container--answer-text post__space-node\">En mai\u00a02025, l\u2019Union europ\u00e9enne a sanctionn\u00e9 trois unit\u00e9s russes li\u00e9es \u00e0 ces pratiques. Deux mois plus tard, la cheffe de la diplomatie europ\u00e9enne, Kaja Kallas, a accus\u00e9 Moscou d\u2019intensifier l\u2019usage d\u2019armes chimiques pour tenter de contraindre l\u2019Ukraine \u00e0 capituler.<\/p>\n","protected":false},"excerpt":{"rendered":"Plusieurs unit\u00e9s de l\u2019arm\u00e9e russe utilisent des grenades chimiques Selon une enqu\u00eate de Sch\u00e9mas, projet d\u2019enqu\u00eate et d\u2019analyse&hellip;\n","protected":false},"author":2,"featured_media":372605,"comment_status":"","ping_status":"","sticky":false,"template":"","format":"standard","meta":{"footnotes":""},"categories":[2],"tags":[11,1011,27,12,25],"class_list":{"0":"post-372604","1":"post","2":"type-post","3":"status-publish","4":"format-standard","5":"has-post-thumbnail","7":"category-actualites","8":"tag-actualites","9":"tag-fr","10":"tag-france","11":"tag-news","12":"tag-republique-francaise"},"share_on_mastodon":{"url":"https:\/\/pubeurope.com\/@fr\/115162180773500892","error":""},"_links":{"self":[{"href":"https:\/\/www.europesays.com\/fr\/wp-json\/wp\/v2\/posts\/372604","targetHints":{"allow":["GET"]}}],"collection":[{"href":"https:\/\/www.europesays.com\/fr\/wp-json\/wp\/v2\/posts"}],"about":[{"href":"https:\/\/www.europesays.com\/fr\/wp-json\/wp\/v2\/types\/post"}],"author":[{"embeddable":true,"href":"https:\/\/www.europesays.com\/fr\/wp-json\/wp\/v2\/users\/2"}],"replies":[{"embeddable":true,"href":"https:\/\/www.europesays.com\/fr\/wp-json\/wp\/v2\/comments?post=372604"}],"version-history":[{"count":0,"href":"https:\/\/www.europesays.com\/fr\/wp-json\/wp\/v2\/posts\/372604\/revisions"}],"wp:featuredmedia":[{"embeddable":true,"href":"https:\/\/www.europesays.com\/fr\/wp-json\/wp\/v2\/media\/372605"}],"wp:attachment":[{"href":"https:\/\/www.europesays.com\/fr\/wp-json\/wp\/v2\/media?parent=372604"}],"wp:term":[{"taxonomy":"category","embeddable":true,"href":"https:\/\/www.europesays.com\/fr\/wp-json\/wp\/v2\/categories?post=372604"},{"taxonomy":"post_tag","embeddable":true,"href":"https:\/\/www.europesays.com\/fr\/wp-json\/wp\/v2\/tags?post=372604"}],"curies":[{"name":"wp","href":"https:\/\/api.w.org\/{rel}","templated":true}]}}