{"id":372606,"date":"2025-09-07T08:56:10","date_gmt":"2025-09-07T08:56:10","guid":{"rendered":"https:\/\/www.europesays.com\/fr\/372606\/"},"modified":"2025-09-07T08:56:10","modified_gmt":"2025-09-07T08:56:10","slug":"a-quelle-heure-et-comment-observer-la-lune-de-sang","status":"publish","type":"post","link":"https:\/\/www.europesays.com\/fr\/372606\/","title":{"rendered":"\u00e0 quelle heure et comment observer la lune de sang\u00a0?"},"content":{"rendered":"<p class=\"app_entry_lead\">\n<p>                Ce dimanche 7\u00a0septembre au soir, le ciel de France sera le th\u00e9\u00e2tre d&rsquo;une \u00e9clipse de Lune totale doubl\u00e9e d&rsquo;une Lune de sang. Voici les horaires d&rsquo;observation selon votre ville ainsi que les conditions pour une meilleure visibilit\u00e9.<\/p>\n<p>Place \u00e0 un spectacle rarissime dans le ciel\u00a0ce dimanche soir : une \u00e9clipse lunaire totale\u00a0sera visible en partie dans le ciel de France.\u00a0C&rsquo;est un ph\u00e9nom\u00e8ne qui se produit lorsque la Terre se situe tr\u00e8s exactement entre le <a href=\"https:\/\/www.linternaute.fr\/sortir\/guide-des-loisirs\/2626087-soleil-composition-observation-tout-savoir-sur-notre-etoile\/\" title=\"Soleil\" rel=\"nofollow noopener\" target=\"_blank\">Soleil<\/a> et la Lune et n&rsquo;a lieu que lors de la\u00a0pleine\u00a0Lune. Si l&rsquo;\u00e9clipse\u00a0totale commence\u00a0\u00e0 partir de 19h30, lorsque la <a href=\"https:\/\/www.linternaute.fr\/sortir\/guide-des-loisirs\/2625807-lune-phases-caracteristiques-distance-de-la-terre\/\" title=\"Lune rose\" rel=\"nofollow noopener\" target=\"_blank\">Lune<\/a> p\u00e9n\u00e8tre totalement dans l&rsquo;ombre de la Terre, elle\u00a0ne sera visible qu&rsquo;au moment du lever de Lune qui se produira \u00e0 des horaires diff\u00e9rents selon votre\u00a0r\u00e9gion : plus vous serez \u00e0 l&rsquo;est et plus vous aurez la chance de voir le pic de l&rsquo;\u00e9clipse, pr\u00e9vu \u00e0 20h11. En effet, la Lune se l\u00e8vera plus t\u00f4t \u00e0 l&rsquo;est (19h54 pour Nice, 20h03 pour Metz et 20h11 pour Marseille). Les r\u00e9gions situ\u00e9es \u00e0 l&rsquo;ouest assisteront \u00e0 la fin de l&rsquo;\u00e9clipse lunaire avec un Lever de lune pr\u00e9vu \u00e0 20h17 pour Toulouse, 20h34 pour Rennes et 20h46 pour Brest. Les Parisiens pourront quant \u00e0 eux observer l&rsquo;\u00e9clipse qu&rsquo;\u00e0 partir de 20h19, si la m\u00e9t\u00e9o le permet (ce qui n&rsquo;est pas gagn\u00e9).<\/p>\n<p>Ce qui est inhabituel, c&rsquo;est que pendant cette \u00e9clipse, la Lune sera rouge, ce que l&rsquo;on appelle le ph\u00e9nom\u00e8ne de\u00a0\u00ab\u00a0Lune de sang\u00a0\u00bb ou \u00ab\u00a0Lune rousse\u00a0\u00bb. Cette couleur est une cons\u00e9quence de l&rsquo;absence de rayons du Soleil. Des rayons rouges filtr\u00e9s par l&rsquo;atmosph\u00e8re de la Terre seront renvoy\u00e9s vers la Lune, comme lors des couchers et des levers de Soleil que l&rsquo;on admire. Pour l&rsquo;observer au mieux \u00e0 l&rsquo;\u0153il nu, le ciel doit \u00eatre d\u00e9gag\u00e9 et d\u00e9pourvu de pollution lumineuse. Des lunettes astronomiques, un t\u00e9lescope ou des jumelles permettront d&rsquo;observer en d\u00e9tail les nuances de la Lune.\u00a0Le spectacle se terminera \u00e0\u00a021h56 avec la sortie de la Lune de l&rsquo;ombre de la Terre.<\/p>\n<p>Derni\u00e8res mises \u00e0 jour<\/p>\n<p><a name=\"post1757231429\"\/>09:50 &#8211; Eclipse lunaire \u00e0 Paris : que voir et \u00e0 quelle heure ce dimanche soir ?<\/p>\n<p>L&rsquo;\u00e9clipse lunaire de ce dimanche soir ne sera visible qu&rsquo;au Lever de Lune dans le ciel.\u00a0La Lune se l\u00e8vera \u00e0 environ 20h19 sur la capitale, apr\u00e8s le maximum de la phase totale qui se sera produit\u00a0\u00e0 20h11. Les Parisiens ne verront ni le d\u00e9but ni le maximum de l&rsquo;\u00e9clipse, mais auront la possibilit\u00e9\u00a0d&rsquo;observer la fin de la totalit\u00e9 et la sortie de l&rsquo;ombre de 20h52 \u00e0 21h56, si la m\u00e9t\u00e9o le permet bien entendu&#8230;<\/p>\n<p><a name=\"post1757224802\"\/>08:00 &#8211; Quelle r\u00e9gion de France pourra observer la Lune de Sang \u00e0 l&rsquo;occasion de l&rsquo;\u00e9clipse lunaire ?<\/p>\n<p>L&rsquo;heure du Lever de Lune n&rsquo;est pas la m\u00eame selon les r\u00e9gions. Plus on sera \u00e0 l&rsquo;est de la France et plus on pourra profiter du spectacle de l&rsquo;\u00e9clipse lunaire dans la soir\u00e9e du dimanche 7 septembre 2025. Les r\u00e9gions les plus \u00e0 l&rsquo;est de la France, pour qui la Lune se l\u00e8ve plus t\u00f4t, auront plus de temps pour observer l&rsquo;\u00e9clipse de Lune totale qui aura d\u00e9marr\u00e9 \u00e0 19h30. Le moment du Lever de Lune \u00e0 l&rsquo;est de la France se produira juste apr\u00e8s le pic de l&rsquo;\u00e9clipse totale qui a lieu \u00e0 20h11, ce qui signifie que des r\u00e9gions comme la Corse, l&rsquo;Alsace ou la C\u00f4te d&rsquo;Azur auront plus de chance d&rsquo;observer la fin de la totalit\u00e9 de l&rsquo;\u00e9clipse avec son ph\u00e9nom\u00e8ne de \u00ab\u00a0Lune de Sang\u00a0\u00bb, lorsque la Lune prendra une teinte rouge\u00e2tre.<\/p>\n<p><a name=\"post1757221649\"\/>07:07 &#8211; Quel est le d\u00e9roul\u00e9, heure apr\u00e8s heure, de l&rsquo;\u00e9clipse lunaire ?<\/p>\n<p>Selon l&rsquo;Observatoire de Paris, les\u00a0principaux \u00e9v\u00e9nements de l\u2019\u00e9clipse de Lune de ce dimanche\u00a07 septembre 2025 vont se d\u00e9rouler comme suit ci-dessous. Il est \u00e0 noter que les Fran\u00e7ais ne pourront observer l&rsquo;\u00e9v\u00e9nement qu&rsquo;au Lever de Lune qui se produira entre 19h54 (Nice) et 20h46 (Brest) selon la r\u00e9gion.<\/p>\n<ul>&#13;<\/p>\n<li>17h28 : entr\u00e9e dans la p\u00e9nombre de la terre<\/li>\n<p>&#13;<\/p>\n<li>18h27\u00a0: entr\u00e9e dans l\u2019ombre de la Terre<\/li>\n<p>&#13;<\/p>\n<li>19h30 : d\u00e9but de l&rsquo;\u00e9clipse totale (totalement dans l&rsquo;ombre)<\/li>\n<p>&#13;<\/p>\n<li>20h11 : maximum de l&rsquo;\u00e9clipse totale<\/li>\n<p>&#13;<\/p>\n<li>20h52 :\u00a0d\u00e9but de la sortie de l\u2019ombre de la Terre<\/li>\n<p>&#13;<\/p>\n<li>21h56 :\u00a0fin de la sortie de l\u2019ombre de la Terre<\/li>\n<p>&#13;<\/p>\n<li>22h55 : sortie de la p\u00e9nombre<\/li>\n<p>&#13;\n<\/ul>\n","protected":false},"excerpt":{"rendered":"Ce dimanche 7\u00a0septembre au soir, le ciel de France sera le th\u00e9\u00e2tre d&rsquo;une \u00e9clipse de Lune totale doubl\u00e9e&hellip;\n","protected":false},"author":2,"featured_media":372607,"comment_status":"","ping_status":"","sticky":false,"template":"","format":"standard","meta":{"footnotes":""},"categories":[4],"tags":[11,1011,27,12,25],"class_list":{"0":"post-372606","1":"post","2":"type-post","3":"status-publish","4":"format-standard","5":"has-post-thumbnail","7":"category-france","8":"tag-actualites","9":"tag-fr","10":"tag-france","11":"tag-news","12":"tag-republique-francaise"},"share_on_mastodon":{"url":"https:\/\/pubeurope.com\/@fr\/115162184553410131","error":""},"_links":{"self":[{"href":"https:\/\/www.europesays.com\/fr\/wp-json\/wp\/v2\/posts\/372606","targetHints":{"allow":["GET"]}}],"collection":[{"href":"https:\/\/www.europesays.com\/fr\/wp-json\/wp\/v2\/posts"}],"about":[{"href":"https:\/\/www.europesays.com\/fr\/wp-json\/wp\/v2\/types\/post"}],"author":[{"embeddable":true,"href":"https:\/\/www.europesays.com\/fr\/wp-json\/wp\/v2\/users\/2"}],"replies":[{"embeddable":true,"href":"https:\/\/www.europesays.com\/fr\/wp-json\/wp\/v2\/comments?post=372606"}],"version-history":[{"count":0,"href":"https:\/\/www.europesays.com\/fr\/wp-json\/wp\/v2\/posts\/372606\/revisions"}],"wp:featuredmedia":[{"embeddable":true,"href":"https:\/\/www.europesays.com\/fr\/wp-json\/wp\/v2\/media\/372607"}],"wp:attachment":[{"href":"https:\/\/www.europesays.com\/fr\/wp-json\/wp\/v2\/media?parent=372606"}],"wp:term":[{"taxonomy":"category","embeddable":true,"href":"https:\/\/www.europesays.com\/fr\/wp-json\/wp\/v2\/categories?post=372606"},{"taxonomy":"post_tag","embeddable":true,"href":"https:\/\/www.europesays.com\/fr\/wp-json\/wp\/v2\/tags?post=372606"}],"curies":[{"name":"wp","href":"https:\/\/api.w.org\/{rel}","templated":true}]}}