{"id":372611,"date":"2025-09-07T09:02:13","date_gmt":"2025-09-07T09:02:13","guid":{"rendered":"https:\/\/www.europesays.com\/fr\/372611\/"},"modified":"2025-09-07T09:02:13","modified_gmt":"2025-09-07T09:02:13","slug":"vinales-ne-veut-pas-forcer-si-je-ressens-de-la-douleur-je-marreterai","status":"publish","type":"post","link":"https:\/\/www.europesays.com\/fr\/372611\/","title":{"rendered":"Vi\u00f1ales ne veut pas forcer\u00a0:\u00a0\u00ab\u00a0Si je ressens de la douleur, je m&rsquo;arr\u00eaterai\u00a0\u00bb"},"content":{"rendered":"<p>Bien qu&rsquo;il ait re\u00e7u le feu vert des m\u00e9decins du MotoGP pour participer au Grand Prix de Catalogne, <a href=\"https:\/\/fr.motorsport.com\/driver\/maverick-vinales\/96553\/\" target=\"_blank\" rel=\"noopener nofollow\">Maverick Vi\u00f1ales<\/a> souffre toujours des retomb\u00e9es de sa blessure \u00e0 l&rsquo;\u00e9paule lors des qualifications au Sachsenring, en juillet dernier. C&rsquo;est surtout pendant les Essais et les qualifications que l&rsquo;Espagnol a subi le plus, au moment d&rsquo;effectuer des tours lanc\u00e9s.<\/p>\n<p>\u00ab\u00a0Quand je me suis lanc\u00e9 dans un tour qualif, [j&rsquo;ai tenu] la moiti\u00e9 du tour et l&rsquo;autre moiti\u00e9 a \u00e9t\u00e9 un cauchemar. Quand les pneus sont neufs et qu&rsquo;il faut pousser de plus en plus fort, \u00eatre plus rapide dans les changements de direction, freiner tard, \u00e7a complique les choses\u00a0\u00bb, a expliqu\u00e9 Vi\u00f1ales, pressentant cependant que la course de cet apr\u00e8s-midi devrait mieux se d\u00e9rouler\u00a0:\u00a0\u00ab\u00a0La course longue, quand il faut g\u00e9rer les pneus et qu&rsquo;on ne peut pas forcer la moto de la m\u00eame fa\u00e7on, \u00e7a va probablement \u00eatre [plus] facile.\u00a0\u00bb<\/p>\n<p>Qualifi\u00e9 22e sur la grille, le pilote Tech3 a profit\u00e9 des nombreuses chutes devant lui pour rallier l&rsquo;arriv\u00e9e du sprint \u00e0 la 17e place, avec le sentiment d&rsquo;avoir d\u00e9j\u00e0 moins souffert que dans les qualifications. \u00ab\u00a0[Le sprint] n&rsquo;\u00e9tait pas mal\u00a0\u00bb, a-t-il comment\u00e9. \u00ab\u00a0Franchement, j&rsquo;ai eu un peu plus de mal [vendredi]. [Samedi], c&rsquo;\u00e9tait un peu plus facile, probablement parce que je suis moins tendu sur la moto et que \u00e7a facilite les choses. Par contre, je perds trop sur le c\u00f4t\u00e9 gauche.\u00a0\u00bb<\/p>\n<p>\u00ab\u00a0M\u00eame si je veux avoir la mentalit\u00e9 de me dire que je suis en train de me remettre, je veux pousser, je veux \u00eatre devant. Mais il faut que je comprenne qu&rsquo;actuellement, mon corps a cette limite et je veux \u00eatre intelligent et ne pas aller au-del\u00e0 de \u00e7a.\u00a0\u00bb<\/p>\n<blockquote>\n<p>Je pense que je peux y arriver. Et si je commence \u00e0 ressentir la douleur, je m&rsquo;arr\u00eaterai.<\/p>\n<\/blockquote>\n<p>Vi\u00f1ales voulait encore \u00e9valuer sa condition physique au warm-up, ce matin, mais anticipait d\u00e8s hier qu&rsquo;il avait tr\u00e8s envie d&rsquo;\u00eatre au d\u00e9part\u00a0:\u00a0\u00ab\u00a0Je pense que je peux faire la course, je vais essayer.\u00a0\u00bb Il promet cependant de ne pas trop en faire. Car malgr\u00e9 son envie d&rsquo;aller au bout de son week-end \u00e0 domicile, alors qu&rsquo;il n&rsquo;a pu participer aux trois derniers Grands Prix et a fait une tentative de retour avort\u00e9e en Autriche, l&rsquo;Espagnol reste prudent et souhaite avant tout s&rsquo;\u00e9couter\u00a0:\u00a0s&rsquo;il ne se sent pas bien pendant la course, il arr\u00eatera.<\/p>\n<p>\u00ab\u00a0\u00c9videmment, je suis loin de l\u00e0 o\u00f9 je veux \u00eatre, mais au moins la douleur \u00e9tait acceptable\u00a0\u00bb, a-t-il expliqu\u00e9 apr\u00e8s le sprint. \u00ab\u00a0[Samedi] apr\u00e8s-midi, quand j&rsquo;ai vu [que j&rsquo;\u00e9tais \u00e0 la limite], il ne restait que deux tours, donc c&rsquo;est bon signe. [Dimanche], on va essayer. L&rsquo;objectif, pour nous&#8230; M\u00eame si ma t\u00eate continue \u00e0 me dire que je peux y aller, mon corps dit que j&rsquo;ai besoin de temps.\u00a0\u00bb<\/p>\n<p>   <img decoding=\"async\" draggable=\"false\" src=\"https:\/\/www.europesays.com\/fr\/wp-content\/uploads\/2025\/09\/maverick-vinales-red-bull-ktm-.jpg\" alt=\"Maverick Vi\u00f1ales sait qu'il va lui falloir du temps avant de gu\u00e9rir totalement.\" width=\"1200\" height=\"800\" loading=\"lazy\"\/> <\/p>\n<p class=\"title\">Maverick Vi\u00f1ales sait qu&rsquo;il va lui falloir du temps avant de gu\u00e9rir totalement.<\/p>\n<p class=\"photographer\">Photo de: Gold and Goose Photography \/ LAT Images \/ via Getty Images<\/p>\n<p>\u00ab\u00a0[Vendredi] apr\u00e8s-midi, j&rsquo;ai roul\u00e9 et \u00e7a n&rsquo;\u00e9tait pas mal, mais quand je me suis lanc\u00e9 dans les time attacks, j&rsquo;ai ressenti de la douleur alors j&rsquo;ai laiss\u00e9 tomber. J&rsquo;ai commenc\u00e9 \u00e0 freiner et \u00e0 ne plus avoir de forces, alors j&rsquo;ai dit &lsquo;OK, je m&rsquo;arr\u00eate&rsquo;. [Dimanche], si \u00e7a me refait \u00e7a, je vais probablement m&rsquo;arr\u00eater, sinon \u00e7a n&rsquo;est pas s\u00fbr pour moi. Mais tant que j&rsquo;ai assez de forces pour tenir la moto, je pense que c&rsquo;est plut\u00f4t OK. Je pense que je peux y arriver. Et si je commence \u00e0 ressentir la douleur, je m&rsquo;arr\u00eaterai.\u00a0\u00bb\u00a0<\/p>\n<p>Maverick Vi\u00f1ales parvient \u00e0 trouver du positif dans cette p\u00e9riode sombre, notamment concernant la bonne forme des KTM, quatri\u00e8me, cinqui\u00e8me et sixi\u00e8me de la course sprint. \u00ab\u00a0Je pense que oui\u00a0\u00bb, a-t-il estim\u00e9 lorsqu&rsquo;il lui a \u00e9t\u00e9 demand\u00e9 s&rsquo;il y avait un b\u00e9n\u00e9fice pour lui \u00e0 \u00eatre pr\u00e9sent en \u00e9tant diminu\u00e9. \u00ab\u00a0Et puis, je me montre \u00e0 moi-m\u00eame que j&rsquo;ai la vitesse.\u00a0\u00bb<\/p>\n<p>\u00ab\u00a0M\u00eame si j&rsquo;ai \u00e9t\u00e9 absent deux mois, j&rsquo;ai d&#8217;embl\u00e9e \u00e9t\u00e9 rapide en EL1, [samedi] matin encore j&rsquo;\u00e9tais quatri\u00e8me. C&rsquo;est bien pour la t\u00eate de savoir que, m\u00eame si on se blesse, on peut \u00eatre au top. Je suis plut\u00f4t optimiste par rapport \u00e0 \u00e7a. Il est \u00e9vident que la moto fonctionne, alors il faut qu&rsquo;on avance comme il faut, c&rsquo;est tr\u00e8s important.\u00a0\u00bb<\/p>\n<p>Vi\u00f1ales ne veut pas pr\u00e9cipiter sa convalescence<\/p>\n<p>Maverick Vi\u00f1ales a reconnu qu&rsquo;il n&rsquo;avait pas mesur\u00e9 la gravit\u00e9 de sa blessure sur le moment. Il reste n\u00e9anmoins tr\u00e8s prudent dans sa convalescence, conscient de la chance qu&rsquo;il a de pouvoir remonter sur sa moto, qu&rsquo;il consid\u00e8re comme l&rsquo;un des seuls moyens de retrouver pleinement ses capacit\u00e9s.<\/p>\n<p>\u00ab\u00a0\u00c9tant donn\u00e9 que je n&rsquo;ai pas de mobilit\u00e9, je ne peux pas soulever de poids et donc faire du muscle\u00a0\u00bb, a-t-il expliqu\u00e9. \u00ab\u00a0La seule fa\u00e7on pour moi de faire du muscle, c&rsquo;est de piloter la moto. Quand je suis tomb\u00e9 au Sachsenring, je ne m&rsquo;attendais pas \u00e0 ce que cette blessure soit aussi s\u00e9rieuse, mais ensuite, quand j&rsquo;ai rencontr\u00e9 tout le staff m\u00e9dical et que j&rsquo;ai \u00e9t\u00e9 op\u00e9r\u00e9, ils m&rsquo;ont dit que si j&rsquo;avais \u00e9t\u00e9 dans un autre sport, j&rsquo;aurais d\u00fb \u00eatre absent pratiquement un an.\u00a0\u00bb<\/p>\n<p>\u00ab\u00a0Alors il faut prendre les choses calmement, tranquillement, je n&rsquo;ai rien \u00e0 perdre \u00e0 l&rsquo;heure actuellement. Il faut que je me remette bien, et que je pense \u00e0 l&rsquo;avenir et pas \u00e0 l&rsquo;instant pr\u00e9sent. C&rsquo;est ce que je fais. [Samedi], parfois, je me disais &lsquo;allez, je vais vraiment \u00e0 la limite&rsquo;, mais une petite voix m&rsquo;a dit que \u00e7a n&rsquo;\u00e9tait pas le moment. Il faut que j&rsquo;attende et que je pilote simplement la moto. C&rsquo;est comme \u00e7a. Si je devais rester comme \u00e7a pour toujours, je ne pourrais plus jamais piloter, alors je veux me remettre, retrouver ma forme et retrouver mon niveau.\u00a0\u00bb<\/p>\n<p style=\"text-align: right;\">Avec L\u00e9na Buffa<\/p>\n<p>Lire aussi :<\/p>\n<p>Dans cet article<\/p>\n<p>Soyez le premier inform\u00e9 et souscrivez aux alertes mails pour recevoir les infos en temps r\u00e9el<\/p>\n<p>    S&rsquo;abonner aux alertes de news<\/p>\n","protected":false},"excerpt":{"rendered":"Bien qu&rsquo;il ait re\u00e7u le feu vert des m\u00e9decins du MotoGP pour participer au Grand Prix de Catalogne,&hellip;\n","protected":false},"author":2,"featured_media":372612,"comment_status":"","ping_status":"","sticky":false,"template":"","format":"standard","meta":{"footnotes":""},"categories":[1413],"tags":[25466,1011,27,48377,50683,5712,1457,1456,1458,60,3374,50682],"class_list":{"0":"post-372611","1":"post","2":"type-post","3":"status-publish","4":"format-standard","5":"has-post-thumbnail","7":"category-moto","8":"tag-circuit-de-barcelona-catalunya","9":"tag-fr","10":"tag-france","11":"tag-gp-de-catalogne","12":"tag-je-marru00eaterai","13":"tag-maverick-viu00f1ales","14":"tag-moto","15":"tag-motocycle","16":"tag-motogp","17":"tag-sports","18":"tag-tech-3","19":"tag-viu00f1ales-ne-veut-pas-forceru00a0u00a0si-je-ressens-de-la-douleur"},"share_on_mastodon":{"url":"https:\/\/pubeurope.com\/@fr\/115162208560368184","error":""},"_links":{"self":[{"href":"https:\/\/www.europesays.com\/fr\/wp-json\/wp\/v2\/posts\/372611","targetHints":{"allow":["GET"]}}],"collection":[{"href":"https:\/\/www.europesays.com\/fr\/wp-json\/wp\/v2\/posts"}],"about":[{"href":"https:\/\/www.europesays.com\/fr\/wp-json\/wp\/v2\/types\/post"}],"author":[{"embeddable":true,"href":"https:\/\/www.europesays.com\/fr\/wp-json\/wp\/v2\/users\/2"}],"replies":[{"embeddable":true,"href":"https:\/\/www.europesays.com\/fr\/wp-json\/wp\/v2\/comments?post=372611"}],"version-history":[{"count":0,"href":"https:\/\/www.europesays.com\/fr\/wp-json\/wp\/v2\/posts\/372611\/revisions"}],"wp:featuredmedia":[{"embeddable":true,"href":"https:\/\/www.europesays.com\/fr\/wp-json\/wp\/v2\/media\/372612"}],"wp:attachment":[{"href":"https:\/\/www.europesays.com\/fr\/wp-json\/wp\/v2\/media?parent=372611"}],"wp:term":[{"taxonomy":"category","embeddable":true,"href":"https:\/\/www.europesays.com\/fr\/wp-json\/wp\/v2\/categories?post=372611"},{"taxonomy":"post_tag","embeddable":true,"href":"https:\/\/www.europesays.com\/fr\/wp-json\/wp\/v2\/tags?post=372611"}],"curies":[{"name":"wp","href":"https:\/\/api.w.org\/{rel}","templated":true}]}}