{"id":372615,"date":"2025-09-07T09:04:11","date_gmt":"2025-09-07T09:04:11","guid":{"rendered":"https:\/\/www.europesays.com\/fr\/372615\/"},"modified":"2025-09-07T09:04:11","modified_gmt":"2025-09-07T09:04:11","slug":"le-parcours-et-le-profil-de-la-15e-etape-du-tour-despagne-ce-dimanche-7-septembre","status":"publish","type":"post","link":"https:\/\/www.europesays.com\/fr\/372615\/","title":{"rendered":"Le parcours et le profil de la 15e \u00e9tape du Tour d\u2019Espagne ce dimanche 7\u00a0septembre"},"content":{"rendered":"<p>La semaine de <a href=\"https:\/\/www.20minutes.fr\/sport\/vuelta\/\" class=\"c-link c-link--is-underlined\" rel=\"nofollow noopener\" target=\"_blank\">Vuelta<\/a> se conclut ce dimanche avec une \u00e9tape de 167, 8 kilom\u00e8tres, entre A Veiga\/Vegadeo et Monforte de Lemos. Le peloton a rendez-vous avec les routes sinueuses de la Galice, en moyenne montagne.<\/p>\n<p>\u00c0 quelle heure et sur quelle cha\u00eene voir la 15e \u00e9tape de la Vuelta 2025<\/p>\n<p>La course entre A Veiga\/Vegadeo et Monforte de Lemos sera diffus\u00e9e sur Eurosport 1 &amp; MAX, en direct \u00e0 partir de 13h15, le dimanche 7\u00a0septembre 2025.<\/p>\n<p>Le profil de la 15e \u00e9tape de La Vuelta 2025<img decoding=\"async\" alt=\"Le profil de la 15e \u00e9tape de la Vuelta 2025\" class=\"c-img\" loading=\"lazy\" fetchpriority=\"auto\" width=\"718\"  src=\"https:\/\/img.20mn.fr\/AHSKPhyARR-33Dp9It3FCSk\/718x0\" \/>Le profil de la 15e \u00e9tape de la Vuelta 2025\u2002-\u00a0ASOLe parcours de la 15e \u00e9tape de la Vuelta 2025<\/p>\n<p>Avec 3 287 m\u00e8tres de d\u00e9nivel\u00e9 positif, cette \u00e9tape s\u2019annonce exigeante. Le profil de la course devrait favoriser une \u00e9chapp\u00e9e, le peloton devra faire attention aux attaques durant cette journ\u00e9e strat\u00e9gique.<\/p>\n<p>Plusieurs ascensions viendront tester les jambes des favoris, avant de voir les meilleurs baraoudeurs prendre le large. Gravir Monforte de Lemos ne sera pas une partie de plaisir et tout est possible. Le final nous r\u00e9servera-t-il une \u00e9chapp\u00e9e ou un peloton group\u00e9\u00a0? Difficile \u00e0 dire avant la derni\u00e8re semaine de course.<\/p>\n<p>Les favoris de la 15e \u00e9tape de la Vuelta 2025<\/p>\n<p>Jonas Vingegaard et Jo\u00e3o Almeida se sont d\u00e9j\u00e0 livr\u00e9s une belle bataille ces derniers jours. Nul doute qu\u2019il en sera de m\u00eame dimanche. On n\u2019oublie pas non plus Juan Ayuso, capable d\u2019aller chercher la victoire d\u2019\u00e9tape, comme il l\u2019a montr\u00e9 sur cette \u00e9dition. Du c\u00f4t\u00e9 des outsiders, on pense \u00e0 Giulio Ciccone, Feliz Gall, Sepp Kluss ou encore Tom Pidcock.<\/p>\n<p>Le Top 10 avant la 15e \u00e9tape de la Vuelta 2025<\/p>\n<ol>\n<li>Jonas Vingegaard &#8211; Visma Lease a Bike 53h19&rsquo;49\u00a0\u00bb<\/li>\n<li>Jo\u00e3o Almeida &#8211; <a href=\"https:\/\/www.20minutes.fr\/dossier\/uae\" class=\"c-link c-link--is-underlined\" rel=\"nofollow noopener\" target=\"_blank\">UAE<\/a> Team Emirates \u00e0 48\u00a0\u00bb<\/li>\n<li>Thomas Pidcock &#8211; Q36.5 \u00e0 02&rsquo;38\u00a0\u00bb<\/li>\n<li>Jai Hindley &#8211; RedBull &#8211; Bora-Hansgrohe \u00e0 03&rsquo;10\u00a0\u00bb<\/li>\n<li>Felix Gall &#8211; Decathlon <a href=\"https:\/\/www.20minutes.fr\/dossier\/ag2r\" class=\"c-link c-link--is-underlined\" rel=\"nofollow noopener\" target=\"_blank\">AG2R<\/a> La Mondiale \u00e0 03&rsquo;30\u00a0\u00bb<\/li>\n<li>Giulio Pellizzari &#8211; RedBull &#8211; Bora-Hansgrohe \u00e0 04&rsquo;21\u00a0\u00bb<\/li>\n<li>Matthew Riccitello &#8211; Israel &#8211; Premier Tech \u00e0 04&rsquo;53\u00a0\u00bb<\/li>\n<li>Sepp Kuss &#8211; Visma Lease a Bike \u00e0 05&rsquo;46\u00a0\u00bb<\/li>\n<li>Torstein Traeen &#8211; Bahrain Victorious \u00e0 06&rsquo;33\u00a0\u00bb<\/li>\n<li>Matteo Jorgenson &#8211; Visma Lease a Bike \u00e0 08&rsquo;52\u00a0\u00bb<\/li>\n<\/ol>\n","protected":false},"excerpt":{"rendered":"La semaine de Vuelta se conclut ce dimanche avec une \u00e9tape de 167, 8 kilom\u00e8tres, entre A Veiga\/Vegadeo&hellip;\n","protected":false},"author":2,"featured_media":372616,"comment_status":"","ping_status":"","sticky":false,"template":"","format":"standard","meta":{"footnotes":""},"categories":[1411],"tags":[1154,207,34966,1011,27,27884,517,60,47885],"class_list":{"0":"post-372615","1":"post","2":"type-post","3":"status-publish","4":"format-standard","5":"has-post-thumbnail","7":"category-cyclisme","8":"tag-cycling","9":"tag-cyclisme","10":"tag-david-gaudu","11":"tag-fr","12":"tag-france","13":"tag-jonas-vingegaard","14":"tag-sport","15":"tag-sports","16":"tag-vuelta"},"share_on_mastodon":{"url":"https:\/\/pubeurope.com\/@fr\/115162216149517600","error":""},"_links":{"self":[{"href":"https:\/\/www.europesays.com\/fr\/wp-json\/wp\/v2\/posts\/372615","targetHints":{"allow":["GET"]}}],"collection":[{"href":"https:\/\/www.europesays.com\/fr\/wp-json\/wp\/v2\/posts"}],"about":[{"href":"https:\/\/www.europesays.com\/fr\/wp-json\/wp\/v2\/types\/post"}],"author":[{"embeddable":true,"href":"https:\/\/www.europesays.com\/fr\/wp-json\/wp\/v2\/users\/2"}],"replies":[{"embeddable":true,"href":"https:\/\/www.europesays.com\/fr\/wp-json\/wp\/v2\/comments?post=372615"}],"version-history":[{"count":0,"href":"https:\/\/www.europesays.com\/fr\/wp-json\/wp\/v2\/posts\/372615\/revisions"}],"wp:featuredmedia":[{"embeddable":true,"href":"https:\/\/www.europesays.com\/fr\/wp-json\/wp\/v2\/media\/372616"}],"wp:attachment":[{"href":"https:\/\/www.europesays.com\/fr\/wp-json\/wp\/v2\/media?parent=372615"}],"wp:term":[{"taxonomy":"category","embeddable":true,"href":"https:\/\/www.europesays.com\/fr\/wp-json\/wp\/v2\/categories?post=372615"},{"taxonomy":"post_tag","embeddable":true,"href":"https:\/\/www.europesays.com\/fr\/wp-json\/wp\/v2\/tags?post=372615"}],"curies":[{"name":"wp","href":"https:\/\/api.w.org\/{rel}","templated":true}]}}