{"id":372619,"date":"2025-09-07T09:06:10","date_gmt":"2025-09-07T09:06:10","guid":{"rendered":"https:\/\/www.europesays.com\/fr\/372619\/"},"modified":"2025-09-07T09:06:10","modified_gmt":"2025-09-07T09:06:10","slug":"la-collection-etonnante-quil-cache-dans-sa-maison","status":"publish","type":"post","link":"https:\/\/www.europesays.com\/fr\/372619\/","title":{"rendered":"la collection \u00e9tonnante qu&rsquo;il cache dans sa maison"},"content":{"rendered":"\n<p>Cyril F\u00e9raud est aujourd\u00a0\u00bbhui l&rsquo;un des animateurs pr\u00e9f\u00e9r\u00e9s des Fran\u00e7ais. Le professionnalisme du pr\u00e9sentateur de Slam et de Tout le monde veut prendre sa place\u00a0impressionne, mais peu connaissent sa vie intime. Gr\u00e2ce \u00e0 un article d&rsquo;Aufeminin.com, nous avons pu en d\u00e9couvrir davantage sur lui et notamment sur sa maison situ\u00e9e dans les Hauts-de-Seine, dans laquelle il poss\u00e8de une collection pour le moins insolite.<\/p>\n<p>    L&rsquo;incroyable parcours de Cyril F\u00e9raud <\/p>\n<p><strong><a href=\"https:\/\/www.lejournaldelamaison.fr\/le-journal-de-la-maison\/reportages-maisons\/maisons-reportages-maisons\/cyril-feraud-passe-faire-bisou-famille-grand-mere-refuge-secret-digne-les-bains-rend-chaque-ete-517648.html\" rel=\"nofollow noopener\" target=\"_blank\">Cyril F\u00e9raud<\/a> adore les jeux t\u00e9l\u00e9vis\u00e9s<\/strong>, il ne l&rsquo;a jamais cach\u00e9. Il n&rsquo;a que 16 ans quand il envoie ses premi\u00e8res id\u00e9es d&rsquo;\u00e9preuves \u00e0 Fort Boyard. Rapidement, il devient assistant sur l&rsquo;\u00e9mission, avant de lancer officiellement sa carri\u00e8re en 2004 sur Disney Channel. Entre 2005 et 2015, il collabore <strong>avec le magazine T\u00e9l\u00e9 Poche<\/strong>, et intervient aussi \u00e0 la radio sur Europe 1 \u00e0 partir de 2006.<\/p>\n<p>Mais c&rsquo;est sur France 3 que la carri\u00e8re de Cyril F\u00e9raud <strong>prend un v\u00e9ritable tournant<\/strong>. En 2009, il commence \u00e0 animer Slam, dont il triple les audiences gr\u00e2ce \u00e0 son talent et \u00e0 sa bonne humeur. Il prend aussi les commandes du Grand B\u00eatisier et de Personne n\u2019y avait pens\u00e9. Enfin, en septembre 2024, <a href=\"https:\/\/www.lejournaldelamaison.fr\/le-journal-de-la-maison\/reportages-maisons\/maisons-bord-de-mer\/jarry-quitte-paris-devoile-demeure-cote-dazur-487333.html\" rel=\"nofollow noopener\" target=\"_blank\">il remplace Jarry<\/a> \u00e0 la t\u00eate de Tout le monde veut prendre sa place,<strong> un programme tr\u00e8s populaire<\/strong>.<\/p>\n<p>    L&rsquo;impressionnante collection de Cyril F\u00e9raud <\/p>\n<p>Mais Cyril F\u00e9raud est-il le m\u00eame <strong>en dehors des \u00e9crans<\/strong> ? Celui qui r\u00e9side <a href=\"https:\/\/www.lejournaldelamaison.fr\/le-journal-de-la-maison\/reportages-maisons\/appartements\/olivier-minne-appartement-issy-moulineaux-paris-478044.html\" rel=\"nofollow noopener\" target=\"_blank\">\u00e0 Issy-les-Moulineaux<\/a> a r\u00e9cemment accord\u00e9 un entretien au journal Lib\u00e9ration. Il explique notamment poss\u00e9der une collection originale : des Playmobil g\u00e9ants. On retrouve ces figurines, qui mesurent tout de m\u00eame pr\u00e8s de 60 cm, <strong>dans toutes les pi\u00e8ces de sa maison<\/strong>.<\/p>\n<p>\u00ab\u00a0Je passe mon temps <strong>\u00e0 les chasser partout<\/strong>, \u00e0 les \u00e9changer, <a href=\"https:\/\/www.lejournaldelamaison.fr\/le-journal-de-la-maison\/nouveautes\/produits\/cette-soupiere-surnommee-autruche-intrigue-collectionneurs-valeur-peut-depasser-elle-authentique-517375.html\" rel=\"nofollow noopener\" target=\"_blank\">comme un collectionneur<\/a>. (&#8230;) Quand je rentre le soir, fatigu\u00e9, je suis heureux d&rsquo;\u00eatre accueilli par ces personnages souriants et color\u00e9s. Gamin, je jouais d\u00e9j\u00e0 \u00e0 l&rsquo;animateur t\u00e9l\u00e9 <strong>avec mes Playmobil !<\/strong>\u00ab\u00a0, confiait-il au magazine Nous Deux.<\/p>\n<blockquote class=\"instagram-media \" style=\"background: #ffffff;border: 0;margin: 1px;width: 100%;padding: 0;max-width: 500px;\" data-instgrm-permalink=\"https:\/\/www.instagram.com\/p\/DNiWFALIBFF\/?utm_source=ig_web_copy_link&amp;igsh=MzRlODBiNWFlZA==\" data-instgrm-version=\"14\"\/><p>    Une forte amiti\u00e9 avec Laurent Luyat <\/p>\n<p>Quand il rentre chez lui, Cyril F\u00e9raud <strong>ne retrouve pas que ses figurines g\u00e9antes<\/strong>. Dans son voisinage, il s&rsquo;entend aussi tr\u00e8s bien avec une autre figure bien connue des t\u00e9l\u00e9spectateurs fran\u00e7ais : <a href=\"https:\/\/www.lejournaldelamaison.fr\/le-journal-de-la-maison\/reportages-maisons\/appartements\/laurent-luyat-appartement-voisin-celebre-487206.html\" rel=\"nofollow noopener\" target=\"_blank\">le journaliste sportif Laurent Luyat<\/a>. Les deux hommes sont amis <strong>depuis plus de dix ans maintenant<\/strong>.<\/p>\n<p>\u00ab\u00a0Avec Laurent Luyat, <strong>on se conna\u00eet tr\u00e8s bien<\/strong> puisque c&rsquo;est un peu mon fr\u00e8re, mon fr\u00e8re de c\u0153ur depuis plus de dix ans. Il r\u00e9ceptionne mes colis quand je suis en tournage, c&rsquo;est vraiment mon fr\u00e8re de c\u0153ur, <strong>il fait partie de la famille<\/strong>\u201d, <a href=\"https:\/\/www.lejournaldelamaison.fr\/le-journal-de-la-maison\/reportages-maisons\/appartements\/cyril-feraud-maison-proche-paris-486662.html\" rel=\"nofollow noopener\" target=\"_blank\">assure l&rsquo;animateur<\/a> \u00e0 propos de son ami.<\/p>\n<p>                <script async src=\"\/\/www.instagram.com\/embed.js\"><\/script><\/p>\n","protected":false},"excerpt":{"rendered":"Cyril F\u00e9raud est aujourd\u00a0\u00bbhui l&rsquo;un des animateurs pr\u00e9f\u00e9r\u00e9s des Fran\u00e7ais. Le professionnalisme du pr\u00e9sentateur de Slam et de&hellip;\n","protected":false},"author":2,"featured_media":372620,"comment_status":"","ping_status":"","sticky":false,"template":"","format":"standard","meta":{"footnotes":""},"categories":[1359],"tags":[58,59,1011,27,973],"class_list":{"0":"post-372619","1":"post","2":"type-post","3":"status-publish","4":"format-standard","5":"has-post-thumbnail","7":"category-people","8":"tag-divertissement","9":"tag-entertainment","10":"tag-fr","11":"tag-france","12":"tag-people"},"share_on_mastodon":{"url":"https:\/\/pubeurope.com\/@fr\/115162223953202060","error":""},"_links":{"self":[{"href":"https:\/\/www.europesays.com\/fr\/wp-json\/wp\/v2\/posts\/372619","targetHints":{"allow":["GET"]}}],"collection":[{"href":"https:\/\/www.europesays.com\/fr\/wp-json\/wp\/v2\/posts"}],"about":[{"href":"https:\/\/www.europesays.com\/fr\/wp-json\/wp\/v2\/types\/post"}],"author":[{"embeddable":true,"href":"https:\/\/www.europesays.com\/fr\/wp-json\/wp\/v2\/users\/2"}],"replies":[{"embeddable":true,"href":"https:\/\/www.europesays.com\/fr\/wp-json\/wp\/v2\/comments?post=372619"}],"version-history":[{"count":0,"href":"https:\/\/www.europesays.com\/fr\/wp-json\/wp\/v2\/posts\/372619\/revisions"}],"wp:featuredmedia":[{"embeddable":true,"href":"https:\/\/www.europesays.com\/fr\/wp-json\/wp\/v2\/media\/372620"}],"wp:attachment":[{"href":"https:\/\/www.europesays.com\/fr\/wp-json\/wp\/v2\/media?parent=372619"}],"wp:term":[{"taxonomy":"category","embeddable":true,"href":"https:\/\/www.europesays.com\/fr\/wp-json\/wp\/v2\/categories?post=372619"},{"taxonomy":"post_tag","embeddable":true,"href":"https:\/\/www.europesays.com\/fr\/wp-json\/wp\/v2\/tags?post=372619"}],"curies":[{"name":"wp","href":"https:\/\/api.w.org\/{rel}","templated":true}]}}