{"id":372623,"date":"2025-09-07T09:08:16","date_gmt":"2025-09-07T09:08:16","guid":{"rendered":"https:\/\/www.europesays.com\/fr\/372623\/"},"modified":"2025-09-07T09:08:16","modified_gmt":"2025-09-07T09:08:16","slug":"valerie-boivin-sauter-dans-le-vide","status":"publish","type":"post","link":"https:\/\/www.europesays.com\/fr\/372623\/","title":{"rendered":"Val\u00e9rie Boivin: sauter dans le vide"},"content":{"rendered":"<p class=\"article-bodystyled__StyledText-sc-19uhgql-0 bGeyRM body-paragraph\">D\u00e9trompez-vous la protagoniste de Pleurer dans les petits pains \u00e0 hot-dog nomm\u00e9e \u00abVal\u00e9rie\u00bb n\u2019est pas la b\u00e9d\u00e9iste Val\u00e9rie Boivin\u2026 Du moins, pas tout \u00e0 fait.<\/p>\n<p class=\"article-bodystyled__StyledText-sc-19uhgql-0 bGeyRM body-paragraph\">\u00abJe voulais vraiment mystifier le lecteur. Je trouvais \u00e7a dr\u00f4le de me faire une vie parall\u00e8le! Le plus beau compliment, c\u2019est quand on me demande si j\u2019ai vraiment travaill\u00e9 dans une compagnie de signets fun\u00e9raires\u00bb, rigole d\u2019entr\u00e9e de jeu Val\u00e9rie Boivin, en entrevue au Soleil.<\/p>\n<p class=\"article-bodystyled__StyledText-sc-19uhgql-0 bGeyRM body-paragraph\">M\u00eame si elle n\u2019a jamais fait carri\u00e8re dans les produits comm\u00e9moratifs, l\u2019illustratrice originaire de Qu\u00e9bec a toujours \u00e9t\u00e9 fascin\u00e9e par \u00able petit c\u00f4t\u00e9 kitsch des souvenirs fun\u00e9raires\u00bb. Un domaine o\u00f9 on retrouve bien souvent des paysages et autres symboles un peu r\u00e9chauff\u00e9s, qui seront d\u00e9clin\u00e9s sur des collants, des lampions, des aimants, des calendriers, etc.<\/p>\n<p class=\"article-bodystyled__StyledText-sc-19uhgql-0 bGeyRM body-paragraph\">Entre les pages de sa nouvelle bande dessin\u00e9e, Val\u00e9rie Boivin campe ainsi son personnage principal chez M\u00e9moire Collection. Employ\u00e9e depuis pr\u00e8s de vingt ans dans cette entreprise, elle observe les anciens et nouveaux coll\u00e8gues d\u00e9filer devant son bureau avec une seule envie: quitter enfin le bureau pour vivre de sa plume.<\/p>\n<p><img decoding=\"async\" data-chromatic=\"ignore\" alt=\"&lt;em&gt;Pleurer dans les petits pains &#xE0; hot-dog&lt;\/em&gt;, Val&#xE9;rie Boivin, 224 pages.\" class=\"c-image\" loading=\"lazy\" src=\"https:\/\/www.europesays.com\/fr\/wp-content\/uploads\/2025\/09\/FL42MIGPFFECLCN2SKDYYXAFOQ.jpg\"  width=\"600\" height=\"337\"\/><\/p>\n<p class=\"image-metadata__MetadataParagraph-sc-1gfk7p2-0 cAaLKg image-metadata\">Pleurer dans les petits pains \u00e0 hot-dog, Val\u00e9rie Boivin, 224 pages. (Caroline Gr\u00e9goire\/Le Soleil)<\/p>\n<p class=\"article-bodystyled__StyledText-sc-19uhgql-0 bGeyRM body-paragraph\">Tout comme sa protagoniste, Val\u00e9rie Boivin a longtemps eu un emploi alimentaire avant de sauter \u00e0 pieds joints dans l\u2019illustration. Elle avait envie d\u2019explorer diff\u00e9rentes facettes de ce type de travail: lorsque les employ\u00e9s sont interchangeables, seulement de passage \u00aben attendant\u00bb, etc.<\/p>\n<p class=\"article-bodystyled__StyledText-sc-19uhgql-0 bGeyRM body-paragraph\">\u00abMoi, j\u2019essayais de partir de cet emploi-l\u00e0 pour devenir artiste \u00e0 temps plein. C\u2019est la d\u00e9cision la plus difficile que j\u2019ai prise de ma vie. Tu sais que tu dois prendre la d\u00e9cision, mais c\u2019est tellement vertigineux que tu fais juste la repousser\u00bb, soutient la b\u00e9d\u00e9iste.<\/p>\n<p class=\"article-bodystyled__StyledText-sc-19uhgql-0 bGeyRM body-paragraph\">Qu\u2019est-ce qui a fait pencher la balance finalement? \u00abUn jour, j\u2019\u00e9tais malade. Je ne pouvais pas rentrer et on m\u2019a fait sentir que ce n\u2019\u00e9tait pas vrai\u00bb, raconte Val\u00e9rie Boivin, qui a par la suite quitt\u00e9 son emploi.<\/p>\n<p class=\"article-bodystyled__StyledText-sc-19uhgql-0 bGeyRM body-paragraph\">Selon elle, plusieurs personnes vont pouvoir se reconna\u00eetre au fil des pages de Pleurer dans les petits pains \u00e0 hot-dog. <\/p>\n<blockquote class=\"pullquote\" cite=\"Val&#xE9;rie Boivin, auteure\">\n<p class=\"secondary-font__SecondaryFontStyles-sc-jft5zj-0 kJOXaj\">\u00abJe pense que beaucoup de lecteurs vont se reconna\u00eetre. Parce que, dans le fond, le livre parle de la d\u00e9cision que tu ne veux pas prendre, mais que tu sais que tu dois prendre. \u00c7a peut \u00eatre tellement de choses\u2026\u00bb<\/p>\n<p>\u2014 \u00a0Val\u00e9rie Boivin, auteure<\/p><\/blockquote>\n<p class=\"article-bodystyled__StyledText-sc-19uhgql-0 bGeyRM body-paragraph\">Aujourd\u2019hui l\u2019illustratrice rayonne avec ses bandes dessin\u00e9es et ses livres jeunesse, assez pour vivre de son art.<\/p>\n<p class=\"article-bodystyled__StyledText-sc-19uhgql-0 bGeyRM body-paragraph\">\u00abM\u00eame si je n\u2019avais pas eu de succ\u00e8s, j\u2019aurais [quitter mon emploi alimentaire] quand m\u00eame! C\u2019est une n\u00e9cessit\u00e9. C\u2019est une question visc\u00e9rale. Et \u00e7a me fait plaisir de dire \u00e7a: m\u00eame si mes livres n\u2019avaient pas eu de succ\u00e8s, je l\u2019aurais fait\u00bb, lance-t-elle fi\u00e8rement.<\/p>\n<p>Les hauts et les bas de la vie d\u2019artiste<\/p>\n<p class=\"article-bodystyled__StyledText-sc-19uhgql-0 bGeyRM body-paragraph\">Puisque son personnage principal aspire elle aussi \u00e0 devenir b\u00e9d\u00e9iste, Val\u00e9rie Boivin a profit\u00e9 de Pleurer dans les petits pains hot-dog pour parler de son milieu qu\u2019elle conna\u00eet tr\u00e8s bien. Car vivre de sa passion ne rime pas forc\u00e9ment avec une vie facile et paisible.<\/p>\n<blockquote class=\"blockquote\" cite=\"\">\n<p class=\"secondary-font__SecondaryFontStyles-sc-jft5zj-0 kJOXaj\">Elle raconte ainsi les sacrifices n\u00e9cessaires pour cr\u00e9er une bande dessin\u00e9e ou encore la r\u00e9alit\u00e9 du milieu. Il est, par exemple, question du temps que n\u00e9cessite la cr\u00e9ation d\u2019un livre et les demandes de bourses, mais aussi la fa\u00e7on dont sont distribu\u00e9s les droits d\u2019auteurs.<\/p>\n<\/blockquote>\n<p class=\"article-bodystyled__StyledText-sc-19uhgql-0 bGeyRM body-paragraph\">\u00abQuand les gens ach\u00e8tent un livre qu\u00e9b\u00e9cois, ils n\u2019ach\u00e8tent pas seulement un livre. Ils [financent] \u00e9galement le prochain livre que je vais faire. En achetant ce livre-l\u00e0, ils me permettent de continuer \u00e0 en faire\u00bb, rappelle d\u2019ailleurs \u00e0 ce sujet Val\u00e9rie Boivin.<\/p>\n<p class=\"article-bodystyled__StyledText-sc-19uhgql-0 bGeyRM body-paragraph\">Avec humour, un mat\u00e9riel \u00absuper riche\u00bb qu\u2019elle aime \u00abexploiter au maximum\u00bb, elle partage \u00e9galement des anecdotes qui peuvent survenir lors de s\u00e9ances de d\u00e9dicaces, avec la famille et les amis, etc.<\/p>\n<p class=\"article-bodystyled__StyledText-sc-19uhgql-0 bGeyRM body-paragraph\">De quoi partager un peu plus son univers avec ses lecteurs.<\/p>\n<p class=\"article-bodystyled__StyledText-sc-19uhgql-0 bGeyRM body-paragraph\">Pleurer dans les petits pains \u00e0 hot-dog est offert en librairie.<\/p>\n","protected":false},"excerpt":{"rendered":"D\u00e9trompez-vous la protagoniste de Pleurer dans les petits pains \u00e0 hot-dog nomm\u00e9e \u00abVal\u00e9rie\u00bb n\u2019est pas la b\u00e9d\u00e9iste Val\u00e9rie&hellip;\n","protected":false},"author":2,"featured_media":372624,"comment_status":"","ping_status":"","sticky":false,"template":"","format":"standard","meta":{"footnotes":""},"categories":[1357],"tags":[48452,13153,1379,58,59,1011,27,1380,7810,50684],"class_list":{"0":"post-372623","1":"post","2":"type-post","3":"status-publish","4":"format-standard","5":"has-post-thumbnail","7":"category-livres","8":"tag-autrice","9":"tag-bande-dessinee","10":"tag-books","11":"tag-divertissement","12":"tag-entertainment","13":"tag-fr","14":"tag-france","15":"tag-livres","16":"tag-quebec","17":"tag-valerie-boivin"},"share_on_mastodon":{"url":"https:\/\/pubeurope.com\/@fr\/115162231972483418","error":""},"_links":{"self":[{"href":"https:\/\/www.europesays.com\/fr\/wp-json\/wp\/v2\/posts\/372623","targetHints":{"allow":["GET"]}}],"collection":[{"href":"https:\/\/www.europesays.com\/fr\/wp-json\/wp\/v2\/posts"}],"about":[{"href":"https:\/\/www.europesays.com\/fr\/wp-json\/wp\/v2\/types\/post"}],"author":[{"embeddable":true,"href":"https:\/\/www.europesays.com\/fr\/wp-json\/wp\/v2\/users\/2"}],"replies":[{"embeddable":true,"href":"https:\/\/www.europesays.com\/fr\/wp-json\/wp\/v2\/comments?post=372623"}],"version-history":[{"count":0,"href":"https:\/\/www.europesays.com\/fr\/wp-json\/wp\/v2\/posts\/372623\/revisions"}],"wp:featuredmedia":[{"embeddable":true,"href":"https:\/\/www.europesays.com\/fr\/wp-json\/wp\/v2\/media\/372624"}],"wp:attachment":[{"href":"https:\/\/www.europesays.com\/fr\/wp-json\/wp\/v2\/media?parent=372623"}],"wp:term":[{"taxonomy":"category","embeddable":true,"href":"https:\/\/www.europesays.com\/fr\/wp-json\/wp\/v2\/categories?post=372623"},{"taxonomy":"post_tag","embeddable":true,"href":"https:\/\/www.europesays.com\/fr\/wp-json\/wp\/v2\/tags?post=372623"}],"curies":[{"name":"wp","href":"https:\/\/api.w.org\/{rel}","templated":true}]}}