{"id":372625,"date":"2025-09-07T09:09:10","date_gmt":"2025-09-07T09:09:10","guid":{"rendered":"https:\/\/www.europesays.com\/fr\/372625\/"},"modified":"2025-09-07T09:09:10","modified_gmt":"2025-09-07T09:09:10","slug":"frankie-muniz-est-aux-anges-davoir-retrouve-le-personnage-de-malcolm","status":"publish","type":"post","link":"https:\/\/www.europesays.com\/fr\/372625\/","title":{"rendered":"Frankie Muniz est aux anges d\u2019avoir retrouv\u00e9 le personnage de Malcolm"},"content":{"rendered":"<p>Frankie Muniz ne cache pas son enthousiasme concernant le retour de Malcolm. L\u2019<a href=\"https:\/\/www.20minutes.fr\/arts-stars\/people\/4138609-20250215-frankie-muniz-pire-personnage-malcolm-conteste-malcolm\" target=\"_blank\" class=\"c-link c-link--is-underlined\" rel=\"noopener\">acteur de 39 ans<\/a>, qui reprend son r\u00f4le iconique dans <a href=\"https:\/\/www.20minutes.fr\/high-tech\/by-the-web\/4129230-20241214-serie-culte-malcolm-va-faire-grand-retour-disney-internautes-rejouissent\" target=\"_blank\" class=\"c-link c-link--is-underlined\" rel=\"noopener\">le reboot de la s\u00e9rie culte<\/a> des ann\u00e9es\u00a02000, a r\u00e9cemment livr\u00e9 ses impressions sur cette exp\u00e9rience au micro du <a href=\"https:\/\/www.youtube.com\/watch?v=bTmlo1Xo_3k\" rel=\"nofollow noopener\" target=\"_blank\" class=\"c-link c-link--is-underlined\">podcast<\/a> Lightweights.<\/p>\n<p>\u00ab\u00a0Je n\u2019exag\u00e8re pas quand je dis que j\u2019ai ador\u00e9 filmer ce reboot bien plus que je ne l\u2019aurais jamais imagin\u00e9\u00a0\u00bb, a-t-il confi\u00e9.<\/p>\n<p>Le tournage s\u2019est achev\u00e9 en mai dernier, et Frankie Muniz admet avoir \u00e9t\u00e9 tellement pris par ses autres projets qu\u2019il n\u2019a pas encore eu l\u2019occasion de reprendre contact avec ses anciens partenaires. \u00ab\u00a0Je n\u2019ai parl\u00e9 \u00e0 personne depuis. Je n\u2019ai \u00e9t\u00e9 \u00e0 la maison que 12 jours depuis le d\u00e9but de l\u2019ann\u00e9e\u00a0\u00bb, a-t-il expliqu\u00e9, promettant de rattraper ce retard prochainement.<\/p>\n<p>Vingt ans \u00e0 r\u00e9sumer en quatre \u00e9pisodes<\/p>\n<p>Concernant l\u2019intrigue de ce revival, Frankie Muniz est rest\u00e9 myst\u00e9rieux tout en promettant des surprises. \u00ab\u00a0Je pense que les gens seront surpris de voir o\u00f9 tout le monde en est et de l\u2019histoire\u00a0\u00bb, a-t-il r\u00e9v\u00e9l\u00e9. L\u2019acteur reconna\u00eet le d\u00e9fi narratif que repr\u00e9sente cette suite\u00a0: \u00ab\u00a0C\u2019est difficile de faire rentrer 20 ans d\u2019\u00e9v\u00e9nements dans quatre \u00e9pisodes de 30 minutes\u00a0\u00bb.<\/p>\n<p>Les acteurs <a href=\"https:\/\/www.20minutes.fr\/arts-stars\/people\/4155707-20250527-taylor-swift-decoit-fans-amas-bryan-cranston-ravi-reboot-malcolm\" target=\"_blank\" class=\"c-link c-link--is-underlined\" rel=\"noopener\">Bryan Cranston<\/a> et Jane Kaczmarek reprennent respectivement leurs r\u00f4les de Hal et Lois, mais Erik Per Sullivan, qui incarnait Dewey, a d\u00e9clin\u00e9 l\u2019offre et a d\u00fb \u00eatre remplac\u00e9. Le reboot, intitul\u00e9 Malcolm in the Middle\u00a0: Life\u2019s Still Unfair, suivra un Malcolm devenu adulte et toujours entour\u00e9 sa si encombrante famille. Sortie pr\u00e9vue en d\u00e9cembre sur Disney+.<\/p>\n","protected":false},"excerpt":{"rendered":"Frankie Muniz ne cache pas son enthousiasme concernant le retour de Malcolm. L\u2019acteur de 39 ans, qui reprend&hellip;\n","protected":false},"author":2,"featured_media":372626,"comment_status":"","ping_status":"","sticky":false,"template":"","format":"standard","meta":{"footnotes":""},"categories":[1356],"tags":[253,45074,520,58,59,1011,27,973,521,252,1364,133],"class_list":{"0":"post-372625","1":"post","2":"type-post","3":"status-publish","4":"format-standard","5":"has-post-thumbnail","7":"category-television","8":"tag-acteur","9":"tag-bryan-cranston","10":"tag-disney","11":"tag-divertissement","12":"tag-entertainment","13":"tag-fr","14":"tag-france","15":"tag-people","16":"tag-serie","17":"tag-television","18":"tag-tv","19":"tag-video"},"share_on_mastodon":{"url":"https:\/\/pubeurope.com\/@fr\/115162235812847580","error":""},"_links":{"self":[{"href":"https:\/\/www.europesays.com\/fr\/wp-json\/wp\/v2\/posts\/372625","targetHints":{"allow":["GET"]}}],"collection":[{"href":"https:\/\/www.europesays.com\/fr\/wp-json\/wp\/v2\/posts"}],"about":[{"href":"https:\/\/www.europesays.com\/fr\/wp-json\/wp\/v2\/types\/post"}],"author":[{"embeddable":true,"href":"https:\/\/www.europesays.com\/fr\/wp-json\/wp\/v2\/users\/2"}],"replies":[{"embeddable":true,"href":"https:\/\/www.europesays.com\/fr\/wp-json\/wp\/v2\/comments?post=372625"}],"version-history":[{"count":0,"href":"https:\/\/www.europesays.com\/fr\/wp-json\/wp\/v2\/posts\/372625\/revisions"}],"wp:featuredmedia":[{"embeddable":true,"href":"https:\/\/www.europesays.com\/fr\/wp-json\/wp\/v2\/media\/372626"}],"wp:attachment":[{"href":"https:\/\/www.europesays.com\/fr\/wp-json\/wp\/v2\/media?parent=372625"}],"wp:term":[{"taxonomy":"category","embeddable":true,"href":"https:\/\/www.europesays.com\/fr\/wp-json\/wp\/v2\/categories?post=372625"},{"taxonomy":"post_tag","embeddable":true,"href":"https:\/\/www.europesays.com\/fr\/wp-json\/wp\/v2\/tags?post=372625"}],"curies":[{"name":"wp","href":"https:\/\/api.w.org\/{rel}","templated":true}]}}