{"id":372627,"date":"2025-09-07T09:10:10","date_gmt":"2025-09-07T09:10:10","guid":{"rendered":"https:\/\/www.europesays.com\/fr\/372627\/"},"modified":"2025-09-07T09:10:10","modified_gmt":"2025-09-07T09:10:10","slug":"exclu-public-il-faut-revenir-fort-et-gros-nolwenn-leroy-evoque-avec-emotion-ses-envies-de-retour-sur-scene","status":"publish","type":"post","link":"https:\/\/www.europesays.com\/fr\/372627\/","title":{"rendered":"Exclu Public &#8211; \u00ab\u00a0Il faut revenir fort et gros\u00a0\u00bb : Nolwenn Leroy \u00e9voque avec \u00e9motion ses envies de retour sur sc\u00e8ne"},"content":{"rendered":"<p>      R\u00e9sum\u00e9<\/p>\n<p>Lors du 600e Taratata au Z\u00e9nith, Nolwenn Leroy a exprim\u00e9 son \u00e9motion et son d\u00e9sir de revenir bient\u00f4t sur sc\u00e8ne, touch\u00e9e par l\u2019accueil chaleureux du public fid\u00e8le.<\/p>\n<p>        Sommaire<\/p>\n<p>Ce samedi 6 septembre, le<strong> Z\u00e9nith de Paris <\/strong>vibrait pour le <strong>600e num\u00e9ro de Taratata<\/strong>. L&rsquo;\u00e9mission avait pr\u00e9vu <strong>2h30 de show en live <\/strong>avec des\u00a0fid\u00e8les de l\u2019\u00e9mission, Fran\u00e7aises et internationales, et des <strong>chansons cultes.<\/strong><\/p>\n<p>Parmi les artistes venus c\u00e9l\u00e9brer cet anniversaire XXL, une invit\u00e9e n&rsquo;a pas manqu\u00e9 \u00e0 l&rsquo;appel et elle \u00e9tait plus que ravie de sa soir\u00e9e : <strong>Nolwenn Leroy<\/strong>. Un passage sur sc\u00e8ne qui l&rsquo;a rendue tr\u00e8s heureuse, comme elle l&rsquo;a partag\u00e9 \u00e0 la sortie, sur le parking, \u00e0 nos \u00e9quipes. <strong>Beaucoup d&rsquo;\u00e9motions<\/strong> qui lui ont donn\u00e9 quelques id\u00e9es en t\u00eate&#8230;<\/p>\n<p>Nolwenn Leroy \u00e9lectris\u00e9e par la sc\u00e8ne<\/p>\n<p>Avec un large sourire, <a href=\"https:\/\/www.public.fr\/nolwenn-leroy-deux-ans-apres-le-tournage-de-la-serie-broceliande-cest-le-drame\" target=\"_blank\" rel=\"noopener\">Nolwenn Leroy<\/a> semblait \u00eatre aux anges : \u00ab J\u2019ai <strong>beaucoup d\u2019\u00e9motions<\/strong>, c\u2019\u00e9tait cool, mais \u00e7a donne envie de revenir, de revoir tout le monde, c\u2019est vrai <strong>que rien ne remplace la sc\u00e8ne<\/strong>. \u00bb Une d\u00e9claration qui en dit long sur ces envies. Est-ce un message pour ses fans qui r\u00eavent de la revoir sur sc\u00e8ne ? L&rsquo;avenir nous le dira !<\/p>\n<p>En effet, ce concert lui a donn\u00e9 envie : \u00ab de<strong> revenir fort et gros, \u00e0 fond <\/strong>\u00bb. Voil\u00e0 qui donne le ton. Comme s&rsquo;il s&rsquo;agissait d&rsquo;un petit d\u00e9clic, cette soir\u00e9e sp\u00e9ciale lui a rappel\u00e9 \u00e0 quel point<strong> la sc\u00e8ne reste essentielle dans sa vie.<\/strong><\/p>\n<p>Les fans, eux, \u00e9taient au rendez-vous. \u00ab Le <strong>public \u00e9tait incroyable<\/strong>, c\u2019\u00e9tait tellement \u00e9mouvant \u00bb, a confi\u00e9 la chanteuse, reconnaissant qu&rsquo;elle n&rsquo;en attendait finalement pas moins du public de Taratata. Nolwenn Leroy savait que les fid\u00e8les de <strong>l\u2019\u00e9mission anim\u00e9e par Nagui <\/strong>r\u00e9servent toujours un accueil \u00e0 la hauteur. En tout cas, l\u2019intensit\u00e9 de la soir\u00e9e l\u2019a visiblement touch\u00e9e en plein c\u0153ur.<\/p>\n<p>Nolwenn Leroy ultra-disponible pour ses fans<\/p>\n<p>Il faut dire que sa derni\u00e8re participation \u00e0 Taratata remontait \u00e0 2019, lorsqu\u2019elle avait partag\u00e9 un<strong> medley avec <a href=\"https:\/\/www.public.fr\/pascal-obispo-la-mauvaise-nouvelle-est-tombee-pour-les-10-commandements\" target=\"_blank\" rel=\"noopener\">Pascal Obispo<\/a> <\/strong>sur \u00ab 1980 \/ Sweet Dreams \/ Relax \u00bb. Malgr\u00e9 la fatigue post-concert, et pendant que tout le monde quittait le Z\u00e9nith, Nolwenn Leroy a pris le temps d\u2019\u00e9changer et d&rsquo;enchainer quelques photos avec ceux qui l&rsquo;attendaient. Puis, elle a lanc\u00e9 avec un <strong>grand sourire : \u00ab je suis photo bomb \u00bb.<\/strong> Et si vous n&rsquo;avez pas pu participer \u00e0 cette soir\u00e9e, sachez qu&rsquo;elle sera rediffus\u00e9e sur France\u00a02\u00a0et sur france.tv. Il ne vous reste plus qu&rsquo;\u00e0 attendre <strong>la date de diffusion.<\/strong><\/p>\n<p>Et, au-del\u00e0 de ce bon moment, le concert est organis\u00e9 au <strong>profit de la lutte contre le cancer<\/strong>. La totalit\u00e9 de la recette sera revers\u00e9e \u00e0 la\u00a0<a href=\"https:\/\/www.frm.org\/fr\" target=\"_blank\" rel=\"noreferrer noopener\">Fondation pour la Recherche M\u00e9dicale<\/a>.\u00a0<\/p>\n<p>Toute reproduction interdite sans la mention Public et un lien r\u00e9digeant sur cet article<\/p>\n<p>      Mentionn\u00e9s dans cet article<\/p>\n<p>      Sur le m\u00eame sujet<\/p>\n","protected":false},"excerpt":{"rendered":"R\u00e9sum\u00e9 Lors du 600e Taratata au Z\u00e9nith, Nolwenn Leroy a exprim\u00e9 son \u00e9motion et son d\u00e9sir de revenir&hellip;\n","protected":false},"author":2,"featured_media":372628,"comment_status":"","ping_status":"","sticky":false,"template":"","format":"standard","meta":{"footnotes":""},"categories":[1355],"tags":[58,59,5411,1011,27,1361,873,35954],"class_list":{"0":"post-372627","1":"post","2":"type-post","3":"status-publish","4":"format-standard","5":"has-post-thumbnail","7":"category-musique","8":"tag-divertissement","9":"tag-entertainment","10":"tag-exclusivite-public","11":"tag-fr","12":"tag-france","13":"tag-music","14":"tag-musique","15":"tag-nolwenn-leroy"},"share_on_mastodon":{"url":"https:\/\/pubeurope.com\/@fr\/115162239782796119","error":""},"_links":{"self":[{"href":"https:\/\/www.europesays.com\/fr\/wp-json\/wp\/v2\/posts\/372627","targetHints":{"allow":["GET"]}}],"collection":[{"href":"https:\/\/www.europesays.com\/fr\/wp-json\/wp\/v2\/posts"}],"about":[{"href":"https:\/\/www.europesays.com\/fr\/wp-json\/wp\/v2\/types\/post"}],"author":[{"embeddable":true,"href":"https:\/\/www.europesays.com\/fr\/wp-json\/wp\/v2\/users\/2"}],"replies":[{"embeddable":true,"href":"https:\/\/www.europesays.com\/fr\/wp-json\/wp\/v2\/comments?post=372627"}],"version-history":[{"count":0,"href":"https:\/\/www.europesays.com\/fr\/wp-json\/wp\/v2\/posts\/372627\/revisions"}],"wp:featuredmedia":[{"embeddable":true,"href":"https:\/\/www.europesays.com\/fr\/wp-json\/wp\/v2\/media\/372628"}],"wp:attachment":[{"href":"https:\/\/www.europesays.com\/fr\/wp-json\/wp\/v2\/media?parent=372627"}],"wp:term":[{"taxonomy":"category","embeddable":true,"href":"https:\/\/www.europesays.com\/fr\/wp-json\/wp\/v2\/categories?post=372627"},{"taxonomy":"post_tag","embeddable":true,"href":"https:\/\/www.europesays.com\/fr\/wp-json\/wp\/v2\/tags?post=372627"}],"curies":[{"name":"wp","href":"https:\/\/api.w.org\/{rel}","templated":true}]}}