{"id":372629,"date":"2025-09-07T09:11:09","date_gmt":"2025-09-07T09:11:09","guid":{"rendered":"https:\/\/www.europesays.com\/fr\/372629\/"},"modified":"2025-09-07T09:11:09","modified_gmt":"2025-09-07T09:11:09","slug":"la-dystopie-policiere-sur-lintelligence-artificelle-de-cedric-jimenez","status":"publish","type":"post","link":"https:\/\/www.europesays.com\/fr\/372629\/","title":{"rendered":"la dystopie polici\u00e8re sur l&rsquo;intelligence artificelle de C\u00e9dric Jimenez"},"content":{"rendered":"<p>L&rsquo;ambitieux long-m\u00e9trage de C\u00e9dric Jimenez, avec Ad\u00e8le Exarchopoulos et Gilles Lellouche, suit l&rsquo;enqu\u00eate de deux policiers que tout oppose dans un Paris dystopique, surveill\u00e9 par une intelligence artificielle. Un film nerveux, bien r\u00e9alis\u00e9, mais sans nuances.<\/p>\n<p>Et si vous chantiez What&rsquo;s going on ? aux c\u00f4t\u00e9s d&rsquo;Ad\u00e8le Exarchopoulos et de Gilles Lellouche ? L&rsquo;exp\u00e9rience peut para\u00eetre \u00e9tonnante &#8211; cringe pour certains trublions de la Gen Z &#8211; elle est, en tout cas, une des respirations dans l&rsquo;apn\u00e9e de Chien 51, le dernier film de <a href=\"https:\/\/www.bfmtv.com\/people\/cinema\/le-realisateur-de-bac-nord-retrouve-gilles-lellouche-et-adele-exarchopoulos-pour-un-film-de-sf_AN-202407110816.html\" title=\"Le r\u00e9alisateur de &quot;Bac Nord&quot; retrouve Gilles Lellouche et Ad\u00e8le Exarchopoulos pour un film de SF\" class=\"internal_link\" rel=\"nofollow noopener\" target=\"_blank\">C\u00e9dric Jimenez<\/a> (Bac Nord, Novembre), adapt\u00e9 du roman \u00e9ponyme de Laurent Gaud\u00e9.<\/p>\n<p>Dans un Paris futuriste, des castes sont s\u00e9par\u00e9es en trois espaces: les plus pauvres en zone 3, les privil\u00e9gi\u00e9s en 2, et l&rsquo;\u00e9lite ultime en 1. Chaque habitant, muni d&rsquo;un bracelet comportant toutes ses donn\u00e9es d&rsquo;identit\u00e9, est traqu\u00e9 par l&rsquo;intelligence artificielle Alma. Un outil utilis\u00e9 par les forces de l&rsquo;ordre pour lutter contre la criminalit\u00e9.<\/p>\n<p>Cette technologie n&rsquo;est &#8211; on s&rsquo;en doute &#8211; pas du go\u00fbt de tous, en particulier du groupuscule Breakwalls men\u00e9 par Jon Mafram (Louis Garrel). Quand l&rsquo;inventeur d&rsquo;Alma est assassin\u00e9, tous les regards se posent alors sur cette organisation, que le Premier ministre (Romain Duris) qualifie de \u00ab\u00a0terroriste\u00a0\u00bb. Zem (Gilles Lellouche), officier d\u00e9class\u00e9 et insolent de la zone 3, et Salia (Ad\u00e8le Exarchopoulos), jeune espoir de la police de la zone 2, sont alors forc\u00e9s de mener une enqu\u00eate \u00e0 quatre mains pour retrouver le meurtrier.<\/p>\n<\/p>\n<p>Virilit\u00e9 exacerb\u00e9e<\/p>\n<p><a href=\"https:\/\/www.bfmtv.com\/economie\/replay-emissions\/tech-and-co\/minority-report-2002-de-steven-spielberg-etait-il-un-film-visionnaire_VN-202204050631.html\" title=\"Minority Report (2002) de Steven Spielberg \u00e9tait-il un film visionnaire?\" class=\"internal_link\" rel=\"nofollow noopener\" target=\"_blank\">Minority Report<\/a> \u00e0 la fran\u00e7aise, le long-m\u00e9trage d&rsquo;anticipation de C\u00e9dric Jimenez s\u00e9duit visuellement par sa m\u00e9thode &#8211; d\u00e9j\u00e0 usit\u00e9e dans <a href=\"https:\/\/www.bfmtv.com\/people\/cinema\/cedric-jimenez-de-retour-avec-novembre-sur-les-attentats-de-2015-nous-avons-attendu-la-fin-du-proces_AV-202210030378.html\" title=\"C\u00e9dric Jimenez de retour avec &quot;Novembre&quot;, sur les attentats de 2015: &quot;Nous avons attendu la fin du proc\u00e8s&quot;\" class=\"internal_link\" rel=\"nofollow noopener\" target=\"_blank\">Novembre<\/a> ou <a href=\"https:\/\/www.bfmtv.com\/people\/cinema\/bac-nord-le-realisateur-cedric-jimenez-un-peu-hallucine-par-la-recuperation-politique-du-film_AN-202202030270.html\" title=\"&quot;Bac Nord&quot;: le r\u00e9alisateur C\u00e9dric Jimenez &quot;un peu hallucin\u00e9&quot; par la r\u00e9cup\u00e9ration politique du film\" class=\"internal_link\" rel=\"nofollow noopener\" target=\"_blank\">Bac Nord<\/a> &#8211; d\u00e8s sa sc\u00e8ne d&rsquo;ouverture. Des voitures \u00e0 toute berzingue. Des bruits de coups de feu et autres effets sonores \u00e0 tout va. Des cam\u00e9ras toujours en mouvement. Un montage nerveux \u00e0 la virilit\u00e9 exacerb\u00e9e. Submersion d&rsquo;informations. \u00c9clatant, sans \u00eatre (trop) clinquant. Efficace, donc. Les effets visuels n&rsquo;ont rien \u00e0 envier aux blockbusters am\u00e9ricains &#8211; le film, produit par Chi-Fou-Mi, compte 50 millions d&rsquo;euros de budget tout de m\u00eame.<\/p>\n<p>\u00c9l\u00e9ment structurant et signature de C\u00e9dric Jimenez toujours: ses collaborations de longue date avec des acteurs tr\u00e8s en vue, en particulier la captivante et tr\u00e8s juste Ad\u00e8le Exarchopoulos. Contrairement \u00e0 Novembre dans lequel les policiers sont r\u00e9duits \u00e0 leur fonction, Chien 51 tente une incursion dans l&rsquo;intimit\u00e9 des personnages\u2026et \u00e9choue. La profondeur psychologique n&rsquo;est pas le fort du film. Les dialogues, non plus. Et encore moins les sentiments &#8211; personne ne croit \u00e0 l&rsquo;histoire d&rsquo;amour entre les personnages principaux.<\/p>\n<p>Chien 51 interroge &#8211; \u00e0 raison &#8211; l&rsquo;ultra-surveillance des foules que les discours s\u00e9curitaires tendent \u00e0 imposer. Mais le propos politique et technologique semble \u00e9crit au feutre rouge. Les classes sociales caricaturales. La m\u00e9chante IA. Les politiques plus cyniques les uns que les autres. Et les vaillants policiers au d\u00e9sir de justice, les m\u00e9rites h\u00e9ro\u00efques d&rsquo;une profession bouscul\u00e9e par les ordres de sa hi\u00e9rarchie d\u00e9connect\u00e9e et la r\u00e9alit\u00e9 du terrain. Manich\u00e9en, donc.<\/p>\n<p>Le long-m\u00e9trage avait-il l&rsquo;ambition de porter une r\u00e9flexion plus nuanc\u00e9e ? Peut-\u00eatre pas. Le r\u00e9alisateur d\u00e9cline &#8211; de mani\u00e8re assum\u00e9e &#8211; un unique point de vue policier dans ses \u0153uvres. Chien 51 ne fait pas exception. La dystopie rencontrera &#8211; sans aucun doute &#8211; un engouement populaire. Bien r\u00e9alis\u00e9e et divertissante, mais il ne faut pas en attendre plus.<\/p>\n<p>Chien 51 de C\u00e9dric Jimenez a cl\u00f4tur\u00e9 l&rsquo;\u00e9dition 2025 de la <a href=\"https:\/\/www.bfmtv.com\/people\/cinema\/mostra-de-venise-qui-sont-les-favoris-pour-le-lion-d-or_AD-202509060050.html\" title=\"Mostra de Venise: Qui sont les favoris pour le Lion d&#039;or?\" class=\"internal_link\" rel=\"nofollow noopener\" target=\"_blank\">Mostra de Venise<\/a> et sortira en salles le 15 octobre prochain.<\/p>\n","protected":false},"excerpt":{"rendered":"L&rsquo;ambitieux long-m\u00e9trage de C\u00e9dric Jimenez, avec Ad\u00e8le Exarchopoulos et Gilles Lellouche, suit l&rsquo;enqu\u00eate de deux policiers que tout&hellip;\n","protected":false},"author":2,"featured_media":372630,"comment_status":"","ping_status":"","sticky":false,"template":"","format":"standard","meta":{"footnotes":""},"categories":[1354],"tags":[58,59,1346,1011,27,1360],"class_list":{"0":"post-372629","1":"post","2":"type-post","3":"status-publish","4":"format-standard","5":"has-post-thumbnail","7":"category-films","8":"tag-divertissement","9":"tag-entertainment","10":"tag-films","11":"tag-fr","12":"tag-france","13":"tag-movies"},"share_on_mastodon":{"url":"https:\/\/pubeurope.com\/@fr\/115162243630994941","error":""},"_links":{"self":[{"href":"https:\/\/www.europesays.com\/fr\/wp-json\/wp\/v2\/posts\/372629","targetHints":{"allow":["GET"]}}],"collection":[{"href":"https:\/\/www.europesays.com\/fr\/wp-json\/wp\/v2\/posts"}],"about":[{"href":"https:\/\/www.europesays.com\/fr\/wp-json\/wp\/v2\/types\/post"}],"author":[{"embeddable":true,"href":"https:\/\/www.europesays.com\/fr\/wp-json\/wp\/v2\/users\/2"}],"replies":[{"embeddable":true,"href":"https:\/\/www.europesays.com\/fr\/wp-json\/wp\/v2\/comments?post=372629"}],"version-history":[{"count":0,"href":"https:\/\/www.europesays.com\/fr\/wp-json\/wp\/v2\/posts\/372629\/revisions"}],"wp:featuredmedia":[{"embeddable":true,"href":"https:\/\/www.europesays.com\/fr\/wp-json\/wp\/v2\/media\/372630"}],"wp:attachment":[{"href":"https:\/\/www.europesays.com\/fr\/wp-json\/wp\/v2\/media?parent=372629"}],"wp:term":[{"taxonomy":"category","embeddable":true,"href":"https:\/\/www.europesays.com\/fr\/wp-json\/wp\/v2\/categories?post=372629"},{"taxonomy":"post_tag","embeddable":true,"href":"https:\/\/www.europesays.com\/fr\/wp-json\/wp\/v2\/tags?post=372629"}],"curies":[{"name":"wp","href":"https:\/\/api.w.org\/{rel}","templated":true}]}}