{"id":372635,"date":"2025-09-07T09:14:10","date_gmt":"2025-09-07T09:14:10","guid":{"rendered":"https:\/\/www.europesays.com\/fr\/372635\/"},"modified":"2025-09-07T09:14:10","modified_gmt":"2025-09-07T09:14:10","slug":"il-fait-grand-retour-dans-the-voice-mais-pas-en-france","status":"publish","type":"post","link":"https:\/\/www.europesays.com\/fr\/372635\/","title":{"rendered":"il fait grand retour dans The Voice, mais pas en France !"},"content":{"rendered":"<p>Par <a class=\"author_recette\" id=\"author_name\" href=\"https:\/\/www.nextplz.fr\/auteur\/julie-pacheco\" rel=\"nofollow noopener\" target=\"_blank\">Julie<br \/>\nPacheco<\/a> &#8211;<br \/>\nPubli\u00e9 le 07 Sep 2025 \u00e0<br \/>\n10:30<\/p>\n<p class=\"article-intro excerpt\">Apr\u00e8s avoir annonc\u00e9 qu\u2019il arr\u00eatait<br \/>\nThe Voice, Mika revient finalement sur son fauteuil rouge\u2026 mais en<br \/>\nEspagne. De quoi choquer ses fans.<\/p>\n<p>Mika et The Voice, <a href=\"https:\/\/www.nextplz.fr\/people\/477763-mika-sans-filtre-monde-musique-fait-revelations-aime-pas-industrie\" rel=\"nofollow noopener\" target=\"_blank\"><br \/>\nc\u2019est une longue histoire d\u2019amour.<\/a> Arriv\u00e9 en 2014 pour<br \/>\nremplacer Louis Bertignac, le chanteur avait imm\u00e9diatement s\u00e9duit<br \/>\nle public avec sa bonne humeur et son regard bienveillant. Durant<br \/>\ncinq saisons, il a marqu\u00e9 l\u2019\u00e9mission en accompagnant des talents<br \/>\ncomme Kendji Girac, vainqueur la m\u00eame ann\u00e9e, ou Whitney Marin en<br \/>\n2019. Sa fantaisie, son accent chantant et ses conseils<br \/>\nenthousiastes avaient contribu\u00e9 \u00e0 faire de lui l\u2019un des coachs<br \/>\npr\u00e9f\u00e9r\u00e9s des t\u00e9l\u00e9spectateurs. Apr\u00e8s une pause, il avait particip\u00e9 \u00e0<br \/>\nla saison All Stars en 2021. Puis, il retrouvait son<br \/>\nfauteuil rouge en 2024.<\/p>\n<p>Une annonce choc en plein<br \/>\nTaratata<\/p>\n<p>C\u2019est dans l\u2019\u00e9mission Taratata, anim\u00e9e par Nagui en<br \/>\nnovembre dernier, que <a href=\"https:\/\/www.instagram.com\/mikainstagram\/?hl=fr\" target=\"_blank\" rel=\"nofollow noopener\">Mika<\/a> avait pris tout le monde de court. Curieux, Nagui<br \/>\nl\u2019avait interrog\u00e9 sur son agenda : \u00ab\u00a0Tu bouges beaucoup, tu<br \/>\nvoyages \u00e9norm\u00e9ment. Tu as une vie \u00e0 la fois d\u2019artiste, de chanteur<br \/>\nqui se produit sur sc\u00e8ne, mais aussi d\u2019animateur dans des<br \/>\nshows\u00a0\u00bb.<\/p>\n<p>Alors qu\u2019il pr\u00e9parait le T\u00e9l\u00e9thon 2024 en tant que<br \/>\nparrain et qu\u2019il encha\u00eenait les concerts, Mika avait l\u00e2ch\u00e9 une<br \/>\nphrase qui avait surpris ses fans: \u00ab\u00a0Je r\u00e9duis \u00e7a&#8230; En France,<br \/>\nc\u2019est fini. J\u2019arr\u00eate toutes mes \u00e9missions de t\u00e9l\u00e9 en France\u00a0\u00bb.<br \/>\nUn aveu choc qui sonnait comme un adieu d\u00e9finitif aux plateaux<br \/>\nfran\u00e7ais. Cette d\u00e9claration avait suscit\u00e9 une vague de r\u00e9actions<br \/>\nsur les r\u00e9seaux sociaux.<\/p>\n<p>Mika : un retour qui se<br \/>\njoue \u00e0 l\u2019\u00e9tranger<\/p>\n<p>Quelques mois plus tard, les fans de Mika ont d\u00e9couvert sur<br \/>\nInstagram un clich\u00e9 officiel de la cha\u00eene espagnole Antena<br \/>\n3. En l\u00e9gende, le chanteur \u00e9crivait simplement :\u00a0\u00bbBonjour<br \/>\nl\u2019Espagne !\u00a0\u00bb. Pas de doute, il int\u00e9grait le jury de La<br \/>\nVoz, la version espagnole de The Voice.<\/p>\n<p>\u00c0 ses c\u00f4t\u00e9s, le chanteur espagnol Pablo Lopez, l\u2019artiste<br \/>\ncolombien Sebastian Yatra, la pr\u00e9sentatrice Eva Gonzalez et la<br \/>\nchanteuse Mal\u00f9. Les t\u00e9l\u00e9spectateurs espagnols se r\u00e9jouissent de son<br \/>\narriv\u00e9e, mais la nouvelle a un go\u00fbt amer pour ses admirateurs<br \/>\nfran\u00e7ais. Beaucoup y voient une trahison. En effet, Mika tourne la<br \/>\npage de la t\u00e9l\u00e9vision fran\u00e7aise, mais poursuit son aventure<br \/>\nailleurs en Europe.<\/p>\n<p>Entre fiert\u00e9<br \/>\net frustration pour ses fans fran\u00e7ais<\/p>\n<p>Si les internautes francophones se disent heureux de voir leur<br \/>\nidole toujours active, beaucoup avouent aussi une pointe de<br \/>\njalousie envers leurs voisins. En effet, ils ne comprennent pas<br \/>\npourquoi Mika boude un pays qui l\u00a0\u00bbaime tant.<\/p>\n<p>Mika, qui partage d\u00e9sormais sa vie entre plusieurs pays,<br \/>\ncontinue de multiplier les projets internationaux. Mais pour ceux<br \/>\nqui l\u2019ont d\u00e9couvert dans The Voice France, l\u2019annonce<br \/>\nr\u00e9sonne comme un coup de poignard. Esp\u00e9rons que Mika saura toucher<br \/>\nle c\u0153ur des espagnols, autant qu&rsquo;il a marqu\u00e9 l&rsquo;esprit de notre<br \/>\npublic fran\u00e7ais. Mais ne vous inqui\u00e9tez pas, si Mika arr\u00eate les<br \/>\n\u00e9missions fran\u00e7aises, il ne compte pas bouder la France et<br \/>\ncontinuera de venir chanter ici.<\/p>\n<p><script async src=\"\/\/www.instagram.com\/embed.js\"><\/script><\/p>\n","protected":false},"excerpt":{"rendered":"Par Julie Pacheco &#8211; Publi\u00e9 le 07 Sep 2025 \u00e0 10:30 Apr\u00e8s avoir annonc\u00e9 qu\u2019il arr\u00eatait The Voice,&hellip;\n","protected":false},"author":2,"featured_media":372636,"comment_status":"","ping_status":"","sticky":false,"template":"","format":"standard","meta":{"footnotes":""},"categories":[8],"tags":[58,59,1011,27],"class_list":{"0":"post-372635","1":"post","2":"type-post","3":"status-publish","4":"format-standard","5":"has-post-thumbnail","7":"category-divertissement","8":"tag-divertissement","9":"tag-entertainment","10":"tag-fr","11":"tag-france"},"share_on_mastodon":{"url":"https:\/\/pubeurope.com\/@fr\/115162255436550209","error":""},"_links":{"self":[{"href":"https:\/\/www.europesays.com\/fr\/wp-json\/wp\/v2\/posts\/372635","targetHints":{"allow":["GET"]}}],"collection":[{"href":"https:\/\/www.europesays.com\/fr\/wp-json\/wp\/v2\/posts"}],"about":[{"href":"https:\/\/www.europesays.com\/fr\/wp-json\/wp\/v2\/types\/post"}],"author":[{"embeddable":true,"href":"https:\/\/www.europesays.com\/fr\/wp-json\/wp\/v2\/users\/2"}],"replies":[{"embeddable":true,"href":"https:\/\/www.europesays.com\/fr\/wp-json\/wp\/v2\/comments?post=372635"}],"version-history":[{"count":0,"href":"https:\/\/www.europesays.com\/fr\/wp-json\/wp\/v2\/posts\/372635\/revisions"}],"wp:featuredmedia":[{"embeddable":true,"href":"https:\/\/www.europesays.com\/fr\/wp-json\/wp\/v2\/media\/372636"}],"wp:attachment":[{"href":"https:\/\/www.europesays.com\/fr\/wp-json\/wp\/v2\/media?parent=372635"}],"wp:term":[{"taxonomy":"category","embeddable":true,"href":"https:\/\/www.europesays.com\/fr\/wp-json\/wp\/v2\/categories?post=372635"},{"taxonomy":"post_tag","embeddable":true,"href":"https:\/\/www.europesays.com\/fr\/wp-json\/wp\/v2\/tags?post=372635"}],"curies":[{"name":"wp","href":"https:\/\/api.w.org\/{rel}","templated":true}]}}