{"id":372641,"date":"2025-09-07T09:17:12","date_gmt":"2025-09-07T09:17:12","guid":{"rendered":"https:\/\/www.europesays.com\/fr\/372641\/"},"modified":"2025-09-07T09:17:12","modified_gmt":"2025-09-07T09:17:12","slug":"il-menace-dentrer-en-guerre-contre-une-ville-americaine","status":"publish","type":"post","link":"https:\/\/www.europesays.com\/fr\/372641\/","title":{"rendered":"\u00ab\u00a0Il menace d\u2019entrer en guerre contre une ville am\u00e9ricaine\u00a0\u00bb"},"content":{"rendered":"<p>        <img decoding=\"async\" loading=\"lazy\" src=\"https:\/\/www.europesays.com\/fr\/wp-content\/uploads\/2025\/09\/32bd677_upload-1-s1m9e5yttsvt-capture-d-a-cran-2025-09-07-092511.png\"  width=\"728\" height=\"409\" alt=\"\u00c0 Chicago, les sorties de Trump inqui\u00e8tent\u00a0: \u00ab\u00a0Il menace d\u2019entrer en guerre contre une ville am\u00e9ricaine\u00a0\u00bb (Image g\u00e9n\u00e9r\u00e9e par IA partag\u00e9e par Trump sur Truth Social)\"\/>  <\/p>\n<p>Capture Truth Social Donald Trump<\/p>\n<p>\u00c0 Chicago, les sorties de Trump inqui\u00e8tent\u00a0: \u00ab\u00a0Il menace d\u2019entrer en guerre contre une ville am\u00e9ricaine\u00a0\u00bb (Image g\u00e9n\u00e9r\u00e9e par IA partag\u00e9e par Trump sur Truth Social)<\/p>\n<p class=\"asset asset-text\">ETATS-UNIS &#8211; Donald Trump, toujours plus d\u00e9sesp\u00e9rant. Le pr\u00e9sident am\u00e9ricain menace de faire<a href=\"https:\/\/www.huffingtonpost.fr\/international\/article\/donald-trump-compte-envoyer-la-garde-nationale-a-chicago-les-autorites-locales-repliquent_254342.html\" rel=\"nofollow noopener\" target=\"_blank\"> la guerre \u00e0 l\u2019une de ses propres villes, Chicago<\/a>. Samedi 7\u00a0septembre, il a partag\u00e9 une image cr\u00e9\u00e9e par IA le repr\u00e9sentant devant<a href=\"https:\/\/www.huffingtonpost.fr\/international\/video\/new-york-chicago-apres-los-angeles-la-contestation-de-la-politique-migratoire-de-donald-trump-s-etend_251185.html\" rel=\"nofollow noopener\" target=\"_blank\"> les gratte-ciel de la troisi\u00e8me ville des \u00c9tats-Unis<\/a>, avec des h\u00e9licopt\u00e8res, des flammes et l\u2019inscription \u00ab\u00a0Chipocalypse Now\u00a0\u00bb. R\u00e9f\u00e9rence au film Apocalypse Now, de Coppola 1979 qui d\u00e9peint la guerre de l\u2019Am\u00e9rique au Vietnam.<\/p>\n<p class=\"asset asset-text\">Pour appuyer encore son propos, le r\u00e9publicain \u00e9crit en l\u00e9gende\u00a0sur<a href=\"https:\/\/truthsocial.com\/@realDonaldTrump\/posts\/115158096026629509\" target=\"_blank\" rel=\"noopener nofollow\" title=\"Nouvelle fen\u00eatre\"> Truth Social<\/a>\u00a0: \u00ab\u00a0J\u2019adore l\u2019odeur des d\u00e9portations le matin\u2026\u00a0\u00bb, une autre r\u00e9f\u00e9rence au film\u00a0: \u00ab\u00a0J\u2019aime l\u2019odeur du napalm au petit matin\u00a0\u00bb. Puis \u00ab\u00a0Chicago est sur le point de d\u00e9couvrir pourquoi on l\u2019appelle le D\u00e9partement de la GUERRE\u00a0\u00bb.<\/p>\n<p class=\"asset asset-text\">Il \u00e9voque ainsi le d\u00e9cret qu\u2019il a\u00a0sign\u00e9 vendredi pour\u00a0rebaptiser le minist\u00e8re de la D\u00e9fense en minist\u00e8re de la Guerre et le secr\u00e9taire \u00e0 la D\u00e9fense en secr\u00e9taire \u00e0 la Guerre. Depuis plusieurs jours il <a href=\"https:\/\/www.huffingtonpost.fr\/international\/article\/donald-trump-a-deja-decide-dans-quelle-ville-il-veut-envoyer-la-garde-nationale-apres-washington_253891.html\" rel=\"nofollow noopener\" target=\"_blank\">menace d\u2019envoyer des troupes f\u00e9d\u00e9rales \u00e0 Chicago<\/a> pour s\u2019attaquer \u00e0 la criminalit\u00e9.<\/p>\n<p>    \u00ab\u00a0Dictateur en puissance\u00a0\u00bb    <\/p>\n<p class=\"asset asset-text\">Face \u00e0 cela, l\u2019opposition d\u00e9mocrate d\u00e9nonce<a href=\"https:\/\/www.huffingtonpost.fr\/international\/article\/toujours-plus-violent-trump-promet-le-plus-grand-programme-d-expulsions-de-l-histoire_251391.html\" rel=\"nofollow noopener\" target=\"_blank\"> un \u00ab\u00a0dictateur en puissance\u00a0\u00bb<\/a>. \u00ab\u00a0Ce n\u2019est pas une blague\u00a0\u00bb, a \u00e9crit samedi le gouverneur d\u00e9mocrate de l\u2019Illinois JB Pritzker sur X. \u00ab\u00a0Le pr\u00e9sident des \u00c9tats-Unis menace d\u2019entrer en guerre contre une ville am\u00e9ricaine.\u00a0\u00bb \u00ab\u00a0L\u2019Illinois ne sera pas intimid\u00e9 par un dictateur en puissance\u00a0\u00bb, a ajout\u00e9 cette importante figure d\u00e9mocrate.<\/p>\n<p class=\"asset asset-text\">Qualifiant Chicago de \u00ab\u00a0trous \u00e0 rats\u00a0\u00bb ou de \u00ab\u00a0capitale mondiale du meurtre\u00a0\u00bb, Donald Trump menace depuis fin ao\u00fbt d\u2019y envoyer la garde nationale, le corps militaire de r\u00e9serve qu\u2019il a d\u00e9j\u00e0 fait d\u00e9ployer dans deux autres bastions de l\u2019opposition d\u00e9mocrate\u00a0: Los Angeles, en Californie, et Washington.<\/p>\n<p class=\"asset asset-text\">Des militaires en uniformes, \u00e9quip\u00e9s de v\u00e9hicules blind\u00e9s, patrouillent depuis mi-ao\u00fbt dans la capitale am\u00e9ricaine. Samedi, des centaines, voire des milliers, de personnes ont d\u00e9fil\u00e9 dans les rues de Washington pour protester contre \u00ab\u00a0l\u2019occupation\u00a0\u00bb de la ville par les troupes f\u00e9d\u00e9rales.<\/p>\n<p>    La Nouvelle-Orl\u00e9ans \u00e9galement dans le viseur    <\/p>\n<p class=\"asset asset-text\">\u00ab\u00a0\u00c0 Washington, la grande criminalit\u00e9, c\u2019est \u00e0 la Maison Blanche,\u00a0\u00bb pouvait-on lire sur l\u2019une des pancartes.<\/p>\n<p class=\"asset asset-text\">Mercredi, Donald Trump avait \u00e9galement \u00e9voqu\u00e9 l\u2019envoi de troupes \u00e0 La Nouvelle-Orl\u00e9ans, en plus ou \u00e0 la place de Chicago, sans que ses propos soient pour l\u2019instant suivis d\u2019effet.<\/p>\n<p class=\"asset asset-text\">Vendredi, il a sign\u00e9 son d\u00e9cret visant \u00e0 rebaptiser le minist\u00e8re am\u00e9ricain de la D\u00e9fense, Trump a expliqu\u00e9 qu\u2019il voulait par l\u00e0 envoyer un \u00ab\u00a0message de victoire\u00a0\u00bb et \u00ab\u00a0de force\u00a0\u00bb au reste du monde. Pas s\u00fbr que ce soit le message per\u00e7u.<\/p>\n","protected":false},"excerpt":{"rendered":"Capture Truth Social Donald Trump \u00c0 Chicago, les sorties de Trump inqui\u00e8tent\u00a0: \u00ab\u00a0Il menace d\u2019entrer en guerre contre&hellip;\n","protected":false},"author":2,"featured_media":372642,"comment_status":"","ping_status":"","sticky":false,"template":"","format":"standard","meta":{"footnotes":""},"categories":[5],"tags":[11,17005,75,73,1011,27,14,12,28],"class_list":{"0":"post-372641","1":"post","2":"type-post","3":"status-publish","4":"format-standard","5":"has-post-thumbnail","7":"category-international","8":"tag-actualites","9":"tag-chicago","10":"tag-donald-trump","11":"tag-etats-unis","12":"tag-fr","13":"tag-france","14":"tag-international","15":"tag-news","16":"tag-world"},"share_on_mastodon":{"url":"https:\/\/pubeurope.com\/@fr\/115162267336104887","error":""},"_links":{"self":[{"href":"https:\/\/www.europesays.com\/fr\/wp-json\/wp\/v2\/posts\/372641","targetHints":{"allow":["GET"]}}],"collection":[{"href":"https:\/\/www.europesays.com\/fr\/wp-json\/wp\/v2\/posts"}],"about":[{"href":"https:\/\/www.europesays.com\/fr\/wp-json\/wp\/v2\/types\/post"}],"author":[{"embeddable":true,"href":"https:\/\/www.europesays.com\/fr\/wp-json\/wp\/v2\/users\/2"}],"replies":[{"embeddable":true,"href":"https:\/\/www.europesays.com\/fr\/wp-json\/wp\/v2\/comments?post=372641"}],"version-history":[{"count":0,"href":"https:\/\/www.europesays.com\/fr\/wp-json\/wp\/v2\/posts\/372641\/revisions"}],"wp:featuredmedia":[{"embeddable":true,"href":"https:\/\/www.europesays.com\/fr\/wp-json\/wp\/v2\/media\/372642"}],"wp:attachment":[{"href":"https:\/\/www.europesays.com\/fr\/wp-json\/wp\/v2\/media?parent=372641"}],"wp:term":[{"taxonomy":"category","embeddable":true,"href":"https:\/\/www.europesays.com\/fr\/wp-json\/wp\/v2\/categories?post=372641"},{"taxonomy":"post_tag","embeddable":true,"href":"https:\/\/www.europesays.com\/fr\/wp-json\/wp\/v2\/tags?post=372641"}],"curies":[{"name":"wp","href":"https:\/\/api.w.org\/{rel}","templated":true}]}}