{"id":372643,"date":"2025-09-07T09:18:11","date_gmt":"2025-09-07T09:18:11","guid":{"rendered":"https:\/\/www.europesays.com\/fr\/372643\/"},"modified":"2025-09-07T09:18:11","modified_gmt":"2025-09-07T09:18:11","slug":"en-direct-vote-de-confiance-j-1-je-ferme-la-porte-a-un-gouvernement-de-gauche-assure-laurent-wauquiez-sur-lci-tf1-info","status":"publish","type":"post","link":"https:\/\/www.europesays.com\/fr\/372643\/","title":{"rendered":"EN DIRECT &#8211; Vote de confiance, J-1 : &quot;Je ferme la porte \u00e0 un gouvernement de gauche&quot;, assure Laurent Wauquiez sur LCI &#8211; TF1 Info"},"content":{"rendered":"<ol>\n<li><a href=\"https:\/\/news.google.com\/rss\/articles\/CBMiogJBVV95cUxNaTV3aG9hUTk4NzRBRnV6OGhXb1oyUUpFUi13QmMwLTRhejBqNVVUUU1DMjhGdHhScVl2MUh6UmtXaXdYdTl0elZ1dXZPYXlNdmJfc3FGRlluUEYzaTBNclJVM3l1T3FNc3pEOHVMR2YxTWRUZjQ4ZXdqclFKV1A4Z2Fac1NRNnl6NGdJTml0V2VYMHVTbnQwV0plaHVadGhTSDY1d1IwT0VwSC1BYmVUSnpzaFNsRjRNSDAzNUtfSG5iekltVFRKRE00TnhDVS10bG96alF6ZENkSlRmZUE1MXo4dUNuWU1WLTl3a3JRalBMRVlJWHkzb1N3WlJOM0dQd0hfUk1aNjl6c1kxYkdyMXJKQ2tKaWYzNE8wOS0zNk1kUQ?oc=5\" target=\"_blank\" rel=\"noopener\">EN DIRECT &#8211; Vote de confiance, J-1 : \u00ab\u00a0Je ferme la porte \u00e0 un gouvernement de gauche\u00a0\u00bb, assure Laurent Wauquiez sur LCI<\/a>&nbsp;&nbsp;TF1 Info<\/li>\n<li><a href=\"https:\/\/news.google.com\/rss\/articles\/CBMi6wFBVV95cUxQUXhYTjE1dk1xM0tWdVhlaF81dFJuYnE0eHVOTXowWEdFOXhLNlZSQlM2bEtnenBOcmg4dnROVnQzWC1tZ25VSmZwd0hWcGEzOUJCaXotWU1UY2lFenZoTW5yT1lfWXppeUtkZUhSMlJGXzRhUkZ6R3J0QmxWUjZPSTdZejllemhqMDE2b2JBNmU2bjVubjFLc2xDd2F2VzRQeWkwMTFVZ0RDSll2RE9xVHZyY2M5LUw2TlNXMVJvMkFkUGpLXzJZMG9sZWxnRlJMOWxQZGpER0hpYVlTT3lXSU9mc184b0xTODhV?oc=5\" target=\"_blank\" rel=\"noopener\">Vote de confiance : les d\u00e9put\u00e9s LR auront \u00ab la libert\u00e9 de vote \u00bb, annonce Laurent Wauquiez<\/a>&nbsp;&nbsp;Le Monde.fr<\/li>\n<li><a href=\"https:\/\/news.google.com\/rss\/articles\/CBMi2wFBVV95cUxOZWF0bV8zV1NNNzVBR2hVM0xRbTlfNUtiRWZROEoxREE0UlU5bXBVaEhyQnhqdEF0TV85bW5kVWZsUUtlXzNCT2RLN01YQXFYVkFDUXY4N3dSaS1xQnFZX2ljQjJaWmhkek9CN1psXzFuMzZfdHplclJ3YVhmS0pBdXJ6TEI5dHB5dWMzUHRaUF9OZGRDc3lGZU9MOXpQS2c5TVJVeTFodEt4eTVrLXl4d2VmM3lrRndKV196UDRteEFEZmZPdmhyTll1SDdlckNLUzdJVU5xXzlWNW8?oc=5\" target=\"_blank\" rel=\"noopener\">Vote de confiance : Wauquiez donne \u00ab la libert\u00e9 de vote \u00bb aux d\u00e9put\u00e9s LR, en contradiction avec Retailleau<\/a>&nbsp;&nbsp;Sud Ouest<\/li>\n<li><a href=\"https:\/\/news.google.com\/rss\/articles\/CBMi1wFBVV95cUxOOVBQeFRJalRndVNFNDE3MTNVVHUwZnR0QS1UX1hiem5oR05KMzdlZnZMTVhDRTVLUlVIV0F0SVNzcDl2Q3lqajEtdllNSDdfNzl6Z044N2dMcjBjQVptY0tDbUxDVDRzcjlRSG92TlJwMDZNMHExeUdrN01pSHFhODV4SEtXMkE2MGtlRllJbmctQTRaaGNBVU9hdW5ST2ZBZ1M1c3VJYUpuZzNjcGc1dURudTAtU2RGeE13WG5oY3JYNVhndl9JTmE2X2d2dm1VNjVxM2ZjVQ?oc=5\" target=\"_blank\" rel=\"noopener\">\u00c0 Port-Marly, Bruno Retailleau lance un avertissement : \u00abSi ce sont les socialistes, ce sera sans nous !\u00bb<\/a>&nbsp;&nbsp;Le Figaro<\/li>\n<li><a href=\"https:\/\/news.google.com\/rss\/articles\/CBMi4wJBVV95cUxNZ2xWVWF5VGg1bXltOEM2SDY5Nll5TlJnbjJoVDRlR2JlUnFla1NjTC1ONDBmQllDcU9FVWN2Y3Fubl9PbHFMazdGa3N3NFp4bjFGVmp6em54YkdSWHpmVHlpVWRhWV9fc09CZTFOS3NxVzIwTGY3WlVPNk1BMU5uZG56V1R4dmpwRkRzamR1bk9MWF9ydG1ycjN3RUlCVnJadkE0Z0hIX1ZSMUh0bzR5aTdyYzJpZFV5R29id0k3dWpqcXlOLXl2TXo5REg4WnJxc2lVd0RiRDZsTktoMVp1a1R3RFZrTDQwZHBmQU5GTERsdzc3R0NUd3NqSXhGYW5Rd3N5Tjd1Z3Z2X2hGRFpHWUxGSlllZDU5YnlhTWNzTE1LbHpJOFJXWVpWY3pMOXpnQzBUOEs3WlV3NHV2eHVBUkh4WkE4dWdjUkhlMUZFdHdoSE52aV9TbHB3TGJYS21NZzk0?oc=5\" target=\"_blank\" rel=\"noopener\">\u00ab\u00a0Le pire serait un gouvernement rouge fonc\u00e9\u00a0\u00bb : \u00e0 l&rsquo;universit\u00e9 d&rsquo;\u00e9t\u00e9 du parti LR, des militants divis\u00e9s sur le vote de confiance mais d&rsquo;accord sur l&rsquo;essentiel<\/a>&nbsp;&nbsp;France Info<\/li>\n<\/ol>\n","protected":false},"excerpt":{"rendered":"EN DIRECT &#8211; Vote de confiance, J-1 : \u00ab\u00a0Je ferme la porte \u00e0 un gouvernement de gauche\u00a0\u00bb, assure&hellip;\n","protected":false},"author":2,"featured_media":372644,"comment_status":"","ping_status":"","sticky":false,"template":"","format":"standard","meta":{"footnotes":""},"categories":[4],"tags":[1111,11,1921,416,48196,1073,1011,27,431,1922,50201,12,4144,25,133,4530,14843],"class_list":{"0":"post-372643","1":"post","2":"type-post","3":"status-publish","4":"format-standard","5":"has-post-thumbnail","7":"category-france","8":"tag-actu","9":"tag-actualites","10":"tag-article-video","11":"tag-assemblee-nationale","12":"tag-budget-2026-le-vote-de-confiance","13":"tag-emmanuel-macron","14":"tag-fr","15":"tag-france","16":"tag-francois-bayrou","17":"tag-info","18":"tag-la-derniere-carte-de-francois-bayrou","19":"tag-news","20":"tag-politique-du-gouvernement","21":"tag-republique-francaise","22":"tag-video","23":"tag-video-politique","24":"tag-vie-politique-francaise"},"share_on_mastodon":{"url":"https:\/\/pubeurope.com\/@fr\/115162271173822870","error":""},"_links":{"self":[{"href":"https:\/\/www.europesays.com\/fr\/wp-json\/wp\/v2\/posts\/372643","targetHints":{"allow":["GET"]}}],"collection":[{"href":"https:\/\/www.europesays.com\/fr\/wp-json\/wp\/v2\/posts"}],"about":[{"href":"https:\/\/www.europesays.com\/fr\/wp-json\/wp\/v2\/types\/post"}],"author":[{"embeddable":true,"href":"https:\/\/www.europesays.com\/fr\/wp-json\/wp\/v2\/users\/2"}],"replies":[{"embeddable":true,"href":"https:\/\/www.europesays.com\/fr\/wp-json\/wp\/v2\/comments?post=372643"}],"version-history":[{"count":0,"href":"https:\/\/www.europesays.com\/fr\/wp-json\/wp\/v2\/posts\/372643\/revisions"}],"wp:featuredmedia":[{"embeddable":true,"href":"https:\/\/www.europesays.com\/fr\/wp-json\/wp\/v2\/media\/372644"}],"wp:attachment":[{"href":"https:\/\/www.europesays.com\/fr\/wp-json\/wp\/v2\/media?parent=372643"}],"wp:term":[{"taxonomy":"category","embeddable":true,"href":"https:\/\/www.europesays.com\/fr\/wp-json\/wp\/v2\/categories?post=372643"},{"taxonomy":"post_tag","embeddable":true,"href":"https:\/\/www.europesays.com\/fr\/wp-json\/wp\/v2\/tags?post=372643"}],"curies":[{"name":"wp","href":"https:\/\/api.w.org\/{rel}","templated":true}]}}