{"id":372645,"date":"2025-09-07T09:19:10","date_gmt":"2025-09-07T09:19:10","guid":{"rendered":"https:\/\/www.europesays.com\/fr\/372645\/"},"modified":"2025-09-07T09:19:10","modified_gmt":"2025-09-07T09:19:10","slug":"elle-raconte-laccident-mortel-de-pirou","status":"publish","type":"post","link":"https:\/\/www.europesays.com\/fr\/372645\/","title":{"rendered":"elle raconte l\u2019accident mortel de Pirou"},"content":{"rendered":"<p>            Par<br \/>\n        <strong><br \/>\n            <a href=\"https:\/\/actu.fr\/auteur\/l-ameline\" title=\"Consulter tous les articles de Ludovic Ameline\" rel=\"nofollow noopener\" target=\"_blank\">Ludovic Ameline<\/a><br \/>\n        <\/strong><\/p>\n<p>        Publi\u00e9 le<\/p>\n<p>            7 sept. 2025 \u00e0 10h09        <\/p>\n<p>Cela aurait d\u00fb \u00eatre un apr\u00e8s-midi paisible au bord de la mer \u00e0 <a href=\"https:\/\/actu.fr\/normandie\/pirou_50403\" rel=\"nofollow noopener\" target=\"_blank\">Pirou<\/a> (<a href=\"https:\/\/actu.fr\/normandie\/manche_50\" rel=\"nofollow noopener\" target=\"_blank\">Manche<\/a>). Samedi 6\u00a0septembre 2025 <b>vers 17\u00a0heures<\/b>, les promeneurs profitaient encore de la douceur sur la cale de Pirou-Plage.<\/p>\n<p class=\" wall-content\">Mais en quelques secondes, le d\u00e9cor s\u2019est transform\u00e9 en <b>cauchemar\u2009: <\/b>rue Fernand-Desplanques, un v\u00e9hicule a surgi et a fauch\u00e9 <b>quatre personnes<\/b> avant de s\u2019immobiliser violemment sur le flanc, en bordure de cale. Inimaginable.<\/p>\n<p>Une tranquillit\u00e9 soudainement bris\u00e9e<\/p>\n<p class=\" wall-content\"><b>Le fracas de la t\u00f4le, les cris de panique puis le silence lourd.<\/b> Dans ce coin habituellement anim\u00e9 de familles et de vacanciers, la sid\u00e9ration a fig\u00e9 les visages.<\/p>\n<p class=\" wall-content\">Le conducteur aurait \u00e9t\u00e9 victime d\u2019un <b>malaise brutal<\/b>, selon les premiers t\u00e9moignages recueillis.<\/p>\n<p class=\" wall-content\">La voiture a poursuivi sa route pour happer sur son passage <b>un petit groupe de pi\u00e9tons.<\/b> Sur la chauss\u00e9e, <b>une femme n\u2019a pas surv\u00e9cu. <\/b>Les trois autres pi\u00e9tons victimes sont \u00e2g\u00e9s <b>de 48 \u00e0 77\u00a0ans<\/b> et le<b> pronostic vital \u00e9tait engag\u00e9 pour deux d\u2019entre eux.<\/b> Ils ont \u00e9t\u00e9 transport\u00e9s en urgence absolue.<\/p>\n<p class=\" wall-content\">Le conducteur, \u00e2g\u00e9 de <b>81\u00a0ans, n\u2019est que l\u00e9g\u00e8rement bless\u00e9<\/b>, a pr\u00e9cis\u00e9 \u00e0 l\u2019AFP une source proche du dossier. Il en est <b>de m\u00eame pour sa passag\u00e8re.<\/b><\/p>\n<blockquote class=\"ac-article-quote wall-content\">\n<p>\u00ab\u2009Je voyais des passants \u00f4ter leurs ceinturons pour faire des garrots aux victimes.\u2009\u00bb<\/p>\n<p>Emmanuelle Morin-Delavenne<\/p><\/blockquote>\n<p class=\" wall-content\">Les t\u00e9moins, sous le choc, se sont imm\u00e9diatement port\u00e9s <b>au secours des victimes.<\/b> Autour de la sc\u00e8ne, de nombreux vacanciers et habitants en promenade ont assist\u00e9 impuissants \u00e0 l\u2019accident.<\/p>\n<p>Votre r\u00e9gion, votre actu !<\/p>\n<p>Recevez chaque jour les infos qui comptent pour vous.<\/p>\n<p>\t<a href=\"https:\/\/actu.fr\/newsletter\" class=\"ac-btn ac-btn--corner ac-btn--medium ac-btn--blue800\" rel=\"nofollow noopener\" target=\"_blank\">S&rsquo;incrire<\/a><\/p>\n<p class=\" wall-content\">\u00ab\u2009J\u2019y \u00e9tais, <b>une horreur<\/b>, t\u00e9moigne la Cherbourgeoise Emmanuelle Morin-Delavenne, encore boulevers\u00e9e. Nous avons entendu de grands booms, puis la voiture accident\u00e9e s\u2019est renvers\u00e9e. Je ne savais pas quoi faire. J\u2019allais appeler les secours mais je voyais tous ces gens t\u00e9l\u00e9phoner. Nous avons attendu sur la plage. <b>Je voyais des passants \u00f4ter leurs ceinturons pour faire des garrots aux victimes.<\/b> On comprend la gravit\u00e9 de la situation rien qu\u2019\u00e0 voir \u00e7a. Cinq minutes avant, mon petit-fils et moi \u00e9tions \u00e0 l\u2019endroit m\u00eame o\u00f9 le v\u00e9hicule s\u2019est arr\u00eat\u00e9. Nous avions h\u00e9sit\u00e9 \u00e0 aller acheter une glace. Nous avions pr\u00e9f\u00e9r\u00e9 aller marcher sur le sable.\u2009\u00bb<\/p>\n<p class=\" wall-content\">Un choix qui s\u2019est av\u00e9r\u00e9 salvateur. \u00ab\u2009<b>J\u2019ai pleur\u00e9 toutes les larmes de mon corps sur la route du retour. On ne revient pas indemne d\u2019un tel choc.\u2009<\/b>\u00bb<\/p>\n<p>Un dispositif m\u00e9dical et de secours exceptionnel<\/p>\n<p class=\" wall-content\"><b>Elle n\u2019est pas la seule \u00e0 \u00e9voquer ce climat d\u2019effroi.<\/b> Certains vacanciers et riverains, incr\u00e9dules, se tenaient la t\u00eate dans les mains. D\u2019autres, au contraire, couraient chercher de l\u2019aide ou appelaient les secours.<\/p>\n<p class=\" wall-content\">La plage, soudainement paralys\u00e9e, a \u00e9t\u00e9 envahie par un silence irr\u00e9guli\u00e8rement bris\u00e9 par le son des sir\u00e8nes.\u00a0L\u2019\u00e9quipage de <b>l\u2019h\u00e9licopt\u00e8re Dragon 50 <\/b>fut sans doute le premier \u00e0 arriver rapidement sur la zone.<\/p>\n<p class=\" wall-content\">\u00c0 l\u2019arriv\u00e9e des secours, le spectacle \u00e9tait d\u2019une gravit\u00e9 saisissante. <b>Six victimes ont d\u00fb \u00eatre prises en charge\u2009<\/b>: les quatre pi\u00e9tons happ\u00e9s par la voiture et les deux occupants du v\u00e9hicule. Sur le bitume, chaque geste, chaque minute comptait.<\/p>\n<p class=\" wall-content\">Face \u00e0 la catastrophe, un <b>dispositif m\u00e9dical et de secours exceptionnel <\/b>a \u00e9t\u00e9 d\u00e9ploy\u00e9\u2009: trente-six sapeurs-pompiers issus de sept centres d\u2019incendie et de secours, appuy\u00e9s par six ambulances, un v\u00e9hicule de secours routier et une unit\u00e9 infirmi\u00e8re. Trois \u00e9quipes du Smur ont converg\u00e9, accompagn\u00e9es de trois h\u00e9licopt\u00e8res \u2013 Dragon 50, Dragon 76 et H\u00e9lismur 61 \u2013 pour assurer les \u00e9vacuations vers diff\u00e9rents h\u00f4pitaux de la r\u00e9gion.<\/p>\n<p>La piste du malaise privil\u00e9gi\u00e9e<\/p>\n<p class=\" wall-content\">Rapidement saisi, le parquet de Coutances a confirm\u00e9 que la piste de l\u2019accident m\u00e9dicalement caus\u00e9 est <b>privil\u00e9gi\u00e9e<\/b>. \u00ab\u2009Il semblerait que le conducteur du v\u00e9hicule, \u00e9quip\u00e9 d\u2019une bo\u00eete automatique, ait \u00e9t\u00e9 pris d\u2019un <b>malaise<\/b>. La voiture a poursuivi sa route sur plusieurs m\u00e8tres avant de percuter un groupe de personnes\u2009\u00bb, a indiqu\u00e9 le procureur de la R\u00e9publique, Gauthier Poupeau.<\/p>\n<p class=\" wall-content\">Celui-ci a exclu tout caract\u00e8re intentionnel.<\/p>\n<p class=\" wall-content\">Alors que les gendarmes de la compagnie de Coutances se penchent d\u00e9sormais sur les circonstances pr\u00e9cises, <b>une cellule psychologique <\/b>a \u00e9t\u00e9 aussit\u00f4t mise en place pour accueillir les t\u00e9moins les plus choqu\u00e9s. Car face \u00e0 une telle violence, l\u2019onde de choc d\u00e9passe les bless\u00e9s directs\u2009: <b>tout un village de bord de mer est meurtri, <\/b>vacanciers comme habitants.<\/p>\n<p class=\" wall-content\">En ce samedi de fin d\u2019\u00e9t\u00e9, Pirou ne s\u2019attendait pas \u00e0 basculer dans l\u2019impensable. Les regards \u00e9teints et les larmes de certains habitants rappelaient que le drame, lui, laissera une empreinte profonde sur cette plage habituellement gage de qui\u00e9tude.<\/p>\n<p class=\" wall-content\">Personnalisez votre actualit\u00e9 en ajoutant vos villes et m\u00e9dias en favori avec <a href=\"https:\/\/moncompte.actu.fr\" title=\"D\u00e9couvez Mon Actu\" rel=\"nofollow noopener\" data-trk=\"{&quot;cta&quot;:{&quot;action&quot;:&quot;https:\\\/\\\/moncompte.actu.fr&quot;,&quot;category&quot;:&quot;mon compte&quot;,&quot;from&quot;:&quot;article footer&quot;,&quot;name&quot;:&quot;Mon actu&quot;,&quot;type&quot;:&quot;cta&quot;}}\" target=\"_blank\">Mon Actu<\/a>.<\/p>\n","protected":false},"excerpt":{"rendered":"Par Ludovic Ameline Publi\u00e9 le 7 sept. 2025 \u00e0 10h09 Cela aurait d\u00fb \u00eatre un apr\u00e8s-midi paisible au&hellip;\n","protected":false},"author":2,"featured_media":372646,"comment_status":"","ping_status":"","sticky":false,"template":"","format":"standard","meta":{"footnotes":""},"categories":[2],"tags":[119,11,118,1011,27,3381,12,1311],"class_list":{"0":"post-372645","1":"post","2":"type-post","3":"status-publish","4":"format-standard","5":"has-post-thumbnail","7":"category-actualites","8":"tag-accident","9":"tag-actualites","10":"tag-faits-divers","11":"tag-fr","12":"tag-france","13":"tag-gendarmerie","14":"tag-news","15":"tag-pompiers"},"share_on_mastodon":{"url":"https:\/\/pubeurope.com\/@fr\/115162275142331729","error":""},"_links":{"self":[{"href":"https:\/\/www.europesays.com\/fr\/wp-json\/wp\/v2\/posts\/372645","targetHints":{"allow":["GET"]}}],"collection":[{"href":"https:\/\/www.europesays.com\/fr\/wp-json\/wp\/v2\/posts"}],"about":[{"href":"https:\/\/www.europesays.com\/fr\/wp-json\/wp\/v2\/types\/post"}],"author":[{"embeddable":true,"href":"https:\/\/www.europesays.com\/fr\/wp-json\/wp\/v2\/users\/2"}],"replies":[{"embeddable":true,"href":"https:\/\/www.europesays.com\/fr\/wp-json\/wp\/v2\/comments?post=372645"}],"version-history":[{"count":0,"href":"https:\/\/www.europesays.com\/fr\/wp-json\/wp\/v2\/posts\/372645\/revisions"}],"wp:featuredmedia":[{"embeddable":true,"href":"https:\/\/www.europesays.com\/fr\/wp-json\/wp\/v2\/media\/372646"}],"wp:attachment":[{"href":"https:\/\/www.europesays.com\/fr\/wp-json\/wp\/v2\/media?parent=372645"}],"wp:term":[{"taxonomy":"category","embeddable":true,"href":"https:\/\/www.europesays.com\/fr\/wp-json\/wp\/v2\/categories?post=372645"},{"taxonomy":"post_tag","embeddable":true,"href":"https:\/\/www.europesays.com\/fr\/wp-json\/wp\/v2\/tags?post=372645"}],"curies":[{"name":"wp","href":"https:\/\/api.w.org\/{rel}","templated":true}]}}