{"id":372647,"date":"2025-09-07T09:20:13","date_gmt":"2025-09-07T09:20:13","guid":{"rendered":"https:\/\/www.europesays.com\/fr\/372647\/"},"modified":"2025-09-07T09:20:13","modified_gmt":"2025-09-07T09:20:13","slug":"saint-just-malmont-les-classes-en-5-sen-donnent-a-coeur-joie-video","status":"publish","type":"post","link":"https:\/\/www.europesays.com\/fr\/372647\/","title":{"rendered":"Saint-Just-Malmont : les classes en 5 s&rsquo;en donnent \u00e0 coeur joie (vid\u00e9o)"},"content":{"rendered":"<p>\t\t\t\t\t\t\t\t\t\t\t\t\t\t\t\t\t\t\t\t\t\t\t\t\t\t\t\t\t\t\t\t\t\t\t\t\t\t\t\t\t\t\t\t\t\t<img decoding=\"async\" loading=\"lazy\" src=\"https:\/\/www.europesays.com\/fr\/wp-content\/uploads\/2025\/08\/carre_copy_copy.gif\" alt=\"Fraisse David carr\u00e9 2024\"\/><\/p>\n<p><strong>La f\u00eate patronale de Saint-Just-Malmont bat son plein ce week-end. Samedi, les classes en 5 ont travers\u00e9 le bourg.<\/strong><\/p>\n<p>Samedi, le corso des classes en 5 \u00e9tait anim\u00e9 par la Band&rsquo;\u00e0 Banda en fin d&rsquo;apr\u00e8s-midi, confortablement install\u00e9e sur la remorque d&rsquo;un tracteur.<\/p>\n<p>On retrouvait des classards de 1 \u00e0 90 ans. Les 10 ans \u00e9taient en Minions. Les 20 ans ont parqu\u00e9 les animaux exotiques. Les 30 ans ont montr\u00e9 leur fiert\u00e9 d&rsquo;\u00eatre les petits-enfants des gueules noires. Les 40 ans sont retomb\u00e9s en enfance avec Mario Kart. Les 50 ans ont travers\u00e9 \u00e0 bord d&rsquo;une discoth\u00e8que ambulante. Les 60 ans ont rappel\u00e9 le mariage entre Sylvie et Johnny le 12 avril 1965. Les 70, 80 et 90 ans \u00e9taient dans l&rsquo;esprit guinguette.<\/p>\n<p>Ce dimanche, apr\u00e8s le le r\u00e9veil en fanfare par la Jeune Rubani\u00e8re, la journ\u00e9e sera occup\u00e9e par les man\u00e8ges.<\/p>\n<p>Et lundi, ce sera double service pour la soupe aux choux avec un repas \u00e0 12 \u20ac, un premier \u00e0 partir de 8 heures et un autre \u00e0 19 heures par la Boule Amicale au boulodrome.<\/p><\/p>\n","protected":false},"excerpt":{"rendered":"La f\u00eate patronale de Saint-Just-Malmont bat son plein ce week-end. Samedi, les classes en 5 ont travers\u00e9 le&hellip;\n","protected":false},"author":2,"featured_media":372648,"comment_status":"","ping_status":"","sticky":false,"template":"","format":"standard","meta":{"footnotes":""},"categories":[9653],"tags":[1111,2281,11,2430,1777,674,2282,1011,27,2280,2284,2285,2283,12,25,4001],"class_list":{"0":"post-372647","1":"post","2":"type-post","3":"status-publish","4":"format-standard","5":"has-post-thumbnail","7":"category-saint-etienne","8":"tag-actu","9":"tag-actualite-43","10":"tag-actualites","11":"tag-auvergne-rhone-alpes","12":"tag-eu","13":"tag-europe","14":"tag-faits-divers-auvergne","15":"tag-fr","16":"tag-france","17":"tag-information-haute-loire","18":"tag-infos-43","19":"tag-journal-haute-loire","20":"tag-la-commere-43","21":"tag-news","22":"tag-republique-francaise","23":"tag-saint-etienne"},"share_on_mastodon":{"url":"https:\/\/pubeurope.com\/@fr\/115162279208296361","error":""},"_links":{"self":[{"href":"https:\/\/www.europesays.com\/fr\/wp-json\/wp\/v2\/posts\/372647","targetHints":{"allow":["GET"]}}],"collection":[{"href":"https:\/\/www.europesays.com\/fr\/wp-json\/wp\/v2\/posts"}],"about":[{"href":"https:\/\/www.europesays.com\/fr\/wp-json\/wp\/v2\/types\/post"}],"author":[{"embeddable":true,"href":"https:\/\/www.europesays.com\/fr\/wp-json\/wp\/v2\/users\/2"}],"replies":[{"embeddable":true,"href":"https:\/\/www.europesays.com\/fr\/wp-json\/wp\/v2\/comments?post=372647"}],"version-history":[{"count":0,"href":"https:\/\/www.europesays.com\/fr\/wp-json\/wp\/v2\/posts\/372647\/revisions"}],"wp:featuredmedia":[{"embeddable":true,"href":"https:\/\/www.europesays.com\/fr\/wp-json\/wp\/v2\/media\/372648"}],"wp:attachment":[{"href":"https:\/\/www.europesays.com\/fr\/wp-json\/wp\/v2\/media?parent=372647"}],"wp:term":[{"taxonomy":"category","embeddable":true,"href":"https:\/\/www.europesays.com\/fr\/wp-json\/wp\/v2\/categories?post=372647"},{"taxonomy":"post_tag","embeddable":true,"href":"https:\/\/www.europesays.com\/fr\/wp-json\/wp\/v2\/tags?post=372647"}],"curies":[{"name":"wp","href":"https:\/\/api.w.org\/{rel}","templated":true}]}}