{"id":372657,"date":"2025-09-07T09:28:08","date_gmt":"2025-09-07T09:28:08","guid":{"rendered":"https:\/\/www.europesays.com\/fr\/372657\/"},"modified":"2025-09-07T09:28:08","modified_gmt":"2025-09-07T09:28:08","slug":"un-adolescent-victime-de-quatre-coups-de-couteau","status":"publish","type":"post","link":"https:\/\/www.europesays.com\/fr\/372657\/","title":{"rendered":"un adolescent victime de quatre coups de couteau"},"content":{"rendered":"<p>            Par<br \/>\n        <strong><br \/>\n            <a href=\"https:\/\/actu.fr\/auteur\/metropoop\" title=\"Consulter tous les articles de R\u00e9daction M\u00e9tropolitain\" rel=\"nofollow noopener\" target=\"_blank\">R\u00e9daction M\u00e9tropolitain<\/a><br \/>\n        <\/strong><\/p>\n<p>        Publi\u00e9 le<\/p>\n<p>            7 sept. 2025 \u00e0 10h56        <\/p>\n<p>Dans la soir\u00e9e de ce samedi 6 septembre 2025, vers 19h, \u00e0 Montpellier, un adolescent \u00e2g\u00e9 de 17 ans a \u00e9t\u00e9 <strong>poignard\u00e9 au bras, \u00e0 la main et \u00e0 la cuisse<\/strong>. Les faits se sont d\u00e9roul\u00e9s au niveau du <strong>stade de football de la Mosson<\/strong>.\u00a0<\/p>\n<p>Les trois agresseurs en fuite<\/p>\n<p class=\" wall-content\">La victime est arriv\u00e9e en courant sur le parking d\u2019une pelouse annexe du stade du MHSC o\u00f9 se trouvaient des t\u00e9moins. Elle \u00e9tait\u00a0<strong>poursuivie par trois individus<\/strong> qui, apr\u00e8s l\u2019avoir poignard\u00e9 \u00e0 quatre reprises avec une arme blanche, ont <strong>pris la fuite<\/strong>. Bien que ses jours ne soient pas en danger il a \u00e9t\u00e9 admis, par pr\u00e9caution, au <strong>D\u00e9partement anesth\u00e9sie r\u00e9animation<\/strong>\u00a0-DAR A- du CHU de Montpellier.<\/p>\n<p class=\" wall-content\">Pour l\u2019heure, les circonstances de cette agression sont inconnues. Le <strong>Service local de police judiciaire<\/strong> -Slpj- de la DIPN 34 sont charg\u00e9s de l\u2019enqu\u00eate.<\/p>\n<p class=\" wall-content\">Personnalisez votre actualit\u00e9 en ajoutant vos villes et m\u00e9dias en favori avec <a href=\"https:\/\/moncompte.actu.fr\" title=\"D\u00e9couvez Mon Actu\" rel=\"nofollow noopener\" data-trk=\"{&quot;cta&quot;:{&quot;action&quot;:&quot;https:\\\/\\\/moncompte.actu.fr&quot;,&quot;category&quot;:&quot;mon compte&quot;,&quot;from&quot;:&quot;article footer&quot;,&quot;name&quot;:&quot;Mon actu&quot;,&quot;type&quot;:&quot;cta&quot;}}\" target=\"_blank\">Mon Actu<\/a>.<\/p>\n","protected":false},"excerpt":{"rendered":"Par R\u00e9daction M\u00e9tropolitain Publi\u00e9 le 7 sept. 2025 \u00e0 10h56 Dans la soir\u00e9e de ce samedi 6 septembre&hellip;\n","protected":false},"author":2,"featured_media":372658,"comment_status":"","ping_status":"","sticky":false,"template":"","format":"standard","meta":{"footnotes":""},"categories":[9599],"tags":[1111,11,1777,674,1011,27,2208,12,2680,25,104],"class_list":{"0":"post-372657","1":"post","2":"type-post","3":"status-publish","4":"format-standard","5":"has-post-thumbnail","7":"category-montpellier","8":"tag-actu","9":"tag-actualites","10":"tag-eu","11":"tag-europe","12":"tag-fr","13":"tag-france","14":"tag-montpellier","15":"tag-news","16":"tag-occitanie","17":"tag-republique-francaise","18":"tag-societe"},"share_on_mastodon":{"url":"https:\/\/pubeurope.com\/@fr\/115162310418586869","error":""},"_links":{"self":[{"href":"https:\/\/www.europesays.com\/fr\/wp-json\/wp\/v2\/posts\/372657","targetHints":{"allow":["GET"]}}],"collection":[{"href":"https:\/\/www.europesays.com\/fr\/wp-json\/wp\/v2\/posts"}],"about":[{"href":"https:\/\/www.europesays.com\/fr\/wp-json\/wp\/v2\/types\/post"}],"author":[{"embeddable":true,"href":"https:\/\/www.europesays.com\/fr\/wp-json\/wp\/v2\/users\/2"}],"replies":[{"embeddable":true,"href":"https:\/\/www.europesays.com\/fr\/wp-json\/wp\/v2\/comments?post=372657"}],"version-history":[{"count":0,"href":"https:\/\/www.europesays.com\/fr\/wp-json\/wp\/v2\/posts\/372657\/revisions"}],"wp:featuredmedia":[{"embeddable":true,"href":"https:\/\/www.europesays.com\/fr\/wp-json\/wp\/v2\/media\/372658"}],"wp:attachment":[{"href":"https:\/\/www.europesays.com\/fr\/wp-json\/wp\/v2\/media?parent=372657"}],"wp:term":[{"taxonomy":"category","embeddable":true,"href":"https:\/\/www.europesays.com\/fr\/wp-json\/wp\/v2\/categories?post=372657"},{"taxonomy":"post_tag","embeddable":true,"href":"https:\/\/www.europesays.com\/fr\/wp-json\/wp\/v2\/tags?post=372657"}],"curies":[{"name":"wp","href":"https:\/\/api.w.org\/{rel}","templated":true}]}}