{"id":372661,"date":"2025-09-07T09:33:09","date_gmt":"2025-09-07T09:33:09","guid":{"rendered":"https:\/\/www.europesays.com\/fr\/372661\/"},"modified":"2025-09-07T09:33:09","modified_gmt":"2025-09-07T09:33:09","slug":"les-pompiers-en-intervention-decouvrent-des-armes-et-une-grenade-dans-un-appartement","status":"publish","type":"post","link":"https:\/\/www.europesays.com\/fr\/372661\/","title":{"rendered":"les pompiers en intervention d\u00e9couvrent des armes et une grenade dans un appartement"},"content":{"rendered":"<p itemprop=\"description\"><strong>Ce vendredi soir, un incendie s&rsquo;est produit dans un immeuble de la rue le Brix \u00e0 Grenoble.<\/strong><\/p>\n<p>Pour faire \u00e9vacuer les lieux, les pompiers ont enfonc\u00e9 la porte d&rsquo;un appartement o\u00f9 le locataire ne r\u00e9pondait pas. Et pour cause, il \u00e9tait absent.<\/p>\n<p>A l&rsquo;int\u00e9rieur, les soldats du feu sont tomb\u00e9s sur un v\u00e9ritable arsenal, avec une dizaine d&rsquo;armes \u00e0 feu, une centaine de munitions et m\u00eame une grenade.<\/p>\n<p>La police a donc \u00e9t\u00e9 pr\u00e9venue, et a pu interpeller le locataire rentr\u00e9 dans la soir\u00e9e. Le jeune homme a expliqu\u00e9 \u00eatre un collectionneur, qui chinait des armes dans les brocantes.<\/p>\n<p>La grenade retrouv\u00e9e \u00e9tait factice, tandis qu&rsquo;un obus \u00e9tait d\u00e9couvert dans son garage selon le Dauphin\u00e9 Lib\u00e9r\u00e9.<\/p>\n<p>Puisqu&rsquo;il n&rsquo;avait pas les autorisations n\u00e9cessaires pour poss\u00e9der ces armes, le Grenoblois a \u00e9t\u00e9 laiss\u00e9 libre sans poursuite, mais son arsenal a \u00e9t\u00e9 saisi et sera d\u00e9truit.<\/p>\n","protected":false},"excerpt":{"rendered":"Ce vendredi soir, un incendie s&rsquo;est produit dans un immeuble de la rue le Brix \u00e0 Grenoble. Pour&hellip;\n","protected":false},"author":2,"featured_media":372662,"comment_status":"","ping_status":"","sticky":false,"template":"","format":"standard","meta":{"footnotes":""},"categories":[9566],"tags":[1111,11,7733,8279,2430,7736,650,7734,2889,2263,1777,674,1011,27,2731,8280,6417,1114,108,4662,12,3725,1825,25,7737],"class_list":{"0":"post-372661","1":"post","2":"type-post","3":"status-publish","4":"format-standard","5":"has-post-thumbnail","7":"category-grenoble","8":"tag-actu","9":"tag-actualites","10":"tag-alpes","11":"tag-alpes1","12":"tag-auvergne-rhone-alpes","13":"tag-cds","14":"tag-cinema","15":"tag-ecoute","16":"tag-emission","17":"tag-equipe","18":"tag-eu","19":"tag-europe","20":"tag-fr","21":"tag-france","22":"tag-grenoble","23":"tag-haute","24":"tag-information","25":"tag-infos","26":"tag-isere","27":"tag-journal","28":"tag-news","29":"tag-podcast","30":"tag-radio","31":"tag-republique-francaise","32":"tag-winamp"},"share_on_mastodon":{"url":"https:\/\/pubeurope.com\/@fr\/115162330312326880","error":""},"_links":{"self":[{"href":"https:\/\/www.europesays.com\/fr\/wp-json\/wp\/v2\/posts\/372661","targetHints":{"allow":["GET"]}}],"collection":[{"href":"https:\/\/www.europesays.com\/fr\/wp-json\/wp\/v2\/posts"}],"about":[{"href":"https:\/\/www.europesays.com\/fr\/wp-json\/wp\/v2\/types\/post"}],"author":[{"embeddable":true,"href":"https:\/\/www.europesays.com\/fr\/wp-json\/wp\/v2\/users\/2"}],"replies":[{"embeddable":true,"href":"https:\/\/www.europesays.com\/fr\/wp-json\/wp\/v2\/comments?post=372661"}],"version-history":[{"count":0,"href":"https:\/\/www.europesays.com\/fr\/wp-json\/wp\/v2\/posts\/372661\/revisions"}],"wp:featuredmedia":[{"embeddable":true,"href":"https:\/\/www.europesays.com\/fr\/wp-json\/wp\/v2\/media\/372662"}],"wp:attachment":[{"href":"https:\/\/www.europesays.com\/fr\/wp-json\/wp\/v2\/media?parent=372661"}],"wp:term":[{"taxonomy":"category","embeddable":true,"href":"https:\/\/www.europesays.com\/fr\/wp-json\/wp\/v2\/categories?post=372661"},{"taxonomy":"post_tag","embeddable":true,"href":"https:\/\/www.europesays.com\/fr\/wp-json\/wp\/v2\/tags?post=372661"}],"curies":[{"name":"wp","href":"https:\/\/api.w.org\/{rel}","templated":true}]}}