{"id":372663,"date":"2025-09-07T09:34:24","date_gmt":"2025-09-07T09:34:24","guid":{"rendered":"https:\/\/www.europesays.com\/fr\/372663\/"},"modified":"2025-09-07T09:34:24","modified_gmt":"2025-09-07T09:34:24","slug":"la-candidature-de-laurence-ruffin-dechire-la-majorite-municipale","status":"publish","type":"post","link":"https:\/\/www.europesays.com\/fr\/372663\/","title":{"rendered":"LA CANDIDATURE DE LAURENCE RUFFIN D\u00c9CHIRE LA MAJORIT\u00c9 MUNICIPALE"},"content":{"rendered":"<p>Posted On 7 septembre 2025 <\/p>\n<p style=\"text-align: justify;\">La candidate de Piolle, Laurence Ruffin qui pr\u00e9tendait de toute sa hauteur &#8211; copiant son mentor &#8211; qu&rsquo;elle ne serait candidate que de toute la gauche se trouve m\u00eame tr\u00e8s contest\u00e9e \u00e0 l&rsquo;int\u00e9rieur m\u00eame des seuls Verts. Elle pourrait m\u00eame \u00eatre \u00e9ject\u00e9e du fameux \u00ab\u00a0processus\u00a0\u00bb pour d\u00e9signer la candidate, qui \u00e9tait un faux, comme tout le reste.\u00a0<\/p>\n<p style=\"text-align: justify;\">Lucille Lheureux r\u00e9cidive dans le \u00ab\u00a0Dauphin\u00e9\u00a0\u00bb(6\/9\/25). <a href=\"https:\/\/grenoble-le-changement.fr\/2025\/09\/06\/la-candidature-de-laurence-ruffin-empechee-par-lucille-lheureux-et-les-verts\/\" rel=\"nofollow noopener\" target=\"_blank\">Apr\u00e8s avoir saisi les instances nationales<\/a> des m\u00e9thodes de Piolle pour l&rsquo;\u00e9liminer &#8211; pressions, intimidations, probablement menaces verbales &#8211; elle affirme que \u00ab son parti a soutenu sa candidature. \u00c9ric Piolle ne peut pas user de son pouvoir pour me pousser \u00e0 me retirer, alors que je ne le veux pas. C\u2019est choquant. Il m\u2019a quand m\u00eame \u00e9crit une lettre avant que je parte en vacances pour me mettre la pression (&#8230;)c\u2019est lui qui entrave le processus. \u00bb<\/p>\n<p><img decoding=\"async\" data-id=\"84515\" src=\"https:\/\/i0.wp.com\/grenoble-le-changement.fr\/wp-content\/uploads\/2025\/09\/alerte-rouge-verts.png?w=678&amp;ssl=1\" alt=\"\" class=\"wp-image-84515 jetpack-lazy-image\" data-recalc-dims=\"1\" data-lazy-src=\"https:\/\/i0.wp.com\/grenoble-le-changement.fr\/wp-content\/uploads\/2025\/09\/alerte-rouge-verts.png?w=678&amp;is-pending-load=1#038;ssl=1\" \/>\u00ab\u00a0Alerte rouge chez les verts\u00a0\u00bb, titre le journal tr\u00e8s pro verts Lib\u00e9ration apr\u00e8s la sortie de Lheureux<br \/>\nPour Lib\u00e9ration, alerte rouge chez les Verts \u00e0 Grenoble&#8230;<\/p>\n<p><strong>L. LHEUREUX CANDIDATE \u00ab\u00a0SANS R\u00caVE DE PR\u00c9SIDENTIELLE\u00a0\u00bb (!)\u00a0<\/strong><\/p>\n<p style=\"text-align: justify;\">Elle veut \u00eatre candidate<a href=\"https:\/\/grenoble-le-changement.fr\/2025\/01\/02\/2025-e-piolle-relance-sa-campagne-presidentielle\/\" rel=\"nofollow noopener\" target=\"_blank\"> \u00ab\u00a0sans r\u00eave de pr\u00e9sidentielle\u00a0\u00bb (!)<\/a>. Elle veut que \u00e7a cesse les \u00ab\u00a0hommes tout-puissants qui d\u00e9cident de tout dans les couloirs\u00a0\u00bb. L&rsquo;autoritarisme de Piolle et le fonctionnement clanique de la majorit\u00e9 municipale ne pouvaient que faire \u00e9clater le syst\u00e8me. Une Lucille Lheureux qui a \u00e9t\u00e9 loyale et d\u00e9vou\u00e9e jusqu&rsquo;au bout, qui a tout cautionn\u00e9, s&rsquo;en trouve elle-m\u00eame victime. Apr\u00e8s Hakim Sabri, Pascal Clouaire et quelques autres \u00e9cras\u00e9s par le syst\u00e8me d&rsquo;une brutalit\u00e9 et d&rsquo;un cynisme \u00e0 toute \u00e9preuve.\u00a0<\/p>\n<p style=\"text-align: justify;\"><strong>SERA-T-ELLE EXCLUE DE LA MAJORIT\u00c9 MUNICIPALE ?<\/strong><\/p>\n<p style=\"text-align: justify;\">En toute logique elle devrait \u00eatre exclue de la majorit\u00e9 municipale comme l&rsquo;ont \u00e9t\u00e9 les 7 \u00e9lus, jet\u00e9s comme des malpropres, lesquels avaient seulement murmur\u00e9 \u00e0 propos de l&rsquo;augmentation d&rsquo;imp\u00f4ts en la votant quand m\u00eame. Pas certain que Piolle soit encore en mesure de faire acte d&rsquo;autorit\u00e9 tant la d\u00e9liquescence est avanc\u00e9e.\u00a0Il semble qu&rsquo;elle b\u00e9n\u00e9ficie d&rsquo;un soutien d&rsquo;une grande partie de la base militante tr\u00e8s d\u00e9\u00e7ue par les g\u00e9n\u00e9ralit\u00e9s hors sol de Laurence Ruffin, la candidate qui se pr\u00e9sente comme <a href=\"https:\/\/grenoble-le-changement.fr\/2025\/05\/26\/scop-alma-que-fait-laurence-ruffin-verts-lfi-des-2-5-millions-d-e-de-resultats\/\" rel=\"nofollow noopener\" target=\"_blank\">celle de la Scop Alma. Encore une anomalie grave.<\/a>\u00a0<\/p>\n<p style=\"text-align: justify;\">Eric Piolle n&rsquo;est plus soutenu par l&rsquo;appareil des Verts depuis qu&rsquo;il <a href=\"https:\/\/grenoble-le-changement.fr\/2025\/05\/30\/affaires-piolle-la-patronne-des-verts-dans-la-tourmente-avec-lui\/\" rel=\"nofollow noopener\" target=\"_blank\">a rompu avec Marine Tondelier<\/a> laquelle fait semblant <a href=\"https:\/\/grenoble-le-changement.fr\/2023\/09\/07\/eric-piolle-condamne-la-fin-du-regne\/\" rel=\"nofollow noopener\" target=\"_blank\">de d\u00e9couvrir ses condamnations<\/a> et les <a href=\"https:\/\/grenoble-le-changement.fr\/2025\/05\/04\/les-affaires-piolle-martin-et-ferrari-enterrees-au-parquet-de-valence\/\" rel=\"nofollow noopener\" target=\"_blank\">affaires en cours.<\/a> Lucille Lheureux et Margot Belair qui n&rsquo;a pas dit non plus son dernier mot, b\u00e9n\u00e9ficieraient aussi de cette rupture.<\/p>\n<p><img decoding=\"async\" data-id=\"84530\" src=\"https:\/\/i2.wp.com\/grenoble-le-changement.fr\/wp-content\/uploads\/2025\/09\/PHOTO-2025-09-03-10-16-57.jpg?w=678&amp;ssl=1\" alt=\"\" class=\"wp-image-84530 jetpack-lazy-image\" data-recalc-dims=\"1\" data-lazy-src=\"https:\/\/i2.wp.com\/grenoble-le-changement.fr\/wp-content\/uploads\/2025\/09\/PHOTO-2025-09-03-10-16-57.jpg?w=678&amp;is-pending-load=1#038;ssl=1\" \/><br \/>\nLes pol\u00e9miques d&rsquo;Eric Piolle sur les ghettos de riches lanc\u00e9es au creux d&rsquo;ao\u00fbt  au d\u00e9triment de Grenoble n&rsquo;ont servi a rien pour lui : il est totalement encalmin\u00e9 et n&rsquo;occupe aucun espace politique <\/p>\n<p><strong>ALLAN BRUNON (LFI) : \u00ab\u00a0TOUT \u00c7A VA FINIR EN PUGILAT\u00a0\u00bb<\/strong><\/p>\n<p style=\"text-align: justify;\">La d\u00e9composition est en marche, sous les yeux des grenoblois. Ce <a target=\"_blank\" href=\"https:\/\/www.placegrenet.fr\/2025\/09\/05\/municipales-de-grenoble-lucille-lheureux-candidate-a-la-candidature-denonce-des-pressions-et-des-intimidations\/658933\" rel=\"nofollow noopener\">que confirme \u00e0 Place Gre&rsquo;Net<\/a> Allan Brunon, le chef de file de LFI \u00e0 Grenoble pour qui \u00ab tout \u00e7a va finir en pugilat\u00a0! \u00bb. Il est vrai que LFI ne pouvait esp\u00e9rer mieux que cette division interne des Verts pour justifier <a href=\"https:\/\/grenoble-le-changement.fr\/2025\/08\/13\/piolle-ruffin-la-majorite-municipale-explose-avant-les-municipales\/\" rel=\"nofollow noopener\" target=\"_blank\">un peu plus son d\u00e9sir de liste autonome.<\/a><\/p>\n<p style=\"text-align: justify;\"><strong>L. RUFFIN EN CROISI\u00c8RE A VU \u00ab\u00a0L&rsquo;\u00c9QUIT\u00c9\u00a0\u00bb DE LA SOCI\u00c9T\u00c9 DANS UNE ILE PARADISIAQUE<\/strong><\/p>\n<p style=\"text-align: justify;\">Pour \u00eatre l\u00e9gitime, <a href=\"https:\/\/grenoble-le-changement.fr\/2024\/11\/23\/laurence-ruffin-verts-lfi-petits-mensonges-et-gros-sabots\/\" rel=\"nofollow noopener\" target=\"_blank\">Laurence Ruffin va avoir du mal<\/a> \u00e0 s&rsquo;appuyer sur sa connaissance de la mis\u00e8re au Mali en ayant fait du v\u00e9lo avec des Maliens lors de son ann\u00e9e en Afrique ou s&rsquo;appuyer sur \u00ab\u00a0les notions d&rsquo;\u00e9quit\u00e9\u00a0\u00bb d\u00e9couvertes dans l&rsquo;\u00eele de Komodo en Indon\u00e9sie lors de sa croisi\u00e8re de 6 mois, une \u00eele que le Guide du Routard d\u00e9crit plut\u00f4t \u00ab\u00a0comme mondialement c\u00e9l\u00e8bre pour ses spots de plong\u00e9e et de snorkeling et sa plastique d&rsquo;un matin du monde\u00a0\u00bb&#8230;\u00a0<\/p>\n<p style=\"text-align: justify;\"><strong>SA STORY INVENT\u00c9E \u00c9CLATE PLUS VITE QUE CELLE DE PIOLLE<\/strong><\/p>\n<p style=\"text-align: justify;\">Bref, la tartufferie de cette Marie-Chantal \u00e9clate plus t\u00f4t que celle de Piolle. Car la story du \u00ab\u00a0cadre d&rsquo;entreprise\u00a0\u00bb d\u00e9couvrant la politique en 2014 alors qu&rsquo;il avait \u00e9t\u00e9 <a href=\"https:\/\/grenoble-le-changement.fr\/2020\/05\/10\/e-piolle-un-cv-genetiquement-modifie\/\" rel=\"nofollow noopener\" target=\"_blank\">d\u00e9j\u00e0 candidat aux l\u00e9gislatives en 1998<\/a>, qui a cach\u00e9 aux \u00e9lecteurs qu&rsquo;il \u00e9tait <a href=\"https:\/\/grenoble-le-changement.fr\/2021\/04\/21\/piolle-a-singapour-nouvelles-revelations-de-marianne\/\" rel=\"nofollow noopener\" target=\"_blank\">actionnaire d&rsquo;une soci\u00e9t\u00e9 \u00e0 Singapour<\/a> et dont les grenoblois victimes de ses oukases, de son intol\u00e9rance ont pu mesurer la profondeur de son \u00ab\u00a0arc humaniste\u00a0\u00bb, cette story a fait long feu. Elle est m\u00eame une des causes profondes de la col\u00e8re des Grenoblois tromp\u00e9s.\u00a0<\/p>\n<p><img decoding=\"async\" data-id=\"84531\" src=\"https:\/\/i1.wp.com\/grenoble-le-changement.fr\/wp-content\/uploads\/2025\/09\/Capture-de\u0301cran-2025-09-06-a\u0300-09.03.43.png?w=678&amp;ssl=1\" alt=\"\" class=\"wp-image-84531 jetpack-lazy-image\" data-recalc-dims=\"1\" data-lazy-src=\"https:\/\/i1.wp.com\/grenoble-le-changement.fr\/wp-content\/uploads\/2025\/09\/Capture-de\u0301cran-2025-09-06-a\u0300-09.03.43.png?w=678&amp;is-pending-load=1#038;ssl=1\" \/><br \/>\nM\u00eame la presse de gauche reconnait le climat qui r\u00e8gne dans la majorit\u00e9 municipale <\/p>\n<p><strong>QUI VA DEMEURER DANS LE TITANIC SANS ORCHESTRE ? <\/strong><\/p>\n<p style=\"text-align: justify;\">Quelle est la prochaine \u00e9tape ? Qui va demeurer dans ce Titanic sans m\u00eame un orchestre pour accompagner sa chute ? Les \u00e9lus qui vont continuer \u00e0 cautionner le syst\u00e8me alors qu&rsquo;il est expos\u00e9 sur la place publique vont se d\u00e9consid\u00e9rer un \u00e0 un. En interne les tiraillements se multiplient. Odile Barnola, la directrice de cabinet \u00e0 la main de fer, calque de son maitre dans le sectarisme, a pris une chaloupe de survie et accost\u00e9 ailleurs. Elle n&rsquo;est pas formellement remplac\u00e9e cr\u00e9ant concurrences et tensions dans le cabinet.<\/p>\n<p style=\"text-align: justify;\"><strong>LA CANDIDATURE RUFFIN TOURNE \u00c0 L&rsquo;OP\u00c9RATION KAMIKAZE<\/strong><\/p>\n<p style=\"text-align: justify;\">Le vote interne aux Verts a \u00e9t\u00e9 fix\u00e9 au 22 septembre, apr\u00e8s que LFI ait annonc\u00e9 &#8211; le 15 septembre &#8211; si le parti de Jean-Luc M\u00e9lenchon partait ou non de fa\u00e7on autonome. Le vote du 22 est celui de tous les dangers pour les sortants.\u00a0<\/p>\n<p style=\"text-align: justify;\">La candidature Ruffin tourne \u00e0 l&rsquo;op\u00e9ration Kamikaze : si elle se maintient malgr\u00e9 ses affirmations selon lesquelles elle ne pouvait \u00eatre qu&rsquo;une candidate d&rsquo;union de la gauche et si elle est d\u00e9sign\u00e9e, elle d\u00e9marrera d\u00e9mon\u00e9tis\u00e9e et coutur\u00e9e par tous les bouts.\u00a0<\/p>\n<p style=\"text-align: justify;\">Par son op\u00e9ration solitaire et autoritaire Eric Piolle <a href=\"https:\/\/grenoble-le-changement.fr\/2025\/08\/04\/la-liste-piolle-ruffin-plombee-par-les-declarations-du-maire-sortant\/\" rel=\"nofollow noopener\" target=\"_blank\">aura tir\u00e9 la derni\u00e8re balle contre son camp<\/a> en dynamitant sa majorit\u00e9, faisant voler en \u00e9clat la fable du processus de d\u00e9signation collectif.\u00a0<\/p>\n<p><img decoding=\"async\" data-id=\"80855\" src=\"https:\/\/i2.wp.com\/grenoble-le-changement.fr\/wp-content\/uploads\/2025\/03\/lucille-lheureux.png?w=678&amp;ssl=1\" alt=\"\" class=\"wp-image-80855 jetpack-lazy-image\" data-recalc-dims=\"1\" data-lazy-src=\"https:\/\/i2.wp.com\/grenoble-le-changement.fr\/wp-content\/uploads\/2025\/03\/lucille-lheureux.png?w=678&amp;is-pending-load=1#038;ssl=1\" \/><\/p>\n<p><img decoding=\"async\" data-id=\"83567\" src=\"https:\/\/grenoble-le-changement.fr\/wp-content\/uploads\/2025\/07\/Ruffin-florence-1.webp\" alt=\"\" class=\"wp-image-83567 jetpack-lazy-image\" data-lazy-src=\"https:\/\/www.europesays.com\/fr\/wp-content\/uploads\/2025\/07\/Ruffin-florence-1.webp\" \/><\/p>\n<p><img decoding=\"async\" data-id=\"58326\" src=\"https:\/\/grenoble-le-changement.fr\/wp-content\/uploads\/2023\/02\/Margot-BELAIR-1.webp\" alt=\"\" class=\"wp-image-58326 jetpack-lazy-image\" data-lazy-src=\"https:\/\/www.europesays.com\/fr\/wp-content\/uploads\/2025\/06\/Margot-BELAIR-1.webp\" \/><br \/>\nLucille Lheureux, Laurence Ruffin, Margot Belair la guerre des gangs a gagn\u00e9 le noyau dur des Verts &#8230;<\/p>\n<p><strong>15 000 \u20ac DE SONDAGES POUR CHERCHER \u00c0 EN SORTIR\u00a0<\/strong><\/p>\n<p style=\"text-align: justify;\">Il est tr\u00e8s probable que c&rsquo;est ce m\u00eame parti qui a lanc\u00e9 le sondage dont Eve Moulinier (DL du 4\/9\/25) a fait \u00e9tat estimant que \u00ab\u00a0cela semble venir de la gauche\u00a0\u00bb. En effet. Toutes les hypoth\u00e8ses de la gauche sont test\u00e9es par l&rsquo;institut Cluster 17, y compris la notori\u00e9t\u00e9 de Lucille Lheureux. Une d\u00e9pense de l&rsquo;ordre de 15 000 \u20ac qui d\u00e9montre qu&rsquo;ils ne manquent pas d&rsquo;argent. Mais cela permet aux dirigeants de disposer d&rsquo;\u00e9l\u00e9ments avant le vote du 22 septembre. Evidemment l&rsquo;opacit\u00e9 sera totale et pas certain m\u00eame que Lucille Lheureux en connaisse le r\u00e9sultat. Les pauvres militants appel\u00e9s \u00e0 voter sont de la chair \u00e0 canon.<\/p>\n<p style=\"text-align: justify;\"><strong>LA ZONE DE TURBULENCE S&rsquo;\u00c9TEND \u00c0 TOUTE LA GAUCHE&#8230;<\/strong><\/p>\n<p style=\"text-align: justify;\">La zone de fortes turbulences que traversent les \u00e9lus Rouge\/Verts, sans boussoles, soumis aux caprices d&rsquo;un potentat isol\u00e9 localement et nationalement, <a href=\"https:\/\/grenoble-le-changement.fr\/2025\/07\/29\/la-liste-ruffin-verts-lfi-annonce-5000-hlm-supplementaires-a-grenoble\/\" rel=\"nofollow noopener\" target=\"_blank\">s&rsquo;\u00e9tend \u00e0 toute la gauche locale<\/a> \u00ab\u00a0t\u00e9tanis\u00e9e\u00a0\u00bb comme le dit Allan Brunon (LFI).\u00a0<\/p>\n<p style=\"text-align: justify;\"><strong>&#8230; \u00ab\u00a0T\u00c9TANIS\u00c9E\u00a0\u00bb PAR SON TERRIBLE BILAN<\/strong>\u00a0<\/p>\n<p style=\"text-align: justify;\">\u00ab\u00a0T\u00e9tanis\u00e9e\u00a0\u00bb surtout par son lamentable bilan, le m\u00e9pris de tout ce qui n&rsquo;\u00e9tait pas elle et en particulier des couches populaires. Les membres du collectif \u00ab\u00a0R\u00e9concilier Grenoble\u00a0\u00bb qui \u00e9taient hier matin sur les march\u00e9s de la place St Claire, de l&rsquo;Estacade, \u00e0 l&rsquo;Abbaye \u00e0 St Bruno ont tous \u00e9chang\u00e9 avec des Grenoblois avides de parler d&rsquo;un autre avenir.\u00a0\u00a0<\/p>\n<p style=\"text-align: justify;\"><strong>ALAIN CARIGNON ET LE COLLECTIF POURSUIVENT LES \u00c9CHANGES<\/strong><\/p>\n<p style=\"text-align: justify;\">En visitant en fin de journ\u00e9e hier le Forum des Associations, accompagn\u00e9 de Thierry Aldeguer et Kamel Dadouche, porte parole et membres du collectif, apr\u00e8s avoir rencontr\u00e9 longuement le matin les habitants de l&rsquo;Abbaye lors de leur traditionnel vide-grenier, Alain Carignon a poursuivi ses contacts directs avec les grenoblois, afin de rechercher avec eux les solutions pour sortir Grenoble de la crise.\u00a0<\/p>\n<p style=\"text-align: justify;\"><strong>CETTE TERRIBLE ET NAVRANTE REPR\u00c9SENTATION NE S&rsquo;EFFACERA PAS\u00a0<\/strong><\/p>\n<p style=\"text-align: justify;\">Tous les rabibochages de fa\u00e7ade, toutes les d\u00e9clarations de principe, l&rsquo;appel mensonger \u00ab\u00a0aux valeurs\u00a0\u00bb ne changeront plus rien au double spectacle auquel les grenoblois ont assist\u00e9 : celui d&rsquo;une majorit\u00e9 qui ne peut pas porter son bilan et qui se d\u00e9chire par des luttes de personnes pour les places. Cette terrible et navrante repr\u00e9sentation ne s&rsquo;effacera pas de leur m\u00e9moire. De tous les horizons, des grenoblois pensent qu&rsquo;il faut vite tourner cette page.<\/p>\n","protected":false},"excerpt":{"rendered":"Posted On 7 septembre 2025 La candidate de Piolle, Laurence Ruffin qui pr\u00e9tendait de toute sa hauteur &#8211;&hellip;\n","protected":false},"author":2,"featured_media":372664,"comment_status":"","ping_status":"","sticky":false,"template":"","format":"standard","meta":{"footnotes":""},"categories":[9566],"tags":[1111,11,9601,27721,2430,50685,9607,1777,674,1011,27,2731,50686,10136,10612,10613,12,26493,10139,14758,25,22045],"class_list":{"0":"post-372663","1":"post","2":"type-post","3":"status-publish","4":"format-standard","5":"has-post-thumbnail","7":"category-grenoble","8":"tag-actu","9":"tag-actualites","10":"tag-alain-carignon","11":"tag-allan-brunon","12":"tag-auvergne-rhone-alpes","13":"tag-cluster-17","14":"tag-eric-piolle","15":"tag-eu","16":"tag-europe","17":"tag-fr","18":"tag-france","19":"tag-grenoble","20":"tag-kamel-dadouche","21":"tag-laurence-ruffin","22":"tag-lucille-lheureux","23":"tag-margot-belair","24":"tag-news","25":"tag-odile-barnola","26":"tag-place-grenet","27":"tag-reconcilier-grenoble","28":"tag-republique-francaise","29":"tag-thierry-aldeguer"},"share_on_mastodon":{"url":"https:\/\/pubeurope.com\/@fr\/115162334506503173","error":""},"_links":{"self":[{"href":"https:\/\/www.europesays.com\/fr\/wp-json\/wp\/v2\/posts\/372663","targetHints":{"allow":["GET"]}}],"collection":[{"href":"https:\/\/www.europesays.com\/fr\/wp-json\/wp\/v2\/posts"}],"about":[{"href":"https:\/\/www.europesays.com\/fr\/wp-json\/wp\/v2\/types\/post"}],"author":[{"embeddable":true,"href":"https:\/\/www.europesays.com\/fr\/wp-json\/wp\/v2\/users\/2"}],"replies":[{"embeddable":true,"href":"https:\/\/www.europesays.com\/fr\/wp-json\/wp\/v2\/comments?post=372663"}],"version-history":[{"count":0,"href":"https:\/\/www.europesays.com\/fr\/wp-json\/wp\/v2\/posts\/372663\/revisions"}],"wp:featuredmedia":[{"embeddable":true,"href":"https:\/\/www.europesays.com\/fr\/wp-json\/wp\/v2\/media\/372664"}],"wp:attachment":[{"href":"https:\/\/www.europesays.com\/fr\/wp-json\/wp\/v2\/media?parent=372663"}],"wp:term":[{"taxonomy":"category","embeddable":true,"href":"https:\/\/www.europesays.com\/fr\/wp-json\/wp\/v2\/categories?post=372663"},{"taxonomy":"post_tag","embeddable":true,"href":"https:\/\/www.europesays.com\/fr\/wp-json\/wp\/v2\/tags?post=372663"}],"curies":[{"name":"wp","href":"https:\/\/api.w.org\/{rel}","templated":true}]}}