{"id":372665,"date":"2025-09-07T09:35:13","date_gmt":"2025-09-07T09:35:13","guid":{"rendered":"https:\/\/www.europesays.com\/fr\/372665\/"},"modified":"2025-09-07T09:35:13","modified_gmt":"2025-09-07T09:35:13","slug":"ce-patron-dun-hotel-agressait-sexuellement-des-femmes-placees-par-le-115","status":"publish","type":"post","link":"https:\/\/www.europesays.com\/fr\/372665\/","title":{"rendered":"ce patron d&rsquo;un h\u00f4tel agressait sexuellement des femmes plac\u00e9es par le 115"},"content":{"rendered":"<p>            Par<br \/>\n        <strong><br \/>\n            <a href=\"https:\/\/actu.fr\/auteur\/redaction-rennes\" title=\"Consulter tous les articles de R\u00e9daction Rennes\" rel=\"nofollow noopener\" target=\"_blank\">R\u00e9daction Rennes<\/a><br \/>\n        <\/strong><\/p>\n<p>        Publi\u00e9 le<\/p>\n<p>            7 sept. 2025 \u00e0 10h32        <\/p>\n<p>Pascal, 65 ans, comparaissait jeudi 4 septembre 2025 au tribunal correctionnel de Rennes pour \u00ab\u2009agression sexuelle par personne abusant de sa fonction\u2009\u00bb et \u00ab\u2009harc\u00e8lement sexuel\u2009\u00bb \u00e0 l\u2019encontre de <strong>deux femmes<\/strong> qu\u2019il a accueillies dans son h\u00f4tel dans le cadre d\u2019un partenariat conclu \u00ab\u2009depuis vingt ans avec le 115\u2009\u00bb.<\/p>\n<p>\u00ab\u2009Sid\u00e9r\u00e9e\u2009\u00bb<\/p>\n<p class=\" wall-content\"><strong>Une premi\u00e8re femme, \u00e2g\u00e9e de 52\u00a0ans,<\/strong> avait en effet port\u00e9 plainte contre lui le 13\u00a0juillet 2022\u2009: une quinzaine de jours plus t\u00f4t, cette victime de violences conjugales avait obtenu une place d\u2019h\u00e9bergement d\u2019urgence dans de l\u2019H\u00f4tel du Colombier situ\u00e9 rue \u00c9mile-Souvestre, \u00e0 Rennes.<\/p>\n<p class=\" wall-content\">Rapidement, Pascal avait commenc\u00e9 \u00e0 lui dire qu\u2019elle \u00e9tait \u00ab\u2009une belle femme\u2009\u00bb et qu\u2019elle devait \u00ab\u2009prendre soin de son corps en ayant des relations sexuelles\u2009\u00bb\u2009: elle s\u2019\u00e9tait retrouv\u00e9e <strong>\u00ab\u2009sid\u00e9r\u00e9e\u2009\u00bb<\/strong> face \u00e0 de tels propos. Le g\u00e9rant s\u2019\u00e9tait d\u2019ailleurs mis \u00e0 la \u00ab\u2009tutoyer rapidement\u2009\u00bb alors qu\u2019elle ne lui avait \u00ab\u2009jamais parl\u00e9 de sa vie\u2009\u00bb.<\/p>\n<p class=\" wall-content\">Trois jours plus tard, alors qu\u2019elle lui demandait de bien vouloir \u00ab\u2009garder ses valises\u2009\u00bb, il lui avait redit qu\u2019elle devait \u00ab\u2009avoir besoin de relations sexuelles\u2009\u00bb. \u00ab\u2009Je suis l\u00e0 si tu as besoin et tu me plais\u2009\u00bb, avait-il alors explicit\u00e9, \u00e0 toutes fins utiles\u2026 Devant les enqu\u00eateurs, elle expliquera <strong>avoir \u00ab\u2009recul\u00e9 instinctivement de d\u00e9go\u00fbt\u2009\u00bb<\/strong> et s\u2019\u00eatre \u00ab\u2009enferm\u00e9e dans sa chambre \u00e0 cl\u00e9\u2009\u00bb.<\/p>\n<p>\u00ab\u2009Pas la premi\u00e8re fois\u2009\u00bb<\/p>\n<p class=\" wall-content\">La plaignante avait par la suite relat\u00e9 les faits \u00e0 u<strong>ne autre femme h\u00e9berg\u00e9e,<\/strong> consid\u00e9r\u00e9e comme \u00ab\u2009la mama\u2009\u00bb\u2009; cette derni\u00e8re lui avait expliqu\u00e9 que ce n\u2019\u00e9tait<strong> \u00ab\u2009pas la premi\u00e8re fois\u2009\u00bb<\/strong> que Pascal faisait \u00ab\u2009de telles propositions\u2009\u00bb \u00e0 ses h\u00f4tes\u2026<\/p>\n<p class=\" wall-content\">Ladite \u00ab\u2009mama\u2009\u00bb \u2013 qui a elle-m\u00eame subi <strong>\u00ab\u2009une main aux fesses\u2009\u00bb<\/strong> de la part du g\u00e9rant de l\u2019h\u00f4tel \u2013 avait donc d\u00e9nonc\u00e9 les faits \u00e0 un \u00ab\u2009charg\u00e9 des violences intra-familiales\u2009\u00bb au Service Int\u00e9gr\u00e9 d\u2019Accueil et d\u2019Orientation (SIAO) d\u2019Ille-et-Vilaine, qui s\u2019\u00e9tait empress\u00e9 de \u00ab\u2009mettre les victimes \u00e0 l\u2019abri\u2009\u00bb.<\/p>\n<p>Votre r\u00e9gion, votre actu !<\/p>\n<p>Recevez chaque jour les infos qui comptent pour vous.<\/p>\n<p>\t<a href=\"https:\/\/actu.fr\/newsletter\" class=\"ac-btn ac-btn--corner ac-btn--medium ac-btn--blue800\" rel=\"nofollow noopener\" target=\"_blank\">S&rsquo;incrire<\/a><\/p>\n<p class=\" wall-content\">Depuis les d\u00e9nonciations, la structure a <strong>\u00ab\u2009mis fin au partenariat\u2009\u00bb<\/strong> avec l\u2019h\u00f4tel et a signal\u00e9 les faits au procureur de la R\u00e9publique.<\/p>\n<p>Des strat\u00e9gies pour rester en s\u00e9curit\u00e9<\/p>\n<p class=\" wall-content\">Les femmes h\u00e9berg\u00e9es dans ces \u00ab\u200912 chambres\u2009\u00bb et \u00ab\u2009trois ou quatre appartements\u2009\u00bb <strong>envahis de \u00ab\u2009cafards\u2009\u00bb<\/strong> avaient mis en place <strong>des \u00ab\u2009stratag\u00e8mes\u2009\u00bb pour rester \u00ab\u2009en s\u00e9curit\u00e9\u2009\u00bb<\/strong>\u2009: elles sortaient \u00ab\u2009toutes ensemble\u2009\u00bb pour ne pas subir les assauts du g\u00e9rant.<\/p>\n<p class=\" wall-content\">La \u00ab\u2009mama\u2009\u00bb dira toutefois que certaines d\u2019entre elles avaient pu accepter ses propositions sexuelles en \u00e9change de \u00ab\u2009services\u2009\u00bb, ou parce qu\u2019il<strong> les mena\u00e7ait de les \u00ab\u2009mettre dehors\u2009\u00bb\u2026<\/strong> Elles ont toutefois \u00ab\u2009refus\u00e9\u2009\u00bb de s\u2019exprimer, ou \u00ab\u2009contest\u00e9\u2009\u00bb les d\u00e9nonciations op\u00e9r\u00e9es par l\u2019une d\u2019entre elles.<\/p>\n<p>Des \u00ab\u2009relations consensuelles\u2009\u00bb<\/p>\n<p class=\" wall-content\">Entendu par les policiers, Pascal avait trouv\u00e9<strong> \u00ab\u2009un peu fort\u2009\u00bb le terme d\u2019agression sexuelle\u2009:<\/strong> cet homme jamais condamn\u00e9 convenait tout \u00e0 plus avoir eu \u00ab\u2009des aventures avec six femmes prises en charge\u2009\u00bb mais il s\u2019agissait de <strong>\u00ab\u2009relations consensuelles (sic)\u2009\u00bb<\/strong> et il n\u2019avait \u00ab\u2009jamais commis\u2009\u00bb les faits reproch\u00e9s par les deux plaignantes.<\/p>\n<p class=\" wall-content\">\u00c0 la barre du tribunal correctionnel de Rennes, il a aussi <strong>ni\u00e9 les \u00ab\u2009propos insistants\u2009\u00bb<\/strong> qu\u2019on lui pr\u00eatait ou encore le fait de \u00ab\u2009rentrer dans les chambres\u2009\u00bb pendant que des femmes s\u2019y trouvaient. Il avait m\u00eame un temps \u00e9mis l\u2019hypoth\u00e8se<strong> d\u2019un \u00ab\u2009complot\u2009\u00bb ourdi contre lui\u2026<\/strong><\/p>\n<p class=\" wall-content\">Le pr\u00e9venu a toutefois \u00ab\u2009a minima reconnu des gestes d\u00e9plac\u00e9s et des propos \u00e0 la vol\u00e9e\u2009\u00bb, a retenu Me Benoit Guillotin, avocat d\u2019une des victimes.<\/p>\n<blockquote class=\"ac-article-quote wall-content\">\n<p>Je ne vois pas pourquoi des femmes qui ont d\u00e9j\u00e0 tout perdu viendraient mentir, ni pourquoi on rajoute de la violence \u00e0 la violence.<\/p>\n<p>    <strong>Me Benoit Guillotin<\/strong><br \/>\n        Avocat d&rsquo;une des victimes    <\/p><\/blockquote>\n<p>Deux ans de prison avec sursis<\/p>\n<p class=\" wall-content\">En cons\u00e9quence, la procureure de la R\u00e9publique avait requis<strong> deux ans de prison<\/strong>, <strong>dont un ferme,<\/strong> \u00e0 l\u2019encontre du retrait\u00e9. Ce quantum restait toutefois am\u00e9nageable sous la forme d\u2019un bracelet \u00e9lectronique.<\/p>\n<p class=\" wall-content\">Finalement, le tribunal a condamn\u00e9 ce Rennais \u00e0 <strong>deux ans de prison avec sursis<\/strong> et \u00e0 une interdiction de contacts avec les deux femmes pendant trois ans. Il devra verser <strong>1\u2009000\u00a0euros<\/strong> \u00e0 l\u2019une d\u2019entre elles pour son \u00ab\u2009pr\u00e9judice moral\u2009\u00bb.<\/p>\n<p class=\" wall-content\"><strong>CB (PressPepper)<\/strong><\/p>\n<p class=\" wall-content\">Personnalisez votre actualit\u00e9 en ajoutant vos villes et m\u00e9dias en favori avec <a href=\"https:\/\/moncompte.actu.fr\" title=\"D\u00e9couvez Mon Actu\" rel=\"nofollow noopener\" data-trk=\"{&quot;cta&quot;:{&quot;action&quot;:&quot;https:\\\/\\\/moncompte.actu.fr&quot;,&quot;category&quot;:&quot;mon compte&quot;,&quot;from&quot;:&quot;article footer&quot;,&quot;name&quot;:&quot;Mon actu&quot;,&quot;type&quot;:&quot;cta&quot;}}\" target=\"_blank\">Mon Actu<\/a>.<\/p>\n","protected":false},"excerpt":{"rendered":"Par R\u00e9daction Rennes Publi\u00e9 le 7 sept. 2025 \u00e0 10h32 Pascal, 65 ans, comparaissait jeudi 4 septembre 2025&hellip;\n","protected":false},"author":2,"featured_media":372666,"comment_status":"","ping_status":"","sticky":false,"template":"","format":"standard","meta":{"footnotes":""},"categories":[2821],"tags":[1111,11,829,1777,674,118,1011,27,303,12,584,25,799],"class_list":{"0":"post-372665","1":"post","2":"type-post","3":"status-publish","4":"format-standard","5":"has-post-thumbnail","7":"category-rennes","8":"tag-actu","9":"tag-actualites","10":"tag-bretagne","11":"tag-eu","12":"tag-europe","13":"tag-faits-divers","14":"tag-fr","15":"tag-france","16":"tag-justice","17":"tag-news","18":"tag-rennes","19":"tag-republique-francaise","20":"tag-violences-sexuelles"},"share_on_mastodon":{"url":"https:\/\/pubeurope.com\/@fr\/115162337986104577","error":""},"_links":{"self":[{"href":"https:\/\/www.europesays.com\/fr\/wp-json\/wp\/v2\/posts\/372665","targetHints":{"allow":["GET"]}}],"collection":[{"href":"https:\/\/www.europesays.com\/fr\/wp-json\/wp\/v2\/posts"}],"about":[{"href":"https:\/\/www.europesays.com\/fr\/wp-json\/wp\/v2\/types\/post"}],"author":[{"embeddable":true,"href":"https:\/\/www.europesays.com\/fr\/wp-json\/wp\/v2\/users\/2"}],"replies":[{"embeddable":true,"href":"https:\/\/www.europesays.com\/fr\/wp-json\/wp\/v2\/comments?post=372665"}],"version-history":[{"count":0,"href":"https:\/\/www.europesays.com\/fr\/wp-json\/wp\/v2\/posts\/372665\/revisions"}],"wp:featuredmedia":[{"embeddable":true,"href":"https:\/\/www.europesays.com\/fr\/wp-json\/wp\/v2\/media\/372666"}],"wp:attachment":[{"href":"https:\/\/www.europesays.com\/fr\/wp-json\/wp\/v2\/media?parent=372665"}],"wp:term":[{"taxonomy":"category","embeddable":true,"href":"https:\/\/www.europesays.com\/fr\/wp-json\/wp\/v2\/categories?post=372665"},{"taxonomy":"post_tag","embeddable":true,"href":"https:\/\/www.europesays.com\/fr\/wp-json\/wp\/v2\/tags?post=372665"}],"curies":[{"name":"wp","href":"https:\/\/api.w.org\/{rel}","templated":true}]}}