{"id":372667,"date":"2025-09-07T09:36:13","date_gmt":"2025-09-07T09:36:13","guid":{"rendered":"https:\/\/www.europesays.com\/fr\/372667\/"},"modified":"2025-09-07T09:36:13","modified_gmt":"2025-09-07T09:36:13","slug":"une-personne-heurtee-par-un-train-a-vannes-le-trafic-interrompue-entre-rennes-et-quimper","status":"publish","type":"post","link":"https:\/\/www.europesays.com\/fr\/372667\/","title":{"rendered":"Une personne heurt\u00e9e par un train \u00e0 Vannes\u00a0: le trafic interrompue entre Rennes et Quimper"},"content":{"rendered":"<p>Le corps d&rsquo;une personne a \u00e9t\u00e9 d\u00e9couvert ce dimanche matin \u00e0 c\u00f4t\u00e9 d&rsquo;une voie ferr\u00e9e, non loin de la gare de Vannes (Morbihan). La police est sur place pour les premi\u00e8res constatations. Le trafic est interrompu entre Renne et Quimper. <\/p>\n<p>Des retards \u00e0 pr\u00e9voir sur la ligne Rennes-Quimper. Ce dimanche 7 septembre, le corps d&rsquo;une personne a \u00e9t\u00e9 d\u00e9couvert non loin de la gare de Vannes (Morbihan), \u00e0 proximit\u00e9 des rails. \u00ab\u00a0Une personne a \u00e9t\u00e9 heurt\u00e9e par un train vers\u00a0Vannes\u00a0entre Vannes et Auray\u00a0\u00bb, indique\u00a0<a target=\"_blank\" rel=\"nofollow noopener noreferrer\" class=\"IciLink ici-link IciArticleLink g-ici-body-regular-1 underline brand svelte-lu7k6w\" href=\"https:\/\/www.sncf-connect.com\/trafficInfo\">la SNCF sur son site internet.<\/a>\u00a0En cons\u00e9quence, <strong>le trafic est totalement interrompu entre\u00a0Rennes &#8211; Quimper, dans les deux sens.<\/strong> Le r\u00e9tablissement de la circulation est \u00e0 pr\u00e9voir <strong>pour 11h30<\/strong> pr\u00e9cise l&rsquo;entreprise ferroviaire.<\/p>\n<p>Deux trains retard\u00e9s<\/p>\n<p>Deux trains sont retard\u00e9s. <strong>Un TER et un TGV<\/strong>, l&rsquo;un \u00e0 Lorient et l&rsquo;autre \u00e0 Quimper. Les officiers de la police judiciaire sont sur les lieux pour les premi\u00e8res constatations.<\/p>\n","protected":false},"excerpt":{"rendered":"Le corps d&rsquo;une personne a \u00e9t\u00e9 d\u00e9couvert ce dimanche matin \u00e0 c\u00f4t\u00e9 d&rsquo;une voie ferr\u00e9e, non loin de&hellip;\n","protected":false},"author":2,"featured_media":372668,"comment_status":"","ping_status":"","sticky":false,"template":"","format":"standard","meta":{"footnotes":""},"categories":[2821],"tags":[1111,11,829,1777,674,1011,27,12,584,25],"class_list":{"0":"post-372667","1":"post","2":"type-post","3":"status-publish","4":"format-standard","5":"has-post-thumbnail","7":"category-rennes","8":"tag-actu","9":"tag-actualites","10":"tag-bretagne","11":"tag-eu","12":"tag-europe","13":"tag-fr","14":"tag-france","15":"tag-news","16":"tag-rennes","17":"tag-republique-francaise"},"share_on_mastodon":{"url":"https:\/\/pubeurope.com\/@fr\/115162342830410478","error":""},"_links":{"self":[{"href":"https:\/\/www.europesays.com\/fr\/wp-json\/wp\/v2\/posts\/372667","targetHints":{"allow":["GET"]}}],"collection":[{"href":"https:\/\/www.europesays.com\/fr\/wp-json\/wp\/v2\/posts"}],"about":[{"href":"https:\/\/www.europesays.com\/fr\/wp-json\/wp\/v2\/types\/post"}],"author":[{"embeddable":true,"href":"https:\/\/www.europesays.com\/fr\/wp-json\/wp\/v2\/users\/2"}],"replies":[{"embeddable":true,"href":"https:\/\/www.europesays.com\/fr\/wp-json\/wp\/v2\/comments?post=372667"}],"version-history":[{"count":0,"href":"https:\/\/www.europesays.com\/fr\/wp-json\/wp\/v2\/posts\/372667\/revisions"}],"wp:featuredmedia":[{"embeddable":true,"href":"https:\/\/www.europesays.com\/fr\/wp-json\/wp\/v2\/media\/372668"}],"wp:attachment":[{"href":"https:\/\/www.europesays.com\/fr\/wp-json\/wp\/v2\/media?parent=372667"}],"wp:term":[{"taxonomy":"category","embeddable":true,"href":"https:\/\/www.europesays.com\/fr\/wp-json\/wp\/v2\/categories?post=372667"},{"taxonomy":"post_tag","embeddable":true,"href":"https:\/\/www.europesays.com\/fr\/wp-json\/wp\/v2\/tags?post=372667"}],"curies":[{"name":"wp","href":"https:\/\/api.w.org\/{rel}","templated":true}]}}