{"id":372669,"date":"2025-09-07T09:38:00","date_gmt":"2025-09-07T09:38:00","guid":{"rendered":"https:\/\/www.europesays.com\/fr\/372669\/"},"modified":"2025-09-07T09:38:00","modified_gmt":"2025-09-07T09:38:00","slug":"guide-complet-des-dates-et-incontournables","status":"publish","type":"post","link":"https:\/\/www.europesays.com\/fr\/372669\/","title":{"rendered":"guide complet des dates et incontournables"},"content":{"rendered":"<p class=\"intro\">L\u2019Alsace est la destination incontournable pour vivre la magie de No\u00ebl. Chaque ann\u00e9e, des millions de visiteurs viennent d\u00e9couvrir ses villages illumin\u00e9s, ses traditions gourmandes et ses march\u00e9s f\u00e9\u00e9riques. De Strasbourg \u00e0 Colmar en passant par Kaysersberg et Mulhouse, les march\u00e9s de No\u00ebl alsaciens comptent parmi les plus r\u00e9put\u00e9s d\u2019Europe. Voici le <strong>guide complet 2025 des march\u00e9s de No\u00ebl en Alsace<\/strong>, avec les dates, les lieux incontournables et les conseils pratiques.<\/p>\n<p><a data-lightbox=\"article\" data-title=\"C\u00e9l\u00e9brez No\u00ebl en Alsace DR\" class=\"image detail\" href=\"https:\/\/www.jds.fr\/medias\/image\/marches-de-noel-en-alsace-guide-complet-des-dates--6-708668-1200-0-F.webp\" title=\"C\u00e9l\u00e9brez No\u00ebl en Alsace DR\" rel=\"nofollow noopener\" target=\"_blank\"><br \/>\n<img decoding=\"async\" loading=\"lazy\" src=\"https:\/\/www.europesays.com\/fr\/wp-content\/uploads\/2025\/09\/marches-de-noel-en-alsace-guide-complet-des-dates--6-708668-1200-0.webp.webp\"   width=\"300\" alt=\"C\u00e9l\u00e9brez No\u00ebl en Alsace\" class=\"shortcode_image border\"\/><br \/>\n\u00a9 DR<br \/>\nC\u00e9l\u00e9brez No\u00ebl en Alsace<br \/>\n<\/a>\n<\/p>\n<p>\u2139\ufe0f Cet article est <strong>mis \u00e0 jour r\u00e9guli\u00e8rement<\/strong> avec les derni\u00e8res informations confirm\u00e9es par les organisateurs des march\u00e9s de No\u00ebl en Alsace. Certaines dates 2025 sont d\u00e9j\u00e0 connues, d\u2019autres seront ajout\u00e9es d&rsquo;ici cet hiver. N\u2019h\u00e9sitez pas \u00e0 revenir consulter cette page r\u00e9guli\u00e8rement pour pr\u00e9parer votre visite\u00a0!<\/p>\n<p>L&rsquo;Alsace et ses march\u00e9s de No\u00ebl<\/p>\n<p>La <strong>tradition des march\u00e9s de No\u00ebl en Alsace<\/strong> remonte au XVIe si\u00e8cle, avec le Christkindelsm\u00e4rik de Strasbourg, l\u2019un des plus anciens d\u2019Europe. Depuis, toute la r\u00e9gion s\u2019illumine chaque hiver pour accueillir <strong>des dizaines de march\u00e9s de No\u00ebl r\u00e9partis dans les grandes villes et les villages pittoresques<\/strong>. Ambiance f\u00e9\u00e9rique, chalets en bois d\u00e9cor\u00e9s, sp\u00e9cialit\u00e9s gourmandes et artisanat local font de l\u2019Alsace une v\u00e9ritable terre de No\u00ebl.<\/p>\n<p>L\u2019Alsace offre une exp\u00e9rience unique pendant la p\u00e9riode de No\u00ebl. Entre march\u00e9s embl\u00e9matiques, villages illumin\u00e9s et traditions gourmandes, c\u2019est une destination \u00e0 vivre au moins une fois dans sa vie.<\/p>\n<p>Les incontournables march\u00e9s de No\u00ebl en Alsace en 2025<br \/>\nStrasbourg, la capitale de No\u00ebl<\/p>\n<p>Le <strong>march\u00e9 de No\u00ebl de Strasbourg 2025, appel\u00e9 Christkindelsm\u00e4rik<\/strong>, est le plus ancien de France et l\u2019un des plus c\u00e9l\u00e8bres d\u2019Europe. Chaque ann\u00e9e, il transforme le centre-ville en un d\u00e9cor f\u00e9\u00e9rique avec plus de 300 chalets r\u00e9partis sur une dizaine de places. Au c\u0153ur de l\u2019\u00e9v\u00e9nement\u00a0: la place de la Cath\u00e9drale, la place Broglie et la place Kl\u00e9ber avec son gigantesque sapin, v\u00e9ritable embl\u00e8me de la capitale de No\u00ebl. On y trouve artisanat, d\u00e9corations traditionnelles, sp\u00e9cialit\u00e9s alsaciennes et de nombreuses animations.<\/p>\n<p class=\"mise_en_avant\">\ud83d\udcc6 Dates\u00a0: du 26 novembre au 24 d\u00e9cembre 2025<br \/>\ud83d\udccd Lieux\u00a0: Place de la Cath\u00e9drale, Place Broglie, Place Kl\u00e9ber et dans toute la ville<br \/>\ud83c\udf84 Toutes les infos sur <a href=\"https:\/\/www.jds.fr\/strasbourg\/manifestations\/marche-de-noel\/noel-strasbourg-animations-marche-de-noel-128465_A\" rel=\"nofollow noopener\" target=\"_blank\">le March\u00e9 de No\u00ebl de Strasbourg<\/a><\/p>\n<p><a data-lightbox=\"article\" data-title=\"L&#039;embl\u00e9matique sapin de No\u00ebl de la Place Kl\u00e9ber \u00e0 Strasbourg, \u00a9 Abdesslam Mirdass\" class=\"image detail fullwidth\" href=\"https:\/\/www.jds.fr\/medias\/image\/noel-a-strasbourg-sapin-kleber-marche-noel-chalets-142967-1200-0-F.webp\" title=\"L&#039;embl\u00e9matique sapin de No\u00ebl de la Place Kl\u00e9ber \u00e0 Strasbourg, \u00a9 Abdesslam Mirdass\" rel=\"nofollow noopener\" target=\"_blank\"><br \/>\n<img decoding=\"async\" loading=\"lazy\" src=\"https:\/\/www.europesays.com\/fr\/wp-content\/uploads\/2025\/09\/noel-a-strasbourg-sapin-kleber-marche-noel-chalets-142967-1200-0.webp.webp\"   alt=\"L'embl\u00e9matique sapin de No\u00ebl de la Place Kl\u00e9ber \u00e0 Strasbourg,\" class=\"shortcode_image border\"\/><br \/>\n\u00a9 Abdesslam Mirdass<br \/>\nL&#8217;embl\u00e9matique sapin de No\u00ebl de la Place Kl\u00e9ber \u00e0 Strasbourg,<br \/>\n<\/a>\n<\/p>\n<p>Colmar et ses six march\u00e9s f\u00e9eriques<\/p>\n<p>C&rsquo;est l&rsquo;un des plus attendus en Alsace\u00a0: <strong>le March\u00e9 de No\u00ebl de Colmar 2025<\/strong> offre un cadre de carte postale pour les f\u00eates avec ses maisons \u00e0 colombages et ses ruelles illumin\u00e9es. La ville accueille six march\u00e9s distincts, chacun avec une atmosph\u00e8re unique\u00a0: place de l&rsquo;Ancienne Douane, place des Dominicains, place Jeanne d&rsquo;Arc avec ses sp\u00e9cialit\u00e9s gourmandes, le Ko\u00effhus d\u00e9di\u00e9 \u00e0 l\u2019artisanat, la Petite Venise pens\u00e9e pour les enfants et un march\u00e9 gourmand 100% d\u00e9di\u00e9 aux produits du terroir. Colmar est souvent consid\u00e9r\u00e9 comme le plus f\u00e9\u00e9rique des march\u00e9s d\u2019Alsace.<\/p>\n<p class=\"mise_en_avant\">\ud83d\udcc6 Dates\u00a0: du 25 novembre au 29 d\u00e9cembre 2025<br \/>\ud83d\udccd Lieux\u00a0: Petite Venise, Ko\u00effhus, Place Jeanne d\u2019Arc, Place des Dominicains, Place de l\u2019Ancienne Douane, March\u00e9 gourmand (Montagne Verte)<br \/>\ud83c\udf84 Toutes les infos sur le <a href=\"https:\/\/www.jds.fr\/colmar\/manifestations\/marche-de-noel\/noel-a-colmar-animations-et-marches-de-noel-128619_A\" rel=\"nofollow noopener\" target=\"_blank\">March\u00e9 de No\u00ebl de Colmar<\/a><\/p>\n<p><a data-lightbox=\"article\" data-title=\"La magie de No\u00ebl s&#039;installe dans toute la ville de Colmar \u00a9 OT Colmar\" class=\"image detail fullwidth\" href=\"https:\/\/www.jds.fr\/medias\/image\/magie-noel-dominicains-sapin-boules-colmar-117313-1200-0-F.webp\" title=\"La magie de No\u00ebl s&#039;installe dans toute la ville de Colmar \u00a9 OT Colmar\" rel=\"nofollow noopener\" target=\"_blank\"><br \/>\n<img decoding=\"async\" loading=\"lazy\" src=\"https:\/\/www.europesays.com\/fr\/wp-content\/uploads\/2025\/09\/magie-noel-dominicains-sapin-boules-colmar-117313-1200-0.webp.webp\"   alt=\"La magie de No\u00ebl s'installe dans toute la ville de Colmar\" class=\"shortcode_image border\"\/><br \/>\n\u00a9 OT Colmar<br \/>\nLa magie de No\u00ebl s&rsquo;installe dans toute la ville de Colmar<br \/>\n<\/a>\n<\/p>\n<p>Mulhouse et son \u00c9toffe de No\u00ebl<\/p>\n<p>Particularit\u00e9 unique en Alsace\u00a0: <strong>le March\u00e9 de No\u00ebl de Mulhouse<\/strong> cr\u00e9e chaque ann\u00e9e un tissu exclusif, l\u2019\u00c9toffe de No\u00ebl, qui habille fa\u00e7ades et chalets. Le march\u00e9 se concentre sur la place de la R\u00e9union, domin\u00e9e par le Temple Saint-\u00c9tienne et l\u2019H\u00f4tel de Ville, magnifiquement d\u00e9cor\u00e9s. Les chalets proposent artisanat, gastronomie et animations pour toute la famille. C\u2019est un march\u00e9 original, au charme textile et color\u00e9.<\/p>\n<p class=\"mise_en_avant\">\ud83d\udcc6 Dates\u00a0: du 21 novembre au 27 d\u00e9cembre 2025<br \/>\ud83d\udccd Lieux\u00a0: Place de la R\u00e9union et centre-ville<br \/>\ud83c\udf84 Toutes les infos sur le <a href=\"https:\/\/www.jds.fr\/mulhouse\/manifestations\/marche-de-noel\/noel-a-mulhouse-animations-et-marche-de-noel-128686_A\" rel=\"nofollow noopener\" target=\"_blank\">March\u00e9 de No\u00ebl de Mulhouse<\/a><\/p>\n<p><a data-lightbox=\"article\" data-title=\"Le sapin du March\u00e9 de No\u00ebl de Mulhouse sur la place des Victoires (2024) \u00a9 C\u00e9line Zimmermann\" class=\"image detail fullwidth\" href=\"https:\/\/www.jds.fr\/medias\/image\/sapin-marche-de-noel-de-mulhouse-en-2024_1-487838-1200-0-F.webp\" title=\"Le sapin du March\u00e9 de No\u00ebl de Mulhouse sur la place des Victoires (2024) \u00a9 C\u00e9line Zimmermann\" rel=\"nofollow noopener\" target=\"_blank\"><br \/>\n<img decoding=\"async\" loading=\"lazy\" src=\"https:\/\/www.europesays.com\/fr\/wp-content\/uploads\/2025\/09\/sapin-marche-de-noel-de-mulhouse-en-2024_1-487838-1200-0.webp.webp\"   alt=\"Le sapin du March\u00e9 de No\u00ebl de Mulhouse sur la place des Victoires (2024)\" class=\"shortcode_image border\"\/><br \/>\n\u00a9 C\u00e9line Zimmermann<br \/>\nLe sapin du March\u00e9 de No\u00ebl de Mulhouse sur la place des Victoires (2024)<br \/>\n<\/a>\n<\/p>\n<p>Kaysersberg, l\u2019authenticit\u00e9 m\u00e9di\u00e9vale<\/p>\n<p>Le <strong>march\u00e9 de No\u00ebl de Kaysersberg<\/strong> (Alsace) s\u00e9duit par son c\u00f4t\u00e9 authentique, r\u00e9put\u00e9 pour sa s\u00e9lection exigeante d\u2019exposants et d&rsquo;artisans. Dans un cadre m\u00e9di\u00e9val pr\u00e9serv\u00e9, les visiteurs d\u00e9couvrent des produits faits main, allant de la poterie aux d\u00e9corations traditionnelles. Le march\u00e9 n\u2019a lieu que les week-ends de l\u2019Avent, ce qui renforce son caract\u00e8re unique et son atmosph\u00e8re conviviale.<\/p>\n<p class=\"mise_en_avant\">\ud83d\udcc6 Dates\u00a0: du 28 novembre au 21 d\u00e9cembre 2025 (uniquement les vendredis, samedis et dimanches)<br \/>\ud83d\udccd Lieux\u00a0: Centre historique de Kaysersberg<br \/>\ud83c\udf84 Toutes les infos sur <a href=\"https:\/\/www.jds.fr\/colmar\/manifestations\/marche-de-noel\/marche-noel-authentique-kaysersberg-62968_A\" rel=\"nofollow noopener\" target=\"_blank\">le March\u00e9 de No\u00ebl de Kaysersberg<\/a><\/p>\n<p><a data-lightbox=\"article\" data-title=\"March\u00e9 de No\u00ebl \u00e0 Kaysersberg  \u00a9 OTVKB \/ Vincent Schneider\" class=\"image detail fullwidth\" href=\"https:\/\/www.jds.fr\/medias\/image\/marche-de-noel-a-kaysersberg_1-267481-1200-0-F.webp\" title=\"March\u00e9 de No\u00ebl \u00e0 Kaysersberg  \u00a9 OTVKB \/ Vincent Schneider\" rel=\"nofollow noopener\" target=\"_blank\"><br \/>\n<img decoding=\"async\" loading=\"lazy\" src=\"https:\/\/www.europesays.com\/fr\/wp-content\/uploads\/2025\/09\/marche-de-noel-a-kaysersberg_1-267481-1200-0.webp.webp\"   alt=\"March\u00e9 de No\u00ebl \u00e0 Kaysersberg \" class=\"shortcode_image border\"\/><br \/>\n\u00a9 OTVKB \/ Vincent Schneider<br \/>\nMarch\u00e9 de No\u00ebl \u00e0 Kaysersberg<br \/>\n<\/a>\n<\/p>\n<p>Riquewihr, un d\u00e9cor m\u00e9di\u00e9val f\u00e9\u00e9rique<\/p>\n<p>Riquewihr est l\u2019un des villages alsaciens les plus visit\u00e9s toute l\u2019ann\u00e9e, et son march\u00e9 de No\u00ebl attire chaque hiver des milliers de visiteurs. Les chalets s\u2019installent au c\u0153ur des remparts et des ruelles pav\u00e9es, dans un d\u00e9cor m\u00e9di\u00e9val pr\u00e9serv\u00e9 qui semble fig\u00e9 dans le temps. Entre artisans locaux, d\u00e9corations de No\u00ebl traditionnelles et odeurs de vin chaud, l\u2019ambiance y est authentique et magique. C\u2019est un march\u00e9 de taille plus intime que ceux des grandes villes, mais l\u2019atmosph\u00e8re y est absolument unique.<\/p>\n<p class=\"mise_en_avant\">\ud83d\udcc6 Dates\u00a0: du 28 novembre au 21 d\u00e9cembre 2025<br \/>\ud83d\udccd Lieux\u00a0: Vieille ville\u00a0 de Riquewihr<br \/>\ud83c\udf84 Toutes les infos sur le <a href=\"https:\/\/www.jds.fr\/colmar\/manifestations\/marche-de-noel\/marche-noel-riquewihr-64147_A\" rel=\"nofollow noopener\" target=\"_blank\">March\u00e9 de No\u00ebl de Riquewihr (Alsace)<\/a><\/p>\n<p><a data-lightbox=\"article\" data-title=\"March\u00e9 de No\u00ebl  \u00e0 Riquewihr \u00a9 OT Pays de Ribeauvill\u00e9 et Riquewihr\" class=\"image detail fullwidth\" href=\"https:\/\/www.jds.fr\/medias\/image\/marche-de-noel-a-riquewihr_6-161102-1200-0-F.webp\" title=\"March\u00e9 de No\u00ebl  \u00e0 Riquewihr \u00a9 OT Pays de Ribeauvill\u00e9 et Riquewihr\" rel=\"nofollow noopener\" target=\"_blank\"><br \/>\n<img decoding=\"async\" loading=\"lazy\" src=\"https:\/\/www.europesays.com\/fr\/wp-content\/uploads\/2025\/09\/marche-de-noel-a-riquewihr_6-161102-1200-0.webp.webp\"   alt=\"March\u00e9 de No\u00ebl  \u00e0 Riquewihr\" class=\"shortcode_image border\"\/><br \/>\n\u00a9 OT Pays de Ribeauvill\u00e9 et Riquewihr<br \/>\nMarch\u00e9 de No\u00ebl  \u00e0 Riquewihr<br \/>\n<\/a>\n<\/p>\n<p>Eguisheim, l\u2019intimiste au charme color\u00e9<\/p>\n<p>Class\u00e9 parmi les plus beaux villages de France, Eguisheim s\u00e9duit par son architecture circulaire et ses maisons color\u00e9es \u00e0 colombages. Pendant la p\u00e9riode de l\u2019Avent, <strong>le march\u00e9 de No\u00ebl d&rsquo;Eguisheim<\/strong> se concentre autour de la place du Ch\u00e2teau et des ruelles pittoresques. Les visiteurs y d\u00e9couvrent un march\u00e9 plus petit et plus intimiste, d\u00e9di\u00e9 \u00e0 l\u2019artisanat local, aux d\u00e9corations de No\u00ebl et aux douceurs traditionnelles. Eguisheim est id\u00e9al pour une visite familiale et pour profiter d\u2019une atmosph\u00e8re chaleureuse \u00e0 taille humaine.<\/p>\n<p class=\"mise_en_avant\">\ud83d\udcc6 Dates\u00a0: du 28 novembre au 30 d\u00e9cembre 2025<br \/>\ud83d\udccd Lieux\u00a0: Place du Ch\u00e2teau et centre historique d\u2019Eguisheim<br \/>\ud83c\udf84 Toutes les infos sur le <a href=\"https:\/\/www.jds.fr\/colmar\/manifestations\/marche-de-noel\/noel-a-eguisheim-animations-et-marche-de-noel-128630_A\" rel=\"nofollow noopener\" target=\"_blank\">March\u00e9 de No\u00ebl d\u2019Eguisheim<\/a><\/p>\n<p><a data-lightbox=\"article\" data-title=\"March\u00e9 de No\u00ebl  \u00e0 Eguisheim et animations \u00a9 Vincent Schneider \/ Tourisme Eguisheim-Rouffach\" class=\"image detail fullwidth\" href=\"https:\/\/www.jds.fr\/medias\/image\/marche-de-noel-a-eguisheim-et-animations-266400-1200-0-F.webp\" title=\"March\u00e9 de No\u00ebl  \u00e0 Eguisheim et animations \u00a9 Vincent Schneider \/ Tourisme Eguisheim-Rouffach\" rel=\"nofollow noopener\" target=\"_blank\"><br \/>\n<img decoding=\"async\" loading=\"lazy\" src=\"https:\/\/www.europesays.com\/fr\/wp-content\/uploads\/2025\/09\/marche-de-noel-a-eguisheim-et-animations-266400-1200-0.webp.webp\"   alt=\"March\u00e9 de No\u00ebl  \u00e0 Eguisheim et animations\" class=\"shortcode_image border\"\/><br \/>\n\u00a9 Vincent Schneider \/ Tourisme Eguisheim-Rouffach<br \/>\nMarch\u00e9 de No\u00ebl  \u00e0 Eguisheim et animations<br \/>\n<\/a>\n<\/p>\n<p>Obernai, le march\u00e9 gourmand<\/p>\n<p>Le march\u00e9 de No\u00ebl d\u2019Obernai est r\u00e9put\u00e9 pour mettre \u00e0 l\u2019honneur la gastronomie et les produits du terroir. Au d\u00e9tour des chalets, les visiteurs d\u00e9gustent vin chaud aux \u00e9pices, pain d\u2019\u00e9pices, mannele ou encore foie gras artisanal. La ville, d\u00e9j\u00e0 charmante avec ses maisons \u00e0 colombages et sa place centrale, s\u2019illumine de mille lumi\u00e8res et accueille animations, concerts et expositions. C\u2019est un march\u00e9 parfait pour les amateurs de saveurs authentiques et de convivialit\u00e9 alsacienne.<\/p>\n<p class=\"mise_en_avant\">\ud83d\udcc6 Dates\u00a0: du 28 novembre au 31 d\u00e9cembre 2025<br \/>\ud83d\udccd Lieux\u00a0: Centre-ville d\u2019Obernai<br \/>\ud83c\udf84 Toutes les infos sur <a href=\"https:\/\/www.jds.fr\/strasbourg\/manifestations\/marche-de-noel\/noel-a-obernai-animations-et-marche-de-noel-128601_A\" rel=\"nofollow noopener\" target=\"_blank\">le March\u00e9 de No\u00ebl d\u2019Obernai<\/a><\/p>\n<p><a data-lightbox=\"article\" data-title=\"Des d\u00e9corations pour son sapin \u00e0 retrouver sur les stands du march\u00e9 de No\u00ebl d&#039;Obernai \u00a9 Office de Tourisme d&#039;Obernai\" class=\"image detail fullwidth\" href=\"https:\/\/www.jds.fr\/medias\/image\/des-decorations-pour-son-sapin-a-retrouver-sur-les-141897-1200-0-F.webp\" title=\"Des d\u00e9corations pour son sapin \u00e0 retrouver sur les stands du march\u00e9 de No\u00ebl d&#039;Obernai \u00a9 Office de Tourisme d&#039;Obernai\" rel=\"nofollow noopener\" target=\"_blank\"><br \/>\n<img decoding=\"async\" loading=\"lazy\" src=\"https:\/\/www.europesays.com\/fr\/wp-content\/uploads\/2025\/09\/des-decorations-pour-son-sapin-a-retrouver-sur-les-141897-1200-0.webp.webp\"   alt=\"Des d\u00e9corations pour son sapin \u00e0 retrouver sur les stands du march\u00e9 de No\u00ebl d'Obernai\" class=\"shortcode_image border\"\/><br \/>\n\u00a9 Office de Tourisme d&rsquo;Obernai<br \/>\nDes d\u00e9corations pour son sapin \u00e0 retrouver sur les stands du march\u00e9 de No\u00ebl d&rsquo;Obernai<br \/>\n<\/a>\n<\/p>\n<p>Ribeauvill\u00e9, le march\u00e9 m\u00e9di\u00e9val<\/p>\n<p>Ribeauvill\u00e9 propose sans doute le march\u00e9 le plus original d\u2019Alsace. Sa particularit\u00e9\u00a0: un march\u00e9 de No\u00ebl m\u00e9di\u00e9val (en Alsace, c&rsquo;est l&rsquo;un des seuls)\u00a0! Au programme dans la Cit\u00e9 des M\u00e9n\u00e9triers\u00a0: un v\u00e9ritable retour au Moyen \u00c2ge avec troubadours, cracheurs de feu, chevaliers et musiciens costum\u00e9s &#8211; v\u00e9ritable clin d&rsquo;\u0153il \u00e0 <a href=\"https:\/\/www.jds.fr\/colmar\/manifestations\/fetes\/fete-des-menetriers-a-ribeauville-108895_A\" rel=\"nofollow noopener\" target=\"_blank\">la F\u00eate des M\u00e9n\u00e9triers<\/a> organis\u00e9e \u00e0 la rentr\u00e9e chaque ann\u00e9e. La vieille ville se transforme en un d\u00e9cor m\u00e9di\u00e9val vivant, o\u00f9 l\u2019on d\u00e9guste des sp\u00e9cialit\u00e9s traditionnelles servies dans des gobelets en terre cuite, comme au temps jadis. C\u2019est un march\u00e9 festif et d\u00e9paysant, \u00e0 vivre absolument si vous souhaitez une exp\u00e9rience hors du commun en Alsace.<\/p>\n<p class=\"mise_en_avant\">\ud83d\udcc6 Dates\u00a0: 6-7 d\u00e9cembre et 13-14 d\u00e9cembre 2025<br \/>\ud83d\udccd Lieux\u00a0: Vieille ville de Ribeauvill\u00e9<br \/>\ud83c\udf84 Toutes les infos sur le <a href=\"https:\/\/www.jds.fr\/colmar\/manifestations\/marche-de-noel\/marche-noel-medieval-ribeauville-50202_A\" rel=\"nofollow noopener\" target=\"_blank\">March\u00e9 de No\u00ebl de Ribeauvill\u00e9<\/a><\/p>\n<p><a data-lightbox=\"article\" data-title=\"March\u00e9 de No\u00ebl m\u00e9di\u00e9val de Ribeauvill\u00e9 \u00a9 Ville de Ribeauvill\u00e9\" class=\"image detail fullwidth\" href=\"https:\/\/www.jds.fr\/medias\/image\/marche-de-noel-medieval-462263-1200-0-F.webp\" title=\"March\u00e9 de No\u00ebl m\u00e9di\u00e9val de Ribeauvill\u00e9 \u00a9 Ville de Ribeauvill\u00e9\" rel=\"nofollow noopener\" target=\"_blank\"><br \/>\n<img decoding=\"async\" loading=\"lazy\" src=\"https:\/\/www.europesays.com\/fr\/wp-content\/uploads\/2025\/09\/marche-de-noel-medieval-462263-1200-0.webp.webp\"   alt=\"March\u00e9 de No\u00ebl m\u00e9di\u00e9val de Ribeauvill\u00e9\" class=\"shortcode_image border\"\/><br \/>\n\u00a9 Ville de Ribeauvill\u00e9<br \/>\nMarch\u00e9 de No\u00ebl m\u00e9di\u00e9val de Ribeauvill\u00e9<br \/>\n<\/a>\n<\/p>\n<p>Quelles sont les dates des march\u00e9s de No\u00ebl en Alsace en 2025\u00a0?<\/p>\n<p>Les March\u00e9s de No\u00ebl en Alsace ouvrent d\u00e8s la fin du mois de novembre\u00a0: l&rsquo;ann\u00e9e 2025 ne fait pas exception \u00e0 la r\u00e8gle\u00a0! Voil\u00e0 la liste des march\u00e9s de No\u00ebl en Alsace en 2025\u00a0:<\/p>\n<p>March\u00e9s de No\u00ebl dans le Haut-Rhin (68)<\/p>\n<ul>&#13;<\/p>\n<li><a href=\"https:\/\/www.jds.fr\/mulhouse\/manifestations\/marche-de-noel\/marche-de-noel-881070_A\" rel=\"nofollow noopener\" target=\"_blank\">March\u00e9 de No\u00ebl d\u2019Aspach-Michelbach \u2013 Aspach-Michelbach<\/a>, le 07\/12\/2025<\/li>\n<p>&#13;<\/p>\n<li><a href=\"https:\/\/www.jds.fr\/mulhouse\/manifestations\/marche-de-noel\/noel-a-altkirch-animations-et-marche-de-noel-128475_A\" rel=\"nofollow noopener\" target=\"_blank\">No\u00ebl \u00e0 Altkirch \u2013 Altkirch<\/a>, du 06\/12\/2025 au 04\/01\/2026<\/li>\n<p>&#13;<\/p>\n<li><a href=\"https:\/\/www.jds.fr\/colmar\/manifestations\/marche-de-noel\/noel-a-colmar-animations-et-marches-de-noel-128619_A\" rel=\"nofollow noopener\" target=\"_blank\">March\u00e9 de No\u00ebl \u00e0 Colmar 2025 \u2013 Colmar<\/a>, du 25\/11\/2025 au 29\/12\/2025<\/li>\n<p>&#13;<\/p>\n<li><a href=\"https:\/\/www.jds.fr\/mulhouse\/manifestations\/marche-de-noel\/marche-de-noel-dannemarie-64880_A\" rel=\"nofollow noopener\" target=\"_blank\">March\u00e9 de No\u00ebl de Dannemarie \u2013 Dannemarie<\/a>, les 6\u20137, 13\u201314, 20\u201321\/12\/2025<\/li>\n<p>&#13;<\/p>\n<li><a href=\"https:\/\/www.jds.fr\/colmar\/manifestations\/marche-de-noel\/noel-a-eguisheim-animations-et-marche-de-noel-128630_A\" rel=\"nofollow noopener\" target=\"_blank\">March\u00e9 de No\u00ebl \u00e0 Eguisheim 2025 \u2013 Eguisheim<\/a>, du 28\/11\/2025 au 30\/12\/2025<\/li>\n<p>&#13;<\/p>\n<li><a href=\"https:\/\/www.jds.fr\/mulhouse\/manifestations\/marche-de-noel\/noel-bleu-a-guebwiller-1286061_A\" rel=\"nofollow noopener\" target=\"_blank\">No\u00ebl Bleu \u00e0 Guebwiller 2025 \u2013 Guebwiller<\/a>, du 29\/11\/2025 au 05\/01\/2026<\/li>\n<p>&#13;<\/p>\n<li><a href=\"https:\/\/www.jds.fr\/colmar\/manifestations\/marche-de-noel\/marche-sainte-lucie-grussenheim-50418_A\" rel=\"nofollow noopener\" target=\"_blank\">March\u00e9 de la Sainte-Lucie \u00e0 Grussenheim<\/a>, du 05\/12\/2025 au 07\/12\/2025<\/li>\n<p>&#13;<\/p>\n<li><a href=\"https:\/\/www.jds.fr\/colmar\/manifestations\/marche-de-noel\/marche-noel-authentique-kaysersberg-62968_A\" rel=\"nofollow noopener\" target=\"_blank\">March\u00e9 de No\u00ebl \u00e0 Kaysersberg 2025 \u2013 Kaysersberg Vignoble<\/a>, du 28\/11\/2025 au 21\/12\/2025 (week-ends)<\/li>\n<p>&#13;<\/p>\n<li><a href=\"https:\/\/www.jds.fr\/mulhouse\/manifestations\/marche-de-noel\/marche-noel-se-recycle-kingersheim-51233_A\" rel=\"nofollow noopener\" target=\"_blank\">March\u00e9 de No\u00ebl 2025 \u00e0 Kingersheim \u2013 Kingersheim<\/a>, du 28\/11\/2025 au 30\/11\/2025<\/li>\n<p>&#13;<\/p>\n<li><a href=\"https:\/\/www.jds.fr\/colmar\/manifestations\/marche-de-noel\/marche-noel-1700-neuf-brisach-74911_A\" rel=\"nofollow noopener\" target=\"_blank\">March\u00e9 de No\u00ebl 1700 \u00e0 Neuf-Brisach \u2013 Neuf-Brisach<\/a>, les 12\u201313\u201314\/12\/2025<\/li>\n<p>&#13;<\/p>\n<li><a href=\"https:\/\/www.jds.fr\/mulhouse\/manifestations\/marche-de-noel\/noel-a-ottmarsheim-marche-de-noel-des-musees-et-des-createurs-d-ottmarsheim-94509_A\" rel=\"nofollow noopener\" target=\"_blank\">March\u00e9 de No\u00ebl d\u2019Ottmarsheim \u2013 Ottmarsheim<\/a>, les 12\u201313\u201314\/12\/2025<\/li>\n<p>&#13;<\/p>\n<li><a href=\"https:\/\/www.jds.fr\/mulhouse\/manifestations\/marche-de-noel\/noel-a-pfastatt-marche-de-noel-les-lutins-preparent-noel-114652_A\" rel=\"nofollow noopener\" target=\"_blank\">March\u00e9 de No\u00ebl de Pfastatt 2025 \u2013 Pfastatt<\/a>, les 28\u201330\/11 et 5\u20137\/12\/2025<\/li>\n<p>&#13;<\/p>\n<li><a href=\"https:\/\/www.jds.fr\/mulhouse\/manifestations\/marche-de-noel\/marche-noel-rixheim-63172_A\" rel=\"nofollow noopener\" target=\"_blank\">March\u00e9 de No\u00ebl de Rixheim \u2013 Rixheim<\/a>, les 12\u201313\u201314\/12\/2025<\/li>\n<p>&#13;<\/p>\n<li><a href=\"https:\/\/www.jds.fr\/colmar\/manifestations\/marche-de-noel\/marche-noel-riquewihr-64147_A\" rel=\"nofollow noopener\" target=\"_blank\">March\u00e9 de No\u00ebl \u00e0 Riquewihr \u2013 Riquewihr<\/a>, du 28\/11\/2025 au 21\/12\/2025<\/li>\n<p>&#13;<\/p>\n<li><a href=\"https:\/\/www.jds.fr\/manifestations\/marche-de-noel\/marche-noel-rouffach-64246_A\" rel=\"nofollow noopener\" target=\"_blank\">March\u00e9 de No\u00ebl de Rouffach \u2013 Rouffach<\/a>, les 6\u20137 et 13\u201314\/12\/2025<\/li>\n<p>&#13;<\/p>\n<li><a href=\"https:\/\/www.jds.fr\/selestat\/manifestations\/marche-de-noel\/noel-a-orschwiller-l-authentique-village-de-noel-113071_A\" rel=\"nofollow noopener\" target=\"_blank\">Village de No\u00ebl d\u2019Orschwiller \u2013 Orschwiller<\/a>, les 12\u201313\u201314\/12\/2025<\/li>\n<p>&#13;<\/p>\n<li><a href=\"https:\/\/www.jds.fr\/mulhouse\/manifestations\/marche-de-noel\/marche-noel-soultz-haut-rhin-50436_A\" rel=\"nofollow noopener\" target=\"_blank\">March\u00e9 de No\u00ebl de Soultz \u2013 Soultz (Haut-Rhin)<\/a>, les 6\u20137 et 13\u201314\/12\/2025<\/li>\n<p>&#13;<\/p>\n<li><a href=\"https:\/\/www.jds.fr\/mulhouse\/manifestations\/marche-de-noel\/16eme-marche-de-noel-de-spechbach-1129019_A\" rel=\"nofollow noopener\" target=\"_blank\">March\u00e9 de No\u00ebl de Spechbach \u2013 Spechbach<\/a>, le 23\/11\/2025<\/li>\n<p>&#13;<\/p>\n<li><a href=\"https:\/\/www.jds.fr\/mulhouse\/manifestations\/marche-de-noel\/marche-noel-thann-63147_A\" rel=\"nofollow noopener\" target=\"_blank\">March\u00e9 de No\u00ebl \u00e0 Thann 2025 \u2013 Thann<\/a>, du 28\/11\/2025 au 27\/12\/2025<\/li>\n<p>&#13;<\/p>\n<li><a href=\"https:\/\/www.jds.fr\/colmar\/manifestations\/marche-de-noel\/turckheim-marche-noel-lutins-99211_A\" rel=\"nofollow noopener\" target=\"_blank\">Turckheim March\u00e9 de No\u00ebl et Village des lutins 2025 \u2013 Turckheim<\/a>, du 28\/11\/2025 au 30\/12\/2025<\/li>\n<p>&#13;<\/p>\n<li><a href=\"https:\/\/www.jds.fr\/mulhouse\/manifestations\/marche-de-noel\/marche-de-noel-du-lerchenberg-le-lerch-en-fil-1115457_A\" rel=\"nofollow noopener\" target=\"_blank\">March\u00e9 de No\u00ebl du Lerchenberg (Le Lerch\u2019 en fil) \u2013 Mulhouse<\/a>, du 29\/11\/2025 au 30\/11\/2025<\/li>\n<p>&#13;<\/p>\n<li><a href=\"https:\/\/www.jds.fr\/mulhouse\/manifestations\/marche-de-noel\/noel-a-mulhouse-animations-et-marche-de-noel-128686_A\" rel=\"nofollow noopener\" target=\"_blank\">March\u00e9 de No\u00ebl \u00e0 Mulhouse \u2013 Mulhouse<\/a>, du 21\/11\/2025 au 27\/12\/2025<\/li>\n<p>&#13;<\/p>\n<li><a href=\"https:\/\/www.jds.fr\/colmar\/manifestations\/marche-de-noel\/marche-de-noel-a-muntzenheim-898863_A\" rel=\"nofollow noopener\" target=\"_blank\">March\u00e9 de No\u00ebl de Muntzenheim \u2013 Muntzenheim<\/a>, du 19\/12\/2025 au 21\/12\/2025<\/li>\n<p>&#13;<\/p>\n<li><a href=\"https:\/\/www.jds.fr\/mulhouse\/manifestations\/marche-de-noel\/marche-de-noel-mille-club-wittenheim-1056307_A\" rel=\"nofollow noopener\" target=\"_blank\">March\u00e9 de No\u00ebl du Mille Club (Wittenheim) \u2013 Wittenheim<\/a>, du 29\/11\/2025 au 30\/11\/2025<\/li>\n<p>&#13;\n<\/ul>\n<p>Derni\u00e8re mise \u00e0 jour de la liste\u00a0: 04\/09\/2025<\/p>\n<p><a data-lightbox=\"article\" data-title=\"Les jolies fa\u00e7ades de Colmar pour les f\u00eates de fin d&#039;ann\u00e9e DR\" class=\"image detail fullwidth\" href=\"https:\/\/www.jds.fr\/medias\/image\/marches-de-noel-en-alsace-guide-complet-des-dates--5-708667-1200-0-F.webp\" title=\"Les jolies fa\u00e7ades de Colmar pour les f\u00eates de fin d&#039;ann\u00e9e DR\" rel=\"nofollow noopener\" target=\"_blank\"><br \/>\n<img decoding=\"async\" loading=\"lazy\" src=\"https:\/\/www.europesays.com\/fr\/wp-content\/uploads\/2025\/09\/marches-de-noel-en-alsace-guide-complet-des-dates--5-708667-1200-0.webp.webp\"   alt=\"Les jolies fa\u00e7ades de Colmar pour les f\u00eates de fin d'ann\u00e9e\" class=\"shortcode_image border\"\/><br \/>\n\u00a9 DR<br \/>\nLes jolies fa\u00e7ades de Colmar pour les f\u00eates de fin d&rsquo;ann\u00e9e<br \/>\n<\/a>\n<\/p>\n<p>March\u00e9s de No\u00ebl dans le Bas-Rhin (67)<\/p>\n<ul>&#13;<\/p>\n<li><a href=\"https:\/\/www.jds.fr\/manifestations\/marche-de-noel\/marche-noel-andlau-61126_A\" rel=\"nofollow noopener\" target=\"_blank\">March\u00e9 de No\u00ebl d\u2019Andlau \u2013 Andlau<\/a>, les 22 et 23\/11\/2025<\/li>\n<p>&#13;<\/p>\n<li><a href=\"https:\/\/www.jds.fr\/strasbourg\/manifestations\/marche-de-noel\/bischwiller-marche-de-noel-88374_A\" rel=\"nofollow noopener\" target=\"_blank\">March\u00e9 de No\u00ebl de Bischwiller \u2013 Bischwiller<\/a>, du 05\/12\/2025 au 14\/12\/2025<\/li>\n<p>&#13;<\/p>\n<li><a href=\"https:\/\/www.jds.fr\/manifestations\/marche-de-noel\/marche-de-noel-chriskindelsmarik-bouxwiller-67-74015_A\" rel=\"nofollow noopener\" target=\"_blank\">March\u00e9 de No\u00ebl (Christkindelsm\u00e4rik) \u2013 Bouxwiller (Bas-Rhin)<\/a>, les 12\u201313\u201314\/12\/2025<\/li>\n<p>&#13;<\/p>\n<li>March\u00e9 de No\u00ebl de Brumath, du 05\/12\/2025 au 07\/12\/2025<\/li>\n<p>&#13;<\/p>\n<li>Drus&rsquo;No\u00ebl (Drusenheim), les 29\/11\/2025 et 30\/11\/2025<\/li>\n<p>&#13;<\/p>\n<li><a href=\"https:\/\/www.jds.fr\/strasbourg\/manifestations\/marche-de-noel\/marche-de-noel-en-plein-air-1056274_A\" rel=\"nofollow noopener\" target=\"_blank\">March\u00e9 de No\u00ebl en plein air \u2013 Drusenheim<\/a>, du 12\/12\/2025 au 19\/12\/2025<\/li>\n<p>&#13;<\/p>\n<li>March\u00e9 des cr\u00e9&rsquo;artistes \u00e0 Erstein (Etappenstall), du 1er au 23\/12\/2025<\/li>\n<p>&#13;<\/p>\n<li>March\u00e9 de No\u00ebl \u00e0 Herbsheim, 05\/12\/2025<\/li>\n<p>&#13;<\/p>\n<li>Herrlino\u00ebl &#8211; March\u00e9 de No\u00ebl \u00e0 Herrlisheim, les 28\/11\/2025 et 06\/12\/2025<\/li>\n<p>&#13;<\/p>\n<li><a href=\"https:\/\/www.jds.fr\/strasbourg\/manifestations\/marche-de-noel\/marche-de-noel-ittenheim-843231_A\" rel=\"nofollow noopener\" target=\"_blank\">March\u00e9 de No\u00ebl d\u2019Ittenheim \u2013 Ittenheim<\/a>, les 22 et 23\/11\/2025<\/li>\n<p>&#13;<\/p>\n<li><a href=\"https:\/\/www.jds.fr\/manifestations\/marche-de-noel\/marche-noel-perigourdin-marckolsheim-63181_A\" rel=\"nofollow noopener\" target=\"_blank\">March\u00e9 de No\u00ebl \u00e0 Marckolsheim<\/a>, les 22 et 23\/11\/2025<\/li>\n<p>&#13;<\/p>\n<li>March\u00e9 de No\u00ebl \u00e0 Mutzig, les 29\/11\/2025 et 30\/11\/2025<\/li>\n<p>&#13;<\/p>\n<li><a href=\"https:\/\/www.jds.fr\/strasbourg\/manifestations\/marche-de-noel\/noel-a-molsheim-animations-et-marche-de-noel-128589_A\" rel=\"nofollow noopener\" target=\"_blank\">No\u00ebl \u00e0 Molsheim \u2013 Molsheim<\/a>, du 29\/11\/2025 au 22\/12\/2025<\/li>\n<p>&#13;<\/p>\n<li><a href=\"https:\/\/www.jds.fr\/selestat\/manifestations\/marche-de-noel\/noel-a-orschwiller-l-authentique-village-de-noel-113071_A\" rel=\"nofollow noopener\" target=\"_blank\">Village de No\u00ebl d\u2019Orschwiller \u2013 Orschwiller<\/a>, les 12\u201313\u201314\/12\/2025<\/li>\n<p>&#13;<\/p>\n<li><a href=\"https:\/\/www.jds.fr\/strasbourg\/manifestations\/marche-de-noel\/noel-a-obernai-animations-et-marche-de-noel-128601_A\" rel=\"nofollow noopener\" target=\"_blank\">March\u00e9 de No\u00ebl \u00e0 Obernai \u2013 Obernai<\/a>, du 28\/11\/2025 au 31\/12\/2025<\/li>\n<p>&#13;<\/p>\n<li>March\u00e9 de No\u00ebl de Roeschwoog, les 29\/11\/2025 et 30\/11\/2025<\/li>\n<p>&#13;<\/p>\n<li><a href=\"https:\/\/www.jds.fr\/strasbourg\/manifestations\/marche-de-noel\/noel-a-saverne-animations-et-marche-de-noel-128606_A\" rel=\"nofollow noopener\" target=\"_blank\">F\u00e9\u00e9ries de No\u00ebl \u2013 Saverne \u2013 Saverne<\/a>, du 28\/11\/2025 au 04\/01\/2026<\/li>\n<p>&#13;<\/p>\n<li><a href=\"https:\/\/www.jds.fr\/haguenau\/manifestations\/marche-de-noel\/marche-de-noel-a-schweighouse-sur-moder-1154279_A\" rel=\"nofollow noopener\" target=\"_blank\">March\u00e9 de No\u00ebl \u00e0 Schweighouse-sur-Moder<\/a>, le 16\/11\/2025<\/li>\n<p>&#13;<\/p>\n<li><a href=\"https:\/\/www.jds.fr\/selestat\/manifestations\/marche-de-noel\/noel-a-selestat-animations-et-marche-de-noel-128711_A\" rel=\"nofollow noopener\" target=\"_blank\">No\u00ebl \u00e0 S\u00e9lestat<\/a>, du 21\/11\/2025 au 28\/12\/2025<\/li>\n<p>&#13;<\/p>\n<li>March\u00e9 de No\u00ebl \u00e0 Seltz, les 29\/11\/2025 et 30\/11\/2025<\/li>\n<p>&#13;<\/p>\n<li><a href=\"https:\/\/www.jds.fr\/strasbourg\/manifestations\/marche-de-noel\/noel-strasbourg-animations-marche-de-noel-128465_A\" rel=\"nofollow noopener\" target=\"_blank\">March\u00e9 de No\u00ebl de Strasbourg \u2013 Strasbourg<\/a>, du 26\/11\/2025 au 24\/12\/2025<\/li>\n<p>&#13;<\/p>\n<li>March\u00e9 de No\u00ebl \u00e0 Sundhouse, le 30\/11\/2025<\/li>\n<p>&#13;<\/p>\n<li><a href=\"https:\/\/www.jds.fr\/strasbourg\/manifestations\/marche-de-noel\/noel-a-truchtersheim-eskapade-de-noel-111975_A\" rel=\"nofollow noopener\" target=\"_blank\">No\u00ebl \u00e0 Truchtersheim \u2013 Eskapade de No\u00ebl \u2013 Truchtersheim<\/a>, du 13\/12\/2025 au 21\/12\/2025<\/li>\n<p>&#13;\n<\/ul>\n<p>Derni\u00e8re mise \u00e0 jour de la liste\u00a0: 05\/09\/2025<\/p>\n<p class=\"mise_en_avant\">Tous <a href=\"https:\/\/www.jds.fr\/agenda\/?rech_ou%5B%5D=Partout&amp;rech_ou_rayon=15&amp;quand=0&amp;rech_du=03%2F09%2F2025&amp;rech_du_submit=&amp;rech_au=04%2F01%2F2026&amp;rech_au_submit=2026%2F01%2F04&amp;rech_quoi%5B%5D=300&amp;search_terms=&amp;recherche=1&amp;action=rechercher\" rel=\"nofollow noopener\" target=\"_blank\">les march\u00e9s de No\u00ebl autour de chez vous<\/a> dans notre agenda actualis\u00e9 en temps r\u00e9el<\/p>\n<p>Il manque une date dans cette liste\u00a0? Ajoutez votre \u00e9v\u00e9nement \u00e0 notre agenda <a href=\"https:\/\/pro.jds.fr\" target=\"_blank\" rel=\"noopener nofollow\">via l&rsquo;espace organisateur<\/a>\u00a0!<\/p>\n<p><a data-lightbox=\"article\" data-title=\"Strasbourg, la capitale de No\u00ebl DR\" class=\"image detail fullwidth\" href=\"https:\/\/www.jds.fr\/medias\/image\/marches-de-noel-en-alsace-guide-complet-des-dates--2-708657-1200-0-F.webp\" title=\"Strasbourg, la capitale de No\u00ebl DR\" rel=\"nofollow noopener\" target=\"_blank\"><br \/>\n<img decoding=\"async\" loading=\"lazy\" src=\"https:\/\/www.europesays.com\/fr\/wp-content\/uploads\/2025\/09\/marches-de-noel-en-alsace-guide-complet-des-dates--2-708657-1200-0.webp.webp\"   alt=\"Strasbourg, la capitale de No\u00ebl\" class=\"shortcode_image border\"\/><br \/>\n\u00a9 DR<br \/>\nStrasbourg, la capitale de No\u00ebl<br \/>\n<\/a>\n<\/p>\n<p>Carte des march\u00e9s de No\u00ebl en Alsace 2025<\/p>\n<p>Pour organiser votre visite, consultez notre <strong>carte des march\u00e9s de No\u00ebl en Alsace<\/strong>, regroupant toutes les villes et villages de la saison 2025.<\/p>\n<\/p>\n<p>Derni\u00e8re mise \u00e0 jour de la carte\u00a0: 05\/09\/2025<\/p>\n<p>Nos conseils pratiques pour visiter les march\u00e9s de No\u00ebl en Alsace<\/p>\n<p>La r\u00e9gion attire de nombreux touristes et locaux lors de cette p\u00e9riode. Il est important de bien planifier votre visite des march\u00e9s de No\u00ebl en Alsace pour en profiter au maximum\u00a0!\u00a0<\/p>\n<ul>&#13;<\/p>\n<li><strong>Meilleure p\u00e9riode\u00a0:<\/strong> fin novembre \u00e0 mi-d\u00e9cembre pour \u00e9viter l\u2019affluence. Privil\u00e9giez les visites en semaine si possible, l&rsquo;affluence est toujours plus faible. Le week-end, essayez de parcourir les chalets des march\u00e9s de No\u00ebl d\u00e8s l&rsquo;ouverture (le matin) pour une visite plus agr\u00e9able. Rien ne vous emp\u00eachera de revenir de nuit pour d\u00e9couvrir les illuminations, sans entrer dans les all\u00e9es des chalets.<\/li>\n<p>&#13;<\/p>\n<li><strong>Dur\u00e9e id\u00e9ale\u00a0:<\/strong> 2 \u00e0 3 jours pour combiner villes et villages.<\/li>\n<p>&#13;<\/p>\n<li><strong>Transports\u00a0:<\/strong> trains et navettes relient Strasbourg, Colmar et les villages les plus typiques.<\/li>\n<p>&#13;<\/p>\n<li><strong>H\u00e9bergements\u00a0:<\/strong> r\u00e9server t\u00f4t dans Colmar ou Strasbourg pour \u00eatre au c\u0153ur de la f\u00eate.<\/li>\n<p>&#13;\n<\/ul>\n<p>FAQ &#8211; March\u00e9s de No\u00ebl en Alsace 2025\u00a0: guide complet des dates et incontournables<\/p>\n<p class=\"faq-title\"><strong>Quel est le plus beau march\u00e9 de No\u00ebl en Alsace\u00a0?<\/strong><\/p>\n<p>Strasbourg est le plus grand, Colmar le plus f\u00e9\u00e9rique, Kaysersberg le plus authentique.<\/p>\n<p class=\"faq-title\"><strong>Quel village alsacien a un march\u00e9 de No\u00ebl\u00a0?<\/strong><\/p>\n<p>Riquewihr, Eguisheim, Obernai, Ribeauvill\u00e9 et bien d\u2019autres.<\/p>\n<p class=\"faq-title\"><strong>Jusqu\u2019\u00e0 quand durent les march\u00e9s de No\u00ebl en Alsace\u00a0?<\/strong><\/p>\n<p>La plupart ferment fin d\u00e9cembre, certains continuent jusqu\u2019au 31 d\u00e9cembre.<\/p>\n<p class=\"font-size-30 fw-bold lh-1 mt-0 mb-4\">Je trouve les meilleures sorties dans ma ville<\/p>\n","protected":false},"excerpt":{"rendered":"L\u2019Alsace est la destination incontournable pour vivre la magie de No\u00ebl. Chaque ann\u00e9e, des millions de visiteurs viennent&hellip;\n","protected":false},"author":2,"featured_media":372670,"comment_status":"","ping_status":"","sticky":false,"template":"","format":"standard","meta":{"footnotes":""},"categories":[2820],"tags":[1111,11,1777,674,1011,27,775,12,25,640],"class_list":{"0":"post-372669","1":"post","2":"type-post","3":"status-publish","4":"format-standard","5":"has-post-thumbnail","7":"category-strasbourg","8":"tag-actu","9":"tag-actualites","10":"tag-eu","11":"tag-europe","12":"tag-fr","13":"tag-france","14":"tag-grand-est","15":"tag-news","16":"tag-republique-francaise","17":"tag-strasbourg"},"share_on_mastodon":{"url":"https:\/\/pubeurope.com\/@fr\/115162350430551286","error":""},"_links":{"self":[{"href":"https:\/\/www.europesays.com\/fr\/wp-json\/wp\/v2\/posts\/372669","targetHints":{"allow":["GET"]}}],"collection":[{"href":"https:\/\/www.europesays.com\/fr\/wp-json\/wp\/v2\/posts"}],"about":[{"href":"https:\/\/www.europesays.com\/fr\/wp-json\/wp\/v2\/types\/post"}],"author":[{"embeddable":true,"href":"https:\/\/www.europesays.com\/fr\/wp-json\/wp\/v2\/users\/2"}],"replies":[{"embeddable":true,"href":"https:\/\/www.europesays.com\/fr\/wp-json\/wp\/v2\/comments?post=372669"}],"version-history":[{"count":0,"href":"https:\/\/www.europesays.com\/fr\/wp-json\/wp\/v2\/posts\/372669\/revisions"}],"wp:featuredmedia":[{"embeddable":true,"href":"https:\/\/www.europesays.com\/fr\/wp-json\/wp\/v2\/media\/372670"}],"wp:attachment":[{"href":"https:\/\/www.europesays.com\/fr\/wp-json\/wp\/v2\/media?parent=372669"}],"wp:term":[{"taxonomy":"category","embeddable":true,"href":"https:\/\/www.europesays.com\/fr\/wp-json\/wp\/v2\/categories?post=372669"},{"taxonomy":"post_tag","embeddable":true,"href":"https:\/\/www.europesays.com\/fr\/wp-json\/wp\/v2\/tags?post=372669"}],"curies":[{"name":"wp","href":"https:\/\/api.w.org\/{rel}","templated":true}]}}