{"id":372671,"date":"2025-09-07T09:39:11","date_gmt":"2025-09-07T09:39:11","guid":{"rendered":"https:\/\/www.europesays.com\/fr\/372671\/"},"modified":"2025-09-07T09:39:11","modified_gmt":"2025-09-07T09:39:11","slug":"annonce-a-strasbourg-atangana-file-en-arabie-saoudite","status":"publish","type":"post","link":"https:\/\/www.europesays.com\/fr\/372671\/","title":{"rendered":"Annonc\u00e9 \u00e0 Strasbourg, Atangana file en Arabie Saoudite"},"content":{"rendered":"<p class=\"date\">\n                                                            Jean Canesse, Media365, publi\u00e9 le dimanche 07 septembre 2025 \u00e0 10h55\n                                                    <\/p>\n<p>Valentin Atangana (Reims) s&rsquo;est engag\u00e9 pour les trois prochaines saisons avec le club saoudien d&rsquo;Al-Ahli. Il devait, initialement, rejoindre Strasbourg.<\/p>\n<p>Comme Nathan Z\u00e9z\u00e9 (20 ans, ex-Nantes) ou Sa\u00efmon Bouabr\u00e9 (19 ans, ex-Monaco), Valentin Atangana (20 ans) a quitt\u00e9 le championnat de France cet \u00e9t\u00e9 pour rallier la richissime Arabie Saoudite. Samedi soir, le Stade de Reims a officialis\u00e9 le d\u00e9part de son jeune milieu de terrain pour un transfert \u00e9valu\u00e9 \u00e0 25 millions d&rsquo;euros. \u00ab Arriv\u00e9 au Stade de Reims \u00e0 l&rsquo;\u00e2ge de 10 ans, Valentin Atangana quitte aujourd&rsquo;hui le club qui l&rsquo;a vu grandir et devenir un footballeur accompli \u00bb, \u00e9crivait ces derni\u00e8res heures le club champenois lors d&rsquo;une publication sur ses r\u00e9seaux sociaux.<\/p>\n<p>Cl\u00f4tur\u00e9 en France (dans le sens des arriv\u00e9es) et dans de nombreux pays d&rsquo;Europe, le mercato reste ouvert jusqu&rsquo;au 11 septembre dans le pays du Moyen Orient, destination \u00ab\u00a0par d\u00e9faut\u00a0\u00bb choisie par l&rsquo;international Espoirs (deux s\u00e9lections) apr\u00e8s le couac de son transfert \u00e0 Strasbourg. Selon Sacha Tavolieri, journaliste sp\u00e9cialiste du mercato, Atangana avait \u00e9t\u00e9 recal\u00e9 ces derniers jours lors de sa visite m\u00e9dicale avec le RCS et il aurait donc opt\u00e9 pour ce qui \u00e9tait alors une option B\u00a0: le club d&rsquo;Al-Ahli.<\/p>\n<p>Reims et l&rsquo;imbroglio Nakamura<\/p>\n<p>R\u00e9l\u00e9gu\u00e9 en Ligue 2 la saison pass\u00e9e, apr\u00e8s avoir \u00e9t\u00e9 battu en barrages par le FC Metz (1-1, 1-3 a.p.), le Stade de Reims a lui vu partir cet \u00e9t\u00e9 une grande partie de son effectif et des joueurs majeurs\u00a0: Y\u00e9hvann Diouf, C\u00e9dric Kipr\u00e9, Aur\u00e9lio Buta, Nhoa Sangui, Amadou Kon\u00e9, Junya Ito, Mamadou Diakhon, Oumar Diakit\u00e9, Jordan Siebatcheu et d\u00e9sormais Valentin Atangana (liste non exhaustive).<\/p>\n<p>Des ventes qui auraient rapport\u00e9 pr\u00e8s de 67 millions d&rsquo;euros aux dirigeants r\u00e9mois, d\u00e9sireux de retrouver l&rsquo;\u00e9lite en 2026-2027 mais aussi de conserver Keito Nakamura (25 ans). Le club dirig\u00e9 par Jean-Pierre Caillot aurait notamment refus\u00e9 une offre de 18 millions d&rsquo;euros de Villarreal en toute fin de mercato (europ\u00e9en) pour l&rsquo;international japonais, lequel n&rsquo;a toujours pas disput\u00e9 un seul match cette saison. La raison ? Des probl\u00e8mes de sant\u00e9 certifi\u00e9s par un m\u00e9decin qui n&rsquo;est pas celui du club, pr\u00e9cise le journal local L&rsquo;Union, alors que le joueur, d\u00e9sireux de partir, est le seul cadre \u00e0 avoir \u00e9t\u00e9 bloqu\u00e9 par sa direction. Cette saison, apr\u00e8s quatre journ\u00e9es en Ligue 2, Reims est cinqui\u00e8me (deux victoires, un nul, une d\u00e9faite).<\/p>\n","protected":false},"excerpt":{"rendered":"Jean Canesse, Media365, publi\u00e9 le dimanche 07 septembre 2025 \u00e0 10h55 Valentin Atangana (Reims) s&rsquo;est engag\u00e9 pour les&hellip;\n","protected":false},"author":2,"featured_media":372672,"comment_status":"","ping_status":"","sticky":false,"template":"","format":"standard","meta":{"footnotes":""},"categories":[2820],"tags":[1111,11,1777,674,1011,27,775,12,25,640],"class_list":{"0":"post-372671","1":"post","2":"type-post","3":"status-publish","4":"format-standard","5":"has-post-thumbnail","7":"category-strasbourg","8":"tag-actu","9":"tag-actualites","10":"tag-eu","11":"tag-europe","12":"tag-fr","13":"tag-france","14":"tag-grand-est","15":"tag-news","16":"tag-republique-francaise","17":"tag-strasbourg"},"share_on_mastodon":{"url":"https:\/\/pubeurope.com\/@fr\/115162353755938410","error":""},"_links":{"self":[{"href":"https:\/\/www.europesays.com\/fr\/wp-json\/wp\/v2\/posts\/372671","targetHints":{"allow":["GET"]}}],"collection":[{"href":"https:\/\/www.europesays.com\/fr\/wp-json\/wp\/v2\/posts"}],"about":[{"href":"https:\/\/www.europesays.com\/fr\/wp-json\/wp\/v2\/types\/post"}],"author":[{"embeddable":true,"href":"https:\/\/www.europesays.com\/fr\/wp-json\/wp\/v2\/users\/2"}],"replies":[{"embeddable":true,"href":"https:\/\/www.europesays.com\/fr\/wp-json\/wp\/v2\/comments?post=372671"}],"version-history":[{"count":0,"href":"https:\/\/www.europesays.com\/fr\/wp-json\/wp\/v2\/posts\/372671\/revisions"}],"wp:featuredmedia":[{"embeddable":true,"href":"https:\/\/www.europesays.com\/fr\/wp-json\/wp\/v2\/media\/372672"}],"wp:attachment":[{"href":"https:\/\/www.europesays.com\/fr\/wp-json\/wp\/v2\/media?parent=372671"}],"wp:term":[{"taxonomy":"category","embeddable":true,"href":"https:\/\/www.europesays.com\/fr\/wp-json\/wp\/v2\/categories?post=372671"},{"taxonomy":"post_tag","embeddable":true,"href":"https:\/\/www.europesays.com\/fr\/wp-json\/wp\/v2\/tags?post=372671"}],"curies":[{"name":"wp","href":"https:\/\/api.w.org\/{rel}","templated":true}]}}