{"id":372673,"date":"2025-09-07T09:40:11","date_gmt":"2025-09-07T09:40:11","guid":{"rendered":"https:\/\/www.europesays.com\/fr\/372673\/"},"modified":"2025-09-07T09:40:11","modified_gmt":"2025-09-07T09:40:11","slug":"un-automobiliste-fauche-une-jeune-femme-sur-la-promenade-des-anglais-a-nice-et-prend-la-fuite-avant-detre-interpelle","status":"publish","type":"post","link":"https:\/\/www.europesays.com\/fr\/372673\/","title":{"rendered":"Un automobiliste fauche une jeune femme sur la promenade des Anglais \u00e0 Nice et prend la fuite, avant d&rsquo;\u00eatre interpell\u00e9"},"content":{"rendered":"<p>Les faits se sont d\u00e9roul\u00e9s vers 1h30 du matin ce dimanche 7 septembre, sur la promenade des Anglais.<\/p>\n<p>\u00c0 hauteur du Negresco, un pi\u00e9ton qui traversait la chauss\u00e9e a \u00e9t\u00e9 heurt\u00e9 par une voiture.<\/p>\n<p>Le conducteur de la Toyota incrimin\u00e9e a imm\u00e9diatement pris la fuite.<\/p>\n<p>Dans un message post\u00e9 sur le r\u00e9seau social X, le maire de Nice pr\u00e9cise que trois individus se trouvaient \u00e0 son bord. L\u2019un d\u2019eux s\u2019est fait rattraper par la police.<\/p>\n<p>                                La victime est une femme de 21 ans<\/p>\n<p>La Toyota a en effet \u00e9t\u00e9 localis\u00e9e au cours de la nuit \u00e0 l\u2019autre bout de la ville. \u00ab\u00a0Gr\u00e2ce \u00e0 notre r\u00e9seau de cam\u00e9ras\u00a0\u00bb, se f\u00e9licite Christian Estrosi.<\/p>\n<p>Un individu suspect\u00e9 d\u2019\u00eatre le conducteur a imm\u00e9diatement \u00e9t\u00e9 interpell\u00e9. Il se trouve actuellement en garde \u00e0 vue.<\/p>\n<p>La victime a, quant \u00e0 elle, \u00e9t\u00e9 prise en charge par les sapeurs-pompiers.<\/p>\n<p>Il s\u2019agit d\u2019une femme \u00e2g\u00e9e de 21 ans. Elle a \u00e9t\u00e9 transport\u00e9e \u00e0 l\u2019h\u00f4pital. Ses jours ne seraient pas en danger.<\/p>\n<blockquote class=\"twitter-tweet\">\n<p lang=\"fr\" dir=\"ltr\">Gr\u00e2ce \u00e0 notre r\u00e9seau de cam\u00e9ras, les trois occupants d\u2019un v\u00e9hicule en fuite apr\u00e8s avoir renvers\u00e9 une femme ont \u00e9t\u00e9 rapidement retrouv\u00e9s et interpell\u00e9s par la <a href=\"https:\/\/twitter.com\/PoliceNat06?ref_src=twsrc%5Etfw\" rel=\"nofollow noopener\" target=\"_blank\">@policenat06<\/a> et la <a href=\"https:\/\/twitter.com\/PMdeNice?ref_src=twsrc%5Etfw\" rel=\"nofollow noopener\" target=\"_blank\">@pmdenice<\/a>.<br \/>Soutien et prompt r\u00e9tablissement \u00e0 la victime qui a \u00e9t\u00e9 prise en charge au <a href=\"https:\/\/twitter.com\/CHUdeNice?ref_src=twsrc%5Etfw\" rel=\"nofollow noopener\" target=\"_blank\">@CHUdeNice<\/a>.\u2026<\/p>\n<p>\u2014 Christian Estrosi (@cestrosi) <a href=\"https:\/\/twitter.com\/cestrosi\/status\/1964597267882500417?ref_src=twsrc%5Etfw\" rel=\"nofollow noopener\" target=\"_blank\">September 7, 2025<\/a><\/p><\/blockquote>\n<p>                                                                                                                                        <script async src=\"https:\/\/platform.twitter.com\/widgets.js\" charset=\"utf-8\"><\/script><\/p>\n","protected":false},"excerpt":{"rendered":"Les faits se sont d\u00e9roul\u00e9s vers 1h30 du matin ce dimanche 7 septembre, sur la promenade des Anglais.&hellip;\n","protected":false},"author":2,"featured_media":372674,"comment_status":"","ping_status":"","sticky":false,"template":"","format":"standard","meta":{"footnotes":""},"categories":[2819],"tags":[1111,11,1777,674,118,1011,27,12,2401,882,25],"class_list":{"0":"post-372673","1":"post","2":"type-post","3":"status-publish","4":"format-standard","5":"has-post-thumbnail","7":"category-nice","8":"tag-actu","9":"tag-actualites","10":"tag-eu","11":"tag-europe","12":"tag-faits-divers","13":"tag-fr","14":"tag-france","15":"tag-news","16":"tag-nice","17":"tag-provence-alpes-cote-dazur","18":"tag-republique-francaise"},"share_on_mastodon":{"url":"https:\/\/pubeurope.com\/@fr\/115162357658769307","error":""},"_links":{"self":[{"href":"https:\/\/www.europesays.com\/fr\/wp-json\/wp\/v2\/posts\/372673","targetHints":{"allow":["GET"]}}],"collection":[{"href":"https:\/\/www.europesays.com\/fr\/wp-json\/wp\/v2\/posts"}],"about":[{"href":"https:\/\/www.europesays.com\/fr\/wp-json\/wp\/v2\/types\/post"}],"author":[{"embeddable":true,"href":"https:\/\/www.europesays.com\/fr\/wp-json\/wp\/v2\/users\/2"}],"replies":[{"embeddable":true,"href":"https:\/\/www.europesays.com\/fr\/wp-json\/wp\/v2\/comments?post=372673"}],"version-history":[{"count":0,"href":"https:\/\/www.europesays.com\/fr\/wp-json\/wp\/v2\/posts\/372673\/revisions"}],"wp:featuredmedia":[{"embeddable":true,"href":"https:\/\/www.europesays.com\/fr\/wp-json\/wp\/v2\/media\/372674"}],"wp:attachment":[{"href":"https:\/\/www.europesays.com\/fr\/wp-json\/wp\/v2\/media?parent=372673"}],"wp:term":[{"taxonomy":"category","embeddable":true,"href":"https:\/\/www.europesays.com\/fr\/wp-json\/wp\/v2\/categories?post=372673"},{"taxonomy":"post_tag","embeddable":true,"href":"https:\/\/www.europesays.com\/fr\/wp-json\/wp\/v2\/tags?post=372673"}],"curies":[{"name":"wp","href":"https:\/\/api.w.org\/{rel}","templated":true}]}}