{"id":372675,"date":"2025-09-07T09:41:10","date_gmt":"2025-09-07T09:41:10","guid":{"rendered":"https:\/\/www.europesays.com\/fr\/372675\/"},"modified":"2025-09-07T09:41:10","modified_gmt":"2025-09-07T09:41:10","slug":"la-croix-du-boulevard-de-la-madeleine-arrachee-pendant-la-nuit-le-maire-de-nice-denonce-un-acte-antireligieux","status":"publish","type":"post","link":"https:\/\/www.europesays.com\/fr\/372675\/","title":{"rendered":"La croix du boulevard de la Madeleine arrach\u00e9e pendant la nuit, le maire de Nice d\u00e9nonce un \u00ab\u00a0acte antireligieux\u00a0\u00bb"},"content":{"rendered":"<p>\u00ab\u00a0J\u2019ai eu le pr\u00eatre de la paroisse, il est outr\u00e9\u00a0\u00bb, assure Jean-Christophe. C\u2019est ce Ni\u00e7ois qui a d\u00e9couvert l\u2019acte de vandalisme qui semble avoir \u00e9t\u00e9 commis au cours de la nuit du samedi 6 au dimanche 7 septembre.<\/p>\n<p>La croix chr\u00e9tienne qui orne depuis des ann\u00e9es le haut du boulevard de la Madeleine a \u00e9t\u00e9 \u00ab\u00a0arrach\u00e9e&#8230; et mise \u00e0 la poubelle\u00a0\u00bb, s\u2019insurge Jean-Christophe.<\/p>\n<p>Ou tout au moins mise au rebut sur un bout de trottoir \u00ab\u00a0qui sert habituellement de d\u00e9p\u00f4t sauvage pour qui veut se d\u00e9barrasser de ses encombrants\u00a0\u00bb.<\/p>\n<p>Le Ni\u00e7ois, qui passe tous les jours devant cette croix en allant travailler, y voit un acte antichr\u00e9tien.<\/p>\n<p>Pour lui, ce ne peut pas \u00eatre un accident. \u00ab\u00a0Cette croix en fer forg\u00e9 qui p\u00e8se tr\u00e8s lourd \u00e9tait fix\u00e9e sur un socle \u00e0 un m\u00e8tre du sol, pr\u00e9cise-t-il. \u00ab\u00a0Il a fallu s\u2019y mettre \u00e0 plusieurs pour l\u2019arracher\u00a0\u00bb.<\/p>\n<p>              <img ci-src=\"https:\/\/www.nicematin.com\/faits-divers\/1-JJ2xbEAs.jpg?vh=07d7b7&amp;ci_seal=e0f0e1177e\" alt=\"\"\/><br \/>\n        La croix a \u00e9t\u00e9 abandonn\u00e9e un peu plus loin sur le boulevard. <strong>DR.<\/strong> <\/p>\n<p>Un riverain lui a d\u2019ailleurs dit que la nuit derni\u00e8re avait \u00e9t\u00e9 particuli\u00e8rement agit\u00e9e sur le boulevard de la Madeleine.<\/p>\n<p>C\u2019est en descendant de la colline de La Costi\u00e8re pour se rendre \u00e0 son travail, \u00e0 l\u2019a\u00e9roport, que Jean-Christophe a alert\u00e9 vers 7h30 la police municipale de ce qui s\u2019\u00e9tait pass\u00e9.<\/p>\n<p>\u00ab\u00a0Sur le chemin, je me suis arr\u00eat\u00e9 \u00e0 la borne d\u2019appel d\u2019urgence qui se trouve en face de l\u2019h\u00f4pital Lenval. Les services municipaux m\u2019ont dit qu\u2019ils allaient venir s\u00e9curiser la croix.\u00a0\u00bb<\/p>\n<p>              <img ci-src=\"https:\/\/www.nicematin.com\/faits-divers\/croix+madeleine+google+street+view+86714864168-qs6tIWrd.JPG?vh=f75c95&amp;ci_seal=434c7d28f3\" alt=\"\"\/><br \/>\n        La croix sur son emplacement, en avril 2019. <strong>DR.<\/strong> <\/p>\n<p>                                \u00ab\u00a0Acte anti-religieux intol\u00e9rable\u00a0\u00bb pour le maire de Nice\u00a0<\/p>\n<p>\u00ab\u00a0La profanation, cette nuit, d\u2019une croix sur le boulevard de la Madeleine, est inacceptable. Le centre de supervision et notre r\u00e9seau de cam\u00e9ras sont mobilis\u00e9s. Tout sera mis en \u0153uvre pour traquer les auteurs de cet acte antireligieux. Il est intol\u00e9rable de s\u2019en prendre aux valeurs chr\u00e9tiennes et \u00e0 ce qui fait notre identit\u00e9\u00a0\u00bb, a \u00e9crit le maire de Nice Christian Estrosi sur X.<\/p>\n<p>La croix a \u00e9t\u00e9 mise en s\u00e9curit\u00e9 au poste de police municipale du boulevard de la Madeleine en attendant sa restauration, qui interviendra d\u00e8s que possible.<\/p>\n<blockquote class=\"twitter-tweet\">\n<p lang=\"fr\" dir=\"ltr\">La profanation, cette nuit, d\u2019une croix sur le boulevard de la Madeleine, est inacceptable. Le centre de supervision et notre r\u00e9seau de cam\u00e9ras sont mobilis\u00e9s. Tout sera mis en \u0153uvre pour traquer les auteurs de cet acte anti-religieux. Il est intol\u00e9rable de s\u2019en prendre aux\u2026<\/p>\n<p>\u2014 Christian Estrosi (@cestrosi) <a href=\"https:\/\/twitter.com\/cestrosi\/status\/1964597754967011331?ref_src=twsrc%5Etfw\" rel=\"nofollow noopener\" target=\"_blank\">September 7, 2025<\/a><\/p><\/blockquote>\n<p><script async src=\"https:\/\/platform.twitter.com\/widgets.js\" charset=\"utf-8\"><\/script><\/p>\n","protected":false},"excerpt":{"rendered":"\u00ab\u00a0J\u2019ai eu le pr\u00eatre de la paroisse, il est outr\u00e9\u00a0\u00bb, assure Jean-Christophe. C\u2019est ce Ni\u00e7ois qui a d\u00e9couvert&hellip;\n","protected":false},"author":2,"featured_media":372676,"comment_status":"","ping_status":"","sticky":false,"template":"","format":"standard","meta":{"footnotes":""},"categories":[2819],"tags":[1111,11,1777,674,118,1011,27,12,2401,882,25],"class_list":{"0":"post-372675","1":"post","2":"type-post","3":"status-publish","4":"format-standard","5":"has-post-thumbnail","7":"category-nice","8":"tag-actu","9":"tag-actualites","10":"tag-eu","11":"tag-europe","12":"tag-faits-divers","13":"tag-fr","14":"tag-france","15":"tag-news","16":"tag-nice","17":"tag-provence-alpes-cote-dazur","18":"tag-republique-francaise"},"share_on_mastodon":{"url":"https:\/\/pubeurope.com\/@fr\/115162361576189950","error":""},"_links":{"self":[{"href":"https:\/\/www.europesays.com\/fr\/wp-json\/wp\/v2\/posts\/372675","targetHints":{"allow":["GET"]}}],"collection":[{"href":"https:\/\/www.europesays.com\/fr\/wp-json\/wp\/v2\/posts"}],"about":[{"href":"https:\/\/www.europesays.com\/fr\/wp-json\/wp\/v2\/types\/post"}],"author":[{"embeddable":true,"href":"https:\/\/www.europesays.com\/fr\/wp-json\/wp\/v2\/users\/2"}],"replies":[{"embeddable":true,"href":"https:\/\/www.europesays.com\/fr\/wp-json\/wp\/v2\/comments?post=372675"}],"version-history":[{"count":0,"href":"https:\/\/www.europesays.com\/fr\/wp-json\/wp\/v2\/posts\/372675\/revisions"}],"wp:featuredmedia":[{"embeddable":true,"href":"https:\/\/www.europesays.com\/fr\/wp-json\/wp\/v2\/media\/372676"}],"wp:attachment":[{"href":"https:\/\/www.europesays.com\/fr\/wp-json\/wp\/v2\/media?parent=372675"}],"wp:term":[{"taxonomy":"category","embeddable":true,"href":"https:\/\/www.europesays.com\/fr\/wp-json\/wp\/v2\/categories?post=372675"},{"taxonomy":"post_tag","embeddable":true,"href":"https:\/\/www.europesays.com\/fr\/wp-json\/wp\/v2\/tags?post=372675"}],"curies":[{"name":"wp","href":"https:\/\/api.w.org\/{rel}","templated":true}]}}