{"id":372677,"date":"2025-09-07T09:42:42","date_gmt":"2025-09-07T09:42:42","guid":{"rendered":"https:\/\/www.europesays.com\/fr\/372677\/"},"modified":"2025-09-07T09:42:42","modified_gmt":"2025-09-07T09:42:42","slug":"a11-fermeture-nantes-2","status":"publish","type":"post","link":"https:\/\/www.europesays.com\/fr\/372677\/","title":{"rendered":"A11 Fermeture Nantes"},"content":{"rendered":"<p itemprop=\"description\">Dans les Pays de la Loire, les nuits du lundi 8 septembre au vendredi 12 septembre, \u00e0 partir de 20h30 et jusqu&rsquo;\u00e0 5h45 au plus tard, l&rsquo;autoroute A11 est ferm\u00e9e dans les deux sens de circulation entre la sortie Nantes P\u00e9riph\u00e9rique Sud N\u00b022 et la sortie Porte de Rennes N\u00b037.<\/p>\n<p>        Des travaux de r\u00e9novation de chauss\u00e9e sont r\u00e9alis\u00e9s. <\/p>\n<p>Suivez les d\u00e9viations mises en place, en empruntant l&rsquo;A811 et le p\u00e9riph\u00e9rique Est de Nantes, via la Porte de Carquefou N\u00b041.    <\/p>\n","protected":false},"excerpt":{"rendered":"Dans les Pays de la Loire, les nuits du lundi 8 septembre au vendredi 12 septembre, \u00e0 partir&hellip;\n","protected":false},"author":2,"featured_media":372678,"comment_status":"","ping_status":"","sticky":false,"template":"","format":"standard","meta":{"footnotes":""},"categories":[2818],"tags":[50687,1111,11,1777,674,13407,1011,27,3367,9865,766,12,35025,5537,5457,2636,25,395,6949],"class_list":{"0":"post-372677","1":"post","2":"type-post","3":"status-publish","4":"format-standard","5":"has-post-thumbnail","7":"category-nantes","8":"tag-20h30","9":"tag-actu","10":"tag-actualites","11":"tag-eu","12":"tag-europe","13":"tag-fermeture","14":"tag-fr","15":"tag-france","16":"tag-loire","17":"tag-lundi","18":"tag-nantes","19":"tag-news","20":"tag-nuits","21":"tag-partir","22":"tag-pays","23":"tag-pays-de-la-loire","24":"tag-republique-francaise","25":"tag-septembre","26":"tag-vendredi"},"share_on_mastodon":{"url":"https:\/\/pubeurope.com\/@fr\/115162365597194995","error":""},"_links":{"self":[{"href":"https:\/\/www.europesays.com\/fr\/wp-json\/wp\/v2\/posts\/372677","targetHints":{"allow":["GET"]}}],"collection":[{"href":"https:\/\/www.europesays.com\/fr\/wp-json\/wp\/v2\/posts"}],"about":[{"href":"https:\/\/www.europesays.com\/fr\/wp-json\/wp\/v2\/types\/post"}],"author":[{"embeddable":true,"href":"https:\/\/www.europesays.com\/fr\/wp-json\/wp\/v2\/users\/2"}],"replies":[{"embeddable":true,"href":"https:\/\/www.europesays.com\/fr\/wp-json\/wp\/v2\/comments?post=372677"}],"version-history":[{"count":0,"href":"https:\/\/www.europesays.com\/fr\/wp-json\/wp\/v2\/posts\/372677\/revisions"}],"wp:featuredmedia":[{"embeddable":true,"href":"https:\/\/www.europesays.com\/fr\/wp-json\/wp\/v2\/media\/372678"}],"wp:attachment":[{"href":"https:\/\/www.europesays.com\/fr\/wp-json\/wp\/v2\/media?parent=372677"}],"wp:term":[{"taxonomy":"category","embeddable":true,"href":"https:\/\/www.europesays.com\/fr\/wp-json\/wp\/v2\/categories?post=372677"},{"taxonomy":"post_tag","embeddable":true,"href":"https:\/\/www.europesays.com\/fr\/wp-json\/wp\/v2\/tags?post=372677"}],"curies":[{"name":"wp","href":"https:\/\/api.w.org\/{rel}","templated":true}]}}