{"id":372679,"date":"2025-09-07T09:43:15","date_gmt":"2025-09-07T09:43:15","guid":{"rendered":"https:\/\/www.europesays.com\/fr\/372679\/"},"modified":"2025-09-07T09:43:15","modified_gmt":"2025-09-07T09:43:15","slug":"le-fc-nantes-atomise-le-stade-rennais-la-saison-est-lancee","status":"publish","type":"post","link":"https:\/\/www.europesays.com\/fr\/372679\/","title":{"rendered":"Le FC Nantes atomise le Stade Rennais, la saison est lanc\u00e9e\u00a0!\u00a0"},"content":{"rendered":"<p><strong>Loin de la Ligue 1, le FC Nantes commence la saison tambour battant, et m\u00eame ses jeunes montrent la voie. Pour la 3\u1d49 journ\u00e9e du championnat de France U17, les Canaris ont \u00e9cras\u00e9 leurs rivaux du Stade Rennais sur leur propre terrain (1-6).<\/strong><\/p>\n<p>Le premier derby pour le <a href=\"https:\/\/www.butfootballclub.fr\/617343-fc-nantes-mercato-blesse-castro-a-tranche-pour-larrivee-dun-joker\/\" rel=\"noopener\" target=\"_blank\">FC Nantes<\/a>\u00a0! Dans ce match toujours particulier, les jeunes Canaris ont fait preuve d\u2019une efficacit\u00e9 redoutable et d\u2019une intensit\u00e9 sup\u00e9rieure pour atomiser les U17 du Stade Rennais. Les Rouge et Noir, pourtant r\u00e9put\u00e9s pour la qualit\u00e9 de leur formation, ont \u00e9t\u00e9 totalement d\u00e9pass\u00e9s, incapables de contenir la furia jaune et verte. Ce large succ\u00e8s prend une saveur particuli\u00e8re : humilier le voisin honni reste une performance marquante, quel que soit l\u2019\u00e2ge ou le contexte.<\/p>\n<p>Au-del\u00e0 du simple r\u00e9sultat, cette victoire illustre la dynamique positive qui semble entourer le <a href=\"https:\/\/www.butfootballclub.fr\/617366-fc-nantes-apres-castro-un-titulaire-sest-blesse-en-selection\/\" rel=\"noopener\" target=\"_blank\">FC Nantes <\/a>en ce d\u00e9but de saison. La formation tourne \u00e0 plein r\u00e9gime, les jeunes brillent, et ce signe fort pourrait bien inspirer l\u2019\u00e9quipe premi\u00e8re en Ligue 1. Alors que les Canaris cherchent \u00e0 s\u2019installer dans une spirale positive, voir la rel\u00e8ve dominer Rennes avec une telle autorit\u00e9 ne peut qu\u2019alimenter la confiance g\u00e9n\u00e9rale dans le club.<\/p>\n<p>Bien s\u00fbr, il ne faut pas confondre championnat U17 et Ligue 1. Mais dans un club o\u00f9 l\u2019identit\u00e9 passe aussi par la formation, ce carton inflig\u00e9 \u00e0 l\u2019ennemi rennais est per\u00e7u comme un symbole fort. Et s\u2019il annon\u00e7ait une saison o\u00f9 le <a href=\"https:\/\/www.butfootballclub.fr\/617325-fc-nantes-des-nouvelles-fraiches-de-luis-castro\/\" rel=\"noopener\" target=\"_blank\">FC Nantes<\/a>, toutes cat\u00e9gories confondues, aborde chaque rendez-vous avec l\u2019envie de marquer les esprits ?<\/p>\n","protected":false},"excerpt":{"rendered":"Loin de la Ligue 1, le FC Nantes commence la saison tambour battant, et m\u00eame ses jeunes montrent&hellip;\n","protected":false},"author":2,"featured_media":372680,"comment_status":"","ping_status":"","sticky":false,"template":"","format":"standard","meta":{"footnotes":""},"categories":[2818],"tags":[1111,11,448,1777,674,63,1011,27,66,3388,766,12,2636,25,10662],"class_list":{"0":"post-372679","1":"post","2":"type-post","3":"status-publish","4":"format-standard","5":"has-post-thumbnail","7":"category-nantes","8":"tag-actu","9":"tag-actualites","10":"tag-champions-league","11":"tag-eu","12":"tag-europe","13":"tag-football","14":"tag-fr","15":"tag-france","16":"tag-ligue-1","17":"tag-matchs","18":"tag-nantes","19":"tag-news","20":"tag-pays-de-la-loire","21":"tag-republique-francaise","22":"tag-transferts"},"share_on_mastodon":{"url":"https:\/\/pubeurope.com\/@fr\/115162369435406681","error":""},"_links":{"self":[{"href":"https:\/\/www.europesays.com\/fr\/wp-json\/wp\/v2\/posts\/372679","targetHints":{"allow":["GET"]}}],"collection":[{"href":"https:\/\/www.europesays.com\/fr\/wp-json\/wp\/v2\/posts"}],"about":[{"href":"https:\/\/www.europesays.com\/fr\/wp-json\/wp\/v2\/types\/post"}],"author":[{"embeddable":true,"href":"https:\/\/www.europesays.com\/fr\/wp-json\/wp\/v2\/users\/2"}],"replies":[{"embeddable":true,"href":"https:\/\/www.europesays.com\/fr\/wp-json\/wp\/v2\/comments?post=372679"}],"version-history":[{"count":0,"href":"https:\/\/www.europesays.com\/fr\/wp-json\/wp\/v2\/posts\/372679\/revisions"}],"wp:featuredmedia":[{"embeddable":true,"href":"https:\/\/www.europesays.com\/fr\/wp-json\/wp\/v2\/media\/372680"}],"wp:attachment":[{"href":"https:\/\/www.europesays.com\/fr\/wp-json\/wp\/v2\/media?parent=372679"}],"wp:term":[{"taxonomy":"category","embeddable":true,"href":"https:\/\/www.europesays.com\/fr\/wp-json\/wp\/v2\/categories?post=372679"},{"taxonomy":"post_tag","embeddable":true,"href":"https:\/\/www.europesays.com\/fr\/wp-json\/wp\/v2\/tags?post=372679"}],"curies":[{"name":"wp","href":"https:\/\/api.w.org\/{rel}","templated":true}]}}