{"id":37268,"date":"2025-04-19T20:16:28","date_gmt":"2025-04-19T20:16:28","guid":{"rendered":"https:\/\/www.europesays.com\/fr\/37268\/"},"modified":"2025-04-19T20:16:28","modified_gmt":"2025-04-19T20:16:28","slug":"fusillade-a-rennes-la-maire-evoque-un-conflit-de-territoires-entre-des-groupes-mafieux-pour-la-tenue-de-points-de-deal","status":"publish","type":"post","link":"https:\/\/www.europesays.com\/fr\/37268\/","title":{"rendered":"Fusillade \u00e0 Rennes\u00a0: la maire \u00e9voque \u00ab\u00a0un conflit de territoires entre des groupes mafieux pour la tenue de points de deal\u00a0\u00bb"},"content":{"rendered":"<p class=\"paragraph text_align_left\">Le narcotrafic de nouveau au c\u0153ur des pr\u00e9occupations. \u00c0 Rennes (Ille-et-Vilaine), quatre jeunes hommes ont \u00e9t\u00e9 interpell\u00e9s dans les heures qui ont suivi <a href=\"https:\/\/www.leparisien.fr\/faits-divers\/rennes-fusil-dassaut-blesses-interpellations-ce-que-lon-sait-de-la-fusillade-dans-un-subway-de-la-ville-18-04-2025-RNOTKSJVWRGGTMHKE7SSB46M4E.php\" target=\"_blank\" rel=\"nofollow noopener\">la fusillade jeudi en plein apr\u00e8s-midi dans le quartier populaire de Villejean<\/a>, touch\u00e9 par le trafic de stup\u00e9fiants. Ces tirs, survenus dans un restaurant Subway, ont fait trois bless\u00e9s par balle. Une quatri\u00e8me personne a \u00e9t\u00e9 percut\u00e9e par la voiture des tireurs, a d\u00e9clar\u00e9 le parquet.<\/p>\n<p class=\"paragraph text_align_left\">Alors que plusieurs quartiers populaires de la capitale bretonne ont d\u00e9j\u00e0 \u00e9t\u00e9 le th\u00e9\u00e2tre de tirs sur fond de trafic de stup\u00e9fiants, la maire socialiste de Rennes, Nathalie App\u00e9r\u00e9, lance un nouvel appel pour obtenir plus de policiers et de moyens. Entretien.<\/p>\n","protected":false},"excerpt":{"rendered":"Le narcotrafic de nouveau au c\u0153ur des pr\u00e9occupations. \u00c0 Rennes (Ille-et-Vilaine), quatre jeunes hommes ont \u00e9t\u00e9 interpell\u00e9s dans&hellip;\n","protected":false},"author":2,"featured_media":37269,"comment_status":"","ping_status":"","sticky":false,"template":"","format":"standard","meta":{"footnotes":""},"categories":[2821],"tags":[1111,11,829,459,1777,674,118,1011,27,12,584,25],"class_list":{"0":"post-37268","1":"post","2":"type-post","3":"status-publish","4":"format-standard","5":"has-post-thumbnail","7":"category-rennes","8":"tag-actu","9":"tag-actualites","10":"tag-bretagne","11":"tag-departements-horsidfo","12":"tag-eu","13":"tag-europe","14":"tag-faits-divers","15":"tag-fr","16":"tag-france","17":"tag-news","18":"tag-rennes","19":"tag-republique-francaise"},"share_on_mastodon":{"url":"https:\/\/pubeurope.com\/@fr\/114366472711419718","error":""},"_links":{"self":[{"href":"https:\/\/www.europesays.com\/fr\/wp-json\/wp\/v2\/posts\/37268","targetHints":{"allow":["GET"]}}],"collection":[{"href":"https:\/\/www.europesays.com\/fr\/wp-json\/wp\/v2\/posts"}],"about":[{"href":"https:\/\/www.europesays.com\/fr\/wp-json\/wp\/v2\/types\/post"}],"author":[{"embeddable":true,"href":"https:\/\/www.europesays.com\/fr\/wp-json\/wp\/v2\/users\/2"}],"replies":[{"embeddable":true,"href":"https:\/\/www.europesays.com\/fr\/wp-json\/wp\/v2\/comments?post=37268"}],"version-history":[{"count":0,"href":"https:\/\/www.europesays.com\/fr\/wp-json\/wp\/v2\/posts\/37268\/revisions"}],"wp:featuredmedia":[{"embeddable":true,"href":"https:\/\/www.europesays.com\/fr\/wp-json\/wp\/v2\/media\/37269"}],"wp:attachment":[{"href":"https:\/\/www.europesays.com\/fr\/wp-json\/wp\/v2\/media?parent=37268"}],"wp:term":[{"taxonomy":"category","embeddable":true,"href":"https:\/\/www.europesays.com\/fr\/wp-json\/wp\/v2\/categories?post=37268"},{"taxonomy":"post_tag","embeddable":true,"href":"https:\/\/www.europesays.com\/fr\/wp-json\/wp\/v2\/tags?post=37268"}],"curies":[{"name":"wp","href":"https:\/\/api.w.org\/{rel}","templated":true}]}}