{"id":372681,"date":"2025-09-07T09:45:12","date_gmt":"2025-09-07T09:45:12","guid":{"rendered":"https:\/\/www.europesays.com\/fr\/372681\/"},"modified":"2025-09-07T09:45:12","modified_gmt":"2025-09-07T09:45:12","slug":"a-bordeaux-une-course-solidaire-est-organisee-pour-sensibiliser-la-population-sur-la-sante-mentale","status":"publish","type":"post","link":"https:\/\/www.europesays.com\/fr\/372681\/","title":{"rendered":"\u00c0 Bordeaux, une course solidaire est organis\u00e9e pour sensibiliser la population sur la sant\u00e9 mentale"},"content":{"rendered":"<p>            Par<br \/>\n        <strong><br \/>\n            <a href=\"https:\/\/actu.fr\/auteur\/redaction-bordeaux\" title=\"Consulter tous les articles de R\u00e9daction Bordeaux\" target=\"_blank\" rel=\"noopener\">R\u00e9daction Bordeaux<\/a><br \/>\n        <\/strong><\/p>\n<p>        Publi\u00e9 le<\/p>\n<p>            7 sept. 2025 \u00e0 11h26        <\/p>\n<p>Le samedi 13\u00a0septembre 2025, la premi\u00e8re \u00e9dition de la Collective Run va se tenir \u00e0 <a href=\"https:\/\/actu.fr\/bordeaux\/\" target=\"_blank\" rel=\"noopener\">Bordeaux<\/a>. \u00c0 l\u2019occasion de la journ\u00e9e internationale de la pr\u00e9vention du suicide, qui est c\u00e9l\u00e9br\u00e9e chaque ann\u00e9e le 10\u00a0septembre, cette<strong> course \u00e0 pied solidaire<\/strong> vise \u00e0 sensibiliser la population sur la sant\u00e9 mentale.<\/p>\n<p class=\" wall-content\">Lors de cet \u00e9v\u00e8nement, les participants devront courir (ou marcher) les <strong>3,114 kilom\u00e8tres<\/strong> du parcours choisi par les organisateurs. Ils pourront m\u00eame le recommencer \u00e0 plusieurs reprises. Pas ni chrono ni de classement pour une <a href=\"https:\/\/actu.fr\/nouvelle-aquitaine\/bordeaux_33063\/les-differentes-courses-a-pied-a-ne-pas-manquer-en-gironde-en-2025_62052134.html\" target=\"_blank\" rel=\"noopener\">course<\/a> qui se veut solidaire.<\/p>\n<p class=\" wall-content\">Le trac\u00e9 partira du centre hospitalier Charles Perrens jusqu\u2019au campus Carreire de l\u2019universit\u00e9 de Bordeaux. Le d\u00e9part sera donn\u00e9 \u00e0 <strong>10h<\/strong>. Avant, un caf\u00e9 de bienvenue sera servi au sein d\u2019un village partenaires avec plusieurs acteurs engag\u00e9s sur la sant\u00e9 mentale et la pr\u00e9vention du suicide.<\/p>\n<p class=\" wall-content\">Cet \u00e9v\u00e8nement est port\u00e9 par le Centre R\u00e9pondant 3114, num\u00e9ro national de la pr\u00e9vention du suicide \u00e0 Bordeaux.<\/p>\n<p>Inscription obligatoire via <a href=\"https:\/\/www.helloasso.com\/associations\/fonds-horizon-psy-fonds-de-dotation-du-centre-hospitalier-charles-perrens\/evenements\/course-3114-collective-run\" target=\"_blank\" rel=\"noopener\">ce lien<\/a>. L\u2019inscription \u00e0 cette course solidaire est gratuite et peut \u00eatre suivie d\u2019un don au Fonds de dotation Horizon Psy.<\/p>\n<p class=\" wall-content\">Personnalisez votre actualit\u00e9 en ajoutant vos villes et m\u00e9dias en favori avec <a href=\"https:\/\/moncompte.actu.fr\" title=\"D\u00e9couvez Mon Actu\" rel=\"nofollow noopener\" data-trk=\"{&quot;cta&quot;:{&quot;action&quot;:&quot;https:\\\/\\\/moncompte.actu.fr&quot;,&quot;category&quot;:&quot;mon compte&quot;,&quot;from&quot;:&quot;article footer&quot;,&quot;name&quot;:&quot;Mon actu&quot;,&quot;type&quot;:&quot;cta&quot;}}\" target=\"_blank\">Mon Actu<\/a>.<\/p>\n","protected":false},"excerpt":{"rendered":"Par R\u00e9daction Bordeaux Publi\u00e9 le 7 sept. 2025 \u00e0 11h26 Le samedi 13\u00a0septembre 2025, la premi\u00e8re \u00e9dition de&hellip;\n","protected":false},"author":2,"featured_media":372682,"comment_status":"","ping_status":"","sticky":false,"template":"","format":"standard","meta":{"footnotes":""},"categories":[2817],"tags":[1111,11,3062,1997,1777,674,1011,27,12,2219,25,71,3400,60],"class_list":{"0":"post-372681","1":"post","2":"type-post","3":"status-publish","4":"format-standard","5":"has-post-thumbnail","7":"category-bordeaux","8":"tag-actu","9":"tag-actualites","10":"tag-autres-sports","11":"tag-bordeaux","12":"tag-eu","13":"tag-europe","14":"tag-fr","15":"tag-france","16":"tag-news","17":"tag-nouvelle-aquitaine","18":"tag-republique-francaise","19":"tag-sante","20":"tag-solidarite","21":"tag-sports"},"share_on_mastodon":{"url":"https:\/\/pubeurope.com\/@fr\/115162377308794140","error":""},"_links":{"self":[{"href":"https:\/\/www.europesays.com\/fr\/wp-json\/wp\/v2\/posts\/372681","targetHints":{"allow":["GET"]}}],"collection":[{"href":"https:\/\/www.europesays.com\/fr\/wp-json\/wp\/v2\/posts"}],"about":[{"href":"https:\/\/www.europesays.com\/fr\/wp-json\/wp\/v2\/types\/post"}],"author":[{"embeddable":true,"href":"https:\/\/www.europesays.com\/fr\/wp-json\/wp\/v2\/users\/2"}],"replies":[{"embeddable":true,"href":"https:\/\/www.europesays.com\/fr\/wp-json\/wp\/v2\/comments?post=372681"}],"version-history":[{"count":0,"href":"https:\/\/www.europesays.com\/fr\/wp-json\/wp\/v2\/posts\/372681\/revisions"}],"wp:featuredmedia":[{"embeddable":true,"href":"https:\/\/www.europesays.com\/fr\/wp-json\/wp\/v2\/media\/372682"}],"wp:attachment":[{"href":"https:\/\/www.europesays.com\/fr\/wp-json\/wp\/v2\/media?parent=372681"}],"wp:term":[{"taxonomy":"category","embeddable":true,"href":"https:\/\/www.europesays.com\/fr\/wp-json\/wp\/v2\/categories?post=372681"},{"taxonomy":"post_tag","embeddable":true,"href":"https:\/\/www.europesays.com\/fr\/wp-json\/wp\/v2\/tags?post=372681"}],"curies":[{"name":"wp","href":"https:\/\/api.w.org\/{rel}","templated":true}]}}