{"id":372683,"date":"2025-09-07T09:46:12","date_gmt":"2025-09-07T09:46:12","guid":{"rendered":"https:\/\/www.europesays.com\/fr\/372683\/"},"modified":"2025-09-07T09:46:12","modified_gmt":"2025-09-07T09:46:12","slug":"coup-de-couteau-dans-la-nuit-la-victime-na-rien-a-dire","status":"publish","type":"post","link":"https:\/\/www.europesays.com\/fr\/372683\/","title":{"rendered":"Coup de couteau dans la nuit, la victime n\u2019a rien \u00e0 dire\u2026"},"content":{"rendered":"<p>\n                                                                    l&rsquo;essentiel<br \/>\n                                                                Un homme\u00a0a \u00e9t\u00e9 bless\u00e9 au petit matin dans le quartier Papus, \u00e0 Toulouse. Il a \u00e9t\u00e9 admis aux urgences. Son pronostic vital n\u2019est pas engag\u00e9 et il ne semble pas press\u00e9 pour fournir des explications.\n                            <\/p>\n<p>C\u2019est sans doute un coup de couteau, port\u00e9 au niveau du flanc, qui a bless\u00e9 un homme t\u00f4t ce dimanche matin dans le quartier Papus, \u00e0 Toulouse. L\u2019homme\u00a0a \u00e9t\u00e9 retrouv\u00e9 bless\u00e9 rue de la Sarthe, peu avant 6\u00a0heures ce dimanche.<\/p>\n<p>Les pompiers et une \u00e9quipe du Smur 31 sont intervenus pour prendre en charge cette victime et lui\u00a0porter les premiers soins. Si le probable coup de couteau a provoqu\u00e9 une h\u00e9morragie importante, la lame n\u2019a pas touch\u00e9 le poumon. \u00ab\u00a0A priori, sa vie n\u2019est pas en danger et il devrait pouvoir rapidement quitter l\u2019h\u00f4pital\u00a0\u00bb, pr\u00e9vient la police.<\/p>\n<p>Victime d\u2019une chute\u00a0?<\/p>\n<p>Cet homme, un trentenaire, a \u00e9t\u00e9 admis aux urgences de l\u2019h\u00f4pital Rangueil. Face aux policiers press\u00e9s de comprendre les raisons de cette agression, cet homme est rest\u00e9 \u00e9vasif et tr\u00e8s discret. Selon lui, c\u2019est\u00a0en chutant \u00e0 terre qu\u2019il se serait fait mal.<\/p>\n<p>Une version peu cr\u00e9dible. \u00ab\u00a0Pour l\u2019instant, il n\u2019a pas port\u00e9 plainte. Il n\u2019est pas certain qu\u2019il vienne nous voir\u00a0\u00bb, estime le commissaire de permanence<\/p>\n","protected":false},"excerpt":{"rendered":"l&rsquo;essentiel Un homme\u00a0a \u00e9t\u00e9 bless\u00e9 au petit matin dans le quartier Papus, \u00e0 Toulouse. Il a \u00e9t\u00e9 admis&hellip;\n","protected":false},"author":2,"featured_media":372684,"comment_status":"","ping_status":"","sticky":false,"template":"","format":"standard","meta":{"footnotes":""},"categories":[2816],"tags":[1111,11,1777,674,1011,27,12,2680,25,2312],"class_list":{"0":"post-372683","1":"post","2":"type-post","3":"status-publish","4":"format-standard","5":"has-post-thumbnail","7":"category-toulouse","8":"tag-actu","9":"tag-actualites","10":"tag-eu","11":"tag-europe","12":"tag-fr","13":"tag-france","14":"tag-news","15":"tag-occitanie","16":"tag-republique-francaise","17":"tag-toulouse"},"share_on_mastodon":{"url":"https:\/\/pubeurope.com\/@fr\/115162381252018727","error":""},"_links":{"self":[{"href":"https:\/\/www.europesays.com\/fr\/wp-json\/wp\/v2\/posts\/372683","targetHints":{"allow":["GET"]}}],"collection":[{"href":"https:\/\/www.europesays.com\/fr\/wp-json\/wp\/v2\/posts"}],"about":[{"href":"https:\/\/www.europesays.com\/fr\/wp-json\/wp\/v2\/types\/post"}],"author":[{"embeddable":true,"href":"https:\/\/www.europesays.com\/fr\/wp-json\/wp\/v2\/users\/2"}],"replies":[{"embeddable":true,"href":"https:\/\/www.europesays.com\/fr\/wp-json\/wp\/v2\/comments?post=372683"}],"version-history":[{"count":0,"href":"https:\/\/www.europesays.com\/fr\/wp-json\/wp\/v2\/posts\/372683\/revisions"}],"wp:featuredmedia":[{"embeddable":true,"href":"https:\/\/www.europesays.com\/fr\/wp-json\/wp\/v2\/media\/372684"}],"wp:attachment":[{"href":"https:\/\/www.europesays.com\/fr\/wp-json\/wp\/v2\/media?parent=372683"}],"wp:term":[{"taxonomy":"category","embeddable":true,"href":"https:\/\/www.europesays.com\/fr\/wp-json\/wp\/v2\/categories?post=372683"},{"taxonomy":"post_tag","embeddable":true,"href":"https:\/\/www.europesays.com\/fr\/wp-json\/wp\/v2\/tags?post=372683"}],"curies":[{"name":"wp","href":"https:\/\/api.w.org\/{rel}","templated":true}]}}