{"id":372685,"date":"2025-09-07T09:47:12","date_gmt":"2025-09-07T09:47:12","guid":{"rendered":"https:\/\/www.europesays.com\/fr\/372685\/"},"modified":"2025-09-07T09:47:12","modified_gmt":"2025-09-07T09:47:12","slug":"quentin-arola-fondateur-de-tactical-fight-team-a-toulouse-casse-les-idees-recues-sur-le-mma-mixed-martial-arts","status":"publish","type":"post","link":"https:\/\/www.europesays.com\/fr\/372685\/","title":{"rendered":"Quentin Arola, fondateur de Tactical Fight Team \u00e0 Toulouse, casse les id\u00e9es re\u00e7ues sur le MMA (Mixed Martial Arts)"},"content":{"rendered":"<p class=\"PopSlotParagraph qg-tx2 qg-xtra-lh svelte-1r0pyek\">Quand on pense \u00ab\u00a0MMA\u00a0\u00bb, on imagine forc\u00e9ment ce sport violent o\u00f9 deux combattant(e)s s&rsquo;affrontent sans aucun \u00e9tat d&rsquo;\u00e2me dans la cage, comme s&rsquo;il fallait d\u00e9brancher le cerveau pour retrouver un c\u00f4t\u00e9 animal. On casse les id\u00e9es re\u00e7ues sur ce sport bas\u00e9 sur le d\u00e9veloppement personnel, la performance certes, mais aussi et surtout, le respect de l&rsquo;adversaire.<\/p>\n<p> Un club n\u00e9 d&rsquo;une passion<\/p>\n<p class=\"PopSlotParagraph qg-tx2 qg-xtra-lh svelte-1r0pyek\">Fond\u00e9 en <strong>2020<\/strong> par <strong>Quentin Arola et\u00a0Yohan Salvador,<\/strong>\u00a0le\u00a0<a href=\"https:\/\/www.tactical-fight-team.com\/\" target=\"_blank\" rel=\"noopener noreferrer nofollow\" class=\"\" data-testid=\"link\">Tactical Fight Team<\/a>\u00a0est rapidement devenu une r\u00e9f\u00e9rence dans le monde du MMA toulousain. Le club a connu une croissance fulgurante, atteignant pr\u00e8s de <strong>500 adh\u00e9rents<\/strong> quelques ann\u00e9es plus tard \u2014 faisant de lui un des clubs les plus importants de France.<\/p>\n<p class=\"PopSlotParagraph qg-tx2 qg-xtra-lh svelte-1r0pyek\"><strong>Quentin Arola<\/strong> a non seulement su s&rsquo;imposer dans le paysage sportif toulousain et fran\u00e7ais, mais \u00e9galement y v\u00e9hiculer une image saine, d&rsquo;une pratique bas\u00e9e sur l&rsquo;entraide et le respect de l&rsquo;autre.<\/p>\n<p> Tactical Fight Team, un club qui frappe aussi sur le plan social<\/p>\n<p class=\"PopSlotParagraph qg-tx2 qg-xtra-lh svelte-1r0pyek\">\u00c0 Toulouse, le <strong>Tactical Fight Team<\/strong> n\u2019est pas seulement devenu une r\u00e9f\u00e9rence sportive. Le club de MMA s\u2019impose aussi comme un v\u00e9ritable <strong>acteur social<\/strong>, en pla\u00e7ant l\u2019humain et l\u2019inclusion au c\u0153ur de son projet.<\/p>\n<p class=\"PopSlotParagraph qg-tx2 qg-xtra-lh svelte-1r0pyek\">Ici, le MMA se pratique dans un esprit d\u2019<strong>entraide, de discipline et de consid\u00e9ration mutuelle<\/strong>, loin des clich\u00e9s d\u2019un sport brutal r\u00e9serv\u00e9 aux plus durs.\u00a0Le club ouvre ses portes \u00e0 tous les publics\u00a0:\u00a0<strong>enfants, adolescents, femmes, seniors<\/strong>\u00a0et m\u00eame\u00a0<strong>personnes en situation de handicap<\/strong>. Une d\u00e9marche rare dans le milieu, qui traduit une volont\u00e9 claire\u00a0: rendre l\u2019art martial mixte accessible \u00e0 chacun, sans barri\u00e8re.<\/p>\n<p class=\"PopSlotParagraph qg-tx2 qg-xtra-lh svelte-1r0pyek\">Au fil des ann\u00e9es, le TFT s\u2019est ainsi transform\u00e9 en un lieu de\u00a0<strong>rencontre et de coh\u00e9sion sociale<\/strong>, o\u00f9 se croisent d\u00e9butants et comp\u00e9titeurs, \u00e9tudiants et actifs, sportifs confirm\u00e9s et pratiquants venus chercher bien-\u00eatre et confiance en soi.\u00a0En mettant en avant des valeurs de respect et de solidarit\u00e9, le Tactical Fight Team illustre que le MMA peut \u00eatre bien plus qu\u2019un sport de combat\u00a0: un\u00a0<strong>outil d\u2019int\u00e9gration et de vivre-ensemble<\/strong>, au service de la ville et de ses habitants.<\/p>\n<p class=\"PopSlotParagraph qg-tx2 qg-xtra-lh svelte-1r0pyek\"><strong>TFT propose plusieurs cours, adapt\u00e9s \u00e0 tous les profils\u00a0:<\/strong><\/p>\n<ul>\n<li><strong>MMA<\/strong> (Mixed Martial Arts) : du loisir aux entra\u00eenements pour comp\u00e9titeurs<\/li>\n<li><strong>Boxe<\/strong>\u00a0: anglaise et pieds-poings<\/li>\n<li><strong>Grappling \/ No Gi<\/strong> (combat au sol sans kimono)<\/li>\n<li><strong>Cours sp\u00e9cifiques<\/strong>\u00a0: cardio, sparring, High-Intensity Training (HIIT MMA), cours enfants\/ados, et m\u00eame une section 100 % f\u00e9minine et cr\u00e9neaux pour personnes en situation de handicap<\/li>\n<\/ul>\n<p class=\"PopSlotParagraph qg-tx2 qg-xtra-lh svelte-1r0pyek\">Le\u00a0<a href=\"https:\/\/www.tactical-fight-team.com\/\" target=\"_blank\" rel=\"noopener noreferrer nofollow\" class=\"\" data-testid=\"link\">club<\/a>\u00a0dispose de <strong>deux salles<\/strong>\u00a0:<\/p>\n<ul>\n<li><strong>Patte d\u2019Oie<\/strong> (38 avenue de Lombez, 31300 Toulouse) : \u00e9quip\u00e9e d\u2019une <strong>cage<\/strong>, d\u2019un espace de <strong>cross-training<\/strong>, accessible en libre-service matin et soir, y compris les weekends<\/li>\n<li><strong>Saouzelong<\/strong> (30 rue du Midi, 31400 Toulouse) : d\u00e9di\u00e9e principalement \u00e0 la <strong>boxe anglaise<\/strong>, avec aussi des cours de MMA et de No Gi<\/li>\n<\/ul>\n<p>Tactical Fight Team c&rsquo;est aussi &#8230; <\/p>\n<p class=\"Audio-title qg-st5 svelte-n0q4ie\">Odelia Ben Ephra\u00efm, boxeuse professionnelle \u00e0 TFT<\/p>\n<p class=\"Audio-duration qg-tx3 svelte-n0q4ie\">3 min<\/p>\n<p class=\"Audio-title qg-st5 svelte-n0q4ie\">Axel Birb\u00e8s, coach MMA<\/p>\n<p class=\"Audio-duration qg-tx3 svelte-n0q4ie\">3 min<\/p>\n<p class=\"Audio-title qg-st5 svelte-n0q4ie\">Vincent, coach de boxe<\/p>\n<p class=\"Audio-duration qg-tx3 svelte-n0q4ie\">3 min<\/p>\n","protected":false},"excerpt":{"rendered":"Quand on pense \u00ab\u00a0MMA\u00a0\u00bb, on imagine forc\u00e9ment ce sport violent o\u00f9 deux combattant(e)s s&rsquo;affrontent sans aucun \u00e9tat d&rsquo;\u00e2me&hellip;\n","protected":false},"author":2,"featured_media":372686,"comment_status":"","ping_status":"","sticky":false,"template":"","format":"standard","meta":{"footnotes":""},"categories":[2816],"tags":[1111,11,1777,674,1011,27,12,2680,25,2312],"class_list":{"0":"post-372685","1":"post","2":"type-post","3":"status-publish","4":"format-standard","5":"has-post-thumbnail","7":"category-toulouse","8":"tag-actu","9":"tag-actualites","10":"tag-eu","11":"tag-europe","12":"tag-fr","13":"tag-france","14":"tag-news","15":"tag-occitanie","16":"tag-republique-francaise","17":"tag-toulouse"},"share_on_mastodon":{"url":"https:\/\/pubeurope.com\/@fr\/115162385173221900","error":""},"_links":{"self":[{"href":"https:\/\/www.europesays.com\/fr\/wp-json\/wp\/v2\/posts\/372685","targetHints":{"allow":["GET"]}}],"collection":[{"href":"https:\/\/www.europesays.com\/fr\/wp-json\/wp\/v2\/posts"}],"about":[{"href":"https:\/\/www.europesays.com\/fr\/wp-json\/wp\/v2\/types\/post"}],"author":[{"embeddable":true,"href":"https:\/\/www.europesays.com\/fr\/wp-json\/wp\/v2\/users\/2"}],"replies":[{"embeddable":true,"href":"https:\/\/www.europesays.com\/fr\/wp-json\/wp\/v2\/comments?post=372685"}],"version-history":[{"count":0,"href":"https:\/\/www.europesays.com\/fr\/wp-json\/wp\/v2\/posts\/372685\/revisions"}],"wp:featuredmedia":[{"embeddable":true,"href":"https:\/\/www.europesays.com\/fr\/wp-json\/wp\/v2\/media\/372686"}],"wp:attachment":[{"href":"https:\/\/www.europesays.com\/fr\/wp-json\/wp\/v2\/media?parent=372685"}],"wp:term":[{"taxonomy":"category","embeddable":true,"href":"https:\/\/www.europesays.com\/fr\/wp-json\/wp\/v2\/categories?post=372685"},{"taxonomy":"post_tag","embeddable":true,"href":"https:\/\/www.europesays.com\/fr\/wp-json\/wp\/v2\/tags?post=372685"}],"curies":[{"name":"wp","href":"https:\/\/api.w.org\/{rel}","templated":true}]}}