{"id":372687,"date":"2025-09-07T09:48:15","date_gmt":"2025-09-07T09:48:15","guid":{"rendered":"https:\/\/www.europesays.com\/fr\/372687\/"},"modified":"2025-09-07T09:48:15","modified_gmt":"2025-09-07T09:48:15","slug":"la-ville-envahie-de-dechets-au-matin-du-deuxieme-jour","status":"publish","type":"post","link":"https:\/\/www.europesays.com\/fr\/372687\/","title":{"rendered":"la ville envahie de d\u00e9chets au matin du deuxi\u00e8me jour"},"content":{"rendered":"<p>            Par<br \/>\n        <strong><br \/>\n            <a href=\"https:\/\/actu.fr\/auteur\/nicolas-demollien\" title=\"Consulter tous les articles de Nicolas Demollien\" target=\"_blank\" rel=\"noopener\">Nicolas Demollien<\/a><br \/>\n        <\/strong><\/p>\n<p>        Publi\u00e9 le<\/p>\n<p>            7 sept. 2025 \u00e0 8h17        <\/p>\n<p>Les <b>images<\/b> sont chaque ann\u00e9e <b>impressionnantes<\/b> et 2025 ne d\u00e9roge pas \u00e0 la r\u00e8gle. Au matin du deuxi\u00e8me jour de la <a href=\"https:\/\/actu.fr\/tag\/braderie-de-lille\" target=\"_blank\" rel=\"noopener\">Braderie de Lille<\/a> (Nord), la capitale des Flandres fait <b>grise mine<\/b> avec des <b>immondices un peu partout<\/b> au <b>lendemain d\u2019une nuit de f\u00eate<\/b>. Mais c\u2019est avant que le service propret\u00e9 fasse des miracles.<\/p>\n<p>Lille jonch\u00e9e de d\u00e9chets au deuxi\u00e8me jour de la Braderie<\/p>\n<p class=\" wall-content\">Et c\u2019est plus que n\u00e9cessaire. Ce dimanche, la Grand\u2019Place et les rues du Vieux-Lille, notamment, sont particuli\u00e8rement touch\u00e9s. Parmi les d\u00e9chets les plus pr\u00e9sents, les <b>gobelets se comptent par centaines<\/b>. Certains ne sont d\u2019ailleurs pas finis, signe qu\u2019il s\u2019agissait peut-\u00eatre du verre de trop.<\/p>\n<p>    <img   decoding=\"async\" loading=\"lazy\" class=\"size-large\" src=\"https:\/\/www.europesays.com\/fr\/wp-content\/uploads\/2025\/09\/c0b3b6312db86c4b3b6312db888b3bv-960x640.jpeg\" alt=\"Des tas de d\u00e9chets avaient envahi avant le passage des \u00e9quipes de nettoyage.\" width=\"960\" height=\"640\"\/><br \/>\n    Des tas de d\u00e9chets avaient envahi avant le passage des \u00e9quipes de nettoyage. \u00a9Nicolas DEMOLLIEN<\/p>\n<p class=\" wall-content\">Pour autant, on ne s\u2019inqui\u00e8te pas vraiment \u00e0 l\u2019image de Franck en train d\u2019installer ses tables pr\u00e8s de Notre Dame de la Treille.\u00a0<\/p>\n<p class=\" wall-content\">\u00ab\u00a0Chaque ann\u00e9e c\u2019est la m\u00eame chose et <b>chaque ann\u00e9e je suis impressionn\u00e9 par la rapidit\u00e9 avec laquelle la ville est nettoy\u00e9e<\/b>\u00ab\u00a0, sourit-il. Il faut dire que la Ville met les moyens pour ce petit miracle. Les agents sont tr\u00e8s nombreux, \u00e9quip\u00e9s d\u2019engins de nettoyage et de collecte des cartons poubelles. Le temps de la Braderie, ce sont <b>24 bennes et 220 containers <\/b>qui sont dispos\u00e9s dans la ville.<\/p>\n<p class=\" wall-content\">Vous pouvez vous rendre avec confiance \u00e0 la Braderie ce dimanche, tout est en place !<\/p>\n<p class=\" wall-content\">Personnalisez votre actualit\u00e9 en ajoutant vos villes et m\u00e9dias en favori avec <a href=\"https:\/\/moncompte.actu.fr\" title=\"D\u00e9couvez Mon Actu\" rel=\"nofollow noopener\" data-trk=\"{&quot;cta&quot;:{&quot;action&quot;:&quot;https:\\\/\\\/moncompte.actu.fr&quot;,&quot;category&quot;:&quot;mon compte&quot;,&quot;from&quot;:&quot;article footer&quot;,&quot;name&quot;:&quot;Mon actu&quot;,&quot;type&quot;:&quot;cta&quot;}}\" target=\"_blank\">Mon Actu<\/a>.<\/p>\n","protected":false},"excerpt":{"rendered":"Par Nicolas Demollien Publi\u00e9 le 7 sept. 2025 \u00e0 8h17 Les images sont chaque ann\u00e9e impressionnantes et 2025&hellip;\n","protected":false},"author":2,"featured_media":372688,"comment_status":"","ping_status":"","sticky":false,"template":"","format":"standard","meta":{"footnotes":""},"categories":[2815],"tags":[1111,11,18703,3008,1777,674,1011,27,811,1307,12,25,104],"class_list":{"0":"post-372687","1":"post","2":"type-post","3":"status-publish","4":"format-standard","5":"has-post-thumbnail","7":"category-lille","8":"tag-actu","9":"tag-actualites","10":"tag-braderie-de-lille","11":"tag-dechets","12":"tag-eu","13":"tag-europe","14":"tag-fr","15":"tag-france","16":"tag-hauts-de-france","17":"tag-lille","18":"tag-news","19":"tag-republique-francaise","20":"tag-societe"},"share_on_mastodon":{"url":"https:\/\/pubeurope.com\/@fr\/115162389452494615","error":""},"_links":{"self":[{"href":"https:\/\/www.europesays.com\/fr\/wp-json\/wp\/v2\/posts\/372687","targetHints":{"allow":["GET"]}}],"collection":[{"href":"https:\/\/www.europesays.com\/fr\/wp-json\/wp\/v2\/posts"}],"about":[{"href":"https:\/\/www.europesays.com\/fr\/wp-json\/wp\/v2\/types\/post"}],"author":[{"embeddable":true,"href":"https:\/\/www.europesays.com\/fr\/wp-json\/wp\/v2\/users\/2"}],"replies":[{"embeddable":true,"href":"https:\/\/www.europesays.com\/fr\/wp-json\/wp\/v2\/comments?post=372687"}],"version-history":[{"count":0,"href":"https:\/\/www.europesays.com\/fr\/wp-json\/wp\/v2\/posts\/372687\/revisions"}],"wp:featuredmedia":[{"embeddable":true,"href":"https:\/\/www.europesays.com\/fr\/wp-json\/wp\/v2\/media\/372688"}],"wp:attachment":[{"href":"https:\/\/www.europesays.com\/fr\/wp-json\/wp\/v2\/media?parent=372687"}],"wp:term":[{"taxonomy":"category","embeddable":true,"href":"https:\/\/www.europesays.com\/fr\/wp-json\/wp\/v2\/categories?post=372687"},{"taxonomy":"post_tag","embeddable":true,"href":"https:\/\/www.europesays.com\/fr\/wp-json\/wp\/v2\/tags?post=372687"}],"curies":[{"name":"wp","href":"https:\/\/api.w.org\/{rel}","templated":true}]}}