{"id":372689,"date":"2025-09-07T09:49:14","date_gmt":"2025-09-07T09:49:14","guid":{"rendered":"https:\/\/www.europesays.com\/fr\/372689\/"},"modified":"2025-09-07T09:49:14","modified_gmt":"2025-09-07T09:49:14","slug":"un-restaurant-ferme-34-interpellations-le-premier-bilan-de-la-braderie-de-lille-cote-securite","status":"publish","type":"post","link":"https:\/\/www.europesays.com\/fr\/372689\/","title":{"rendered":"Un restaurant ferm\u00e9, 34 interpellations&#8230; Le premier bilan de la Braderie de Lille c\u00f4t\u00e9 s\u00e9curit\u00e9"},"content":{"rendered":"<p>            Par<br \/>\n        <strong><br \/>\n            <a href=\"https:\/\/actu.fr\/auteur\/nicolas-demollien\" title=\"Consulter tous les articles de Nicolas Demollien\" target=\"_blank\" rel=\"noopener\">Nicolas Demollien<\/a><br \/>\n        <\/strong><\/p>\n<p>        Publi\u00e9 le<\/p>\n<p>            7 sept. 2025 \u00e0 11h23        <\/p>\n<p>La <a href=\"https:\/\/actu.fr\/tag\/braderie-de-lille\" target=\"_blank\" rel=\"noopener\">Braderie de Lille<\/a> (Nord) et ses centaines de milliers de visiteurs est \u00e9videmment sous <b>haute surveillance<\/b>. Les<b> forces de l\u2019ordre et secouristes<\/b> ne manquent pas de travail. Au matin du deuxi\u00e8me jour, voici un <b>premier bilan des interpellations et interventions<\/b>.<\/p>\n<p>Interpellations, gardes \u00e0 vue et fermeture d\u2019un restaurant<\/p>\n<p class=\" wall-content\">C\u00f4t\u00e9 s\u00e9curit\u00e9 publique, ce sont <b>34 personnes qui ont \u00e9t\u00e9 interpell\u00e9es<\/b> depuis le d\u00e9but de l\u2019\u00e9v\u00e9nement, notamment pour des vols, dont 15 durant la nuit. Parmi ces 34 personnes, <b>24 ont \u00e9t\u00e9 plac\u00e9es en garde \u00e0 vue<\/b> (12 durant la nuit).<\/p>\n<p class=\" wall-content\">C\u00f4t\u00e9 \u00e9quipes m\u00e9dicales, le travail a \u00e9galement \u00e9t\u00e9 intense avec pas moins de <b>534 personnes prises en charge par les secours<\/b>, dont 278 rien que durant la nuit. 130 se trouvaient en urgence relative (dont 65 durant la nuit). A l\u2019heure de boucler ces lignes, u<b>ne seule personne avait d\u00fb faire l\u2019objet d\u2019un transport m\u00e9dicalis\u00e9 par le Smur<\/b>.\u00a0<\/p>\n<p class=\" wall-content\">On note \u00e9galement une forte mobilisation de la direction d\u00e9partementale de la protection des populations\u00a0 (DDPP) qui annonce avoir <b>contr\u00f4l\u00e9 89 stands<\/b> afin de garantir la s\u00e9curit\u00e9. <b>Une d\u00e9cision de fermeture administrative est ainsi tomb\u00e9e pour un restaurant<\/b> de la ville.<\/p>\n<p class=\" wall-content\">Nous vous divulguerons le bilan complet de la Braderie de Lille c\u00f4t\u00e9 s\u00e9curit\u00e9 \u00e0 la fin de l\u2019\u00e9v\u00e9nement. Affaire \u00e0 suivre<\/p>\n<p class=\" wall-content\">Personnalisez votre actualit\u00e9 en ajoutant vos villes et m\u00e9dias en favori avec <a href=\"https:\/\/moncompte.actu.fr\" title=\"D\u00e9couvez Mon Actu\" rel=\"nofollow noopener\" data-trk=\"{&quot;cta&quot;:{&quot;action&quot;:&quot;https:\\\/\\\/moncompte.actu.fr&quot;,&quot;category&quot;:&quot;mon compte&quot;,&quot;from&quot;:&quot;article footer&quot;,&quot;name&quot;:&quot;Mon actu&quot;,&quot;type&quot;:&quot;cta&quot;}}\" target=\"_blank\">Mon Actu<\/a>.<\/p>\n","protected":false},"excerpt":{"rendered":"Par Nicolas Demollien Publi\u00e9 le 7 sept. 2025 \u00e0 11h23 La Braderie de Lille (Nord) et ses centaines&hellip;\n","protected":false},"author":2,"featured_media":372690,"comment_status":"","ping_status":"","sticky":false,"template":"","format":"standard","meta":{"footnotes":""},"categories":[2815],"tags":[1111,11,18703,1777,674,118,1011,27,811,1307,12,1072,25],"class_list":{"0":"post-372689","1":"post","2":"type-post","3":"status-publish","4":"format-standard","5":"has-post-thumbnail","7":"category-lille","8":"tag-actu","9":"tag-actualites","10":"tag-braderie-de-lille","11":"tag-eu","12":"tag-europe","13":"tag-faits-divers","14":"tag-fr","15":"tag-france","16":"tag-hauts-de-france","17":"tag-lille","18":"tag-news","19":"tag-police","20":"tag-republique-francaise"},"share_on_mastodon":{"url":"https:\/\/pubeurope.com\/@fr\/115162393106361273","error":""},"_links":{"self":[{"href":"https:\/\/www.europesays.com\/fr\/wp-json\/wp\/v2\/posts\/372689","targetHints":{"allow":["GET"]}}],"collection":[{"href":"https:\/\/www.europesays.com\/fr\/wp-json\/wp\/v2\/posts"}],"about":[{"href":"https:\/\/www.europesays.com\/fr\/wp-json\/wp\/v2\/types\/post"}],"author":[{"embeddable":true,"href":"https:\/\/www.europesays.com\/fr\/wp-json\/wp\/v2\/users\/2"}],"replies":[{"embeddable":true,"href":"https:\/\/www.europesays.com\/fr\/wp-json\/wp\/v2\/comments?post=372689"}],"version-history":[{"count":0,"href":"https:\/\/www.europesays.com\/fr\/wp-json\/wp\/v2\/posts\/372689\/revisions"}],"wp:featuredmedia":[{"embeddable":true,"href":"https:\/\/www.europesays.com\/fr\/wp-json\/wp\/v2\/media\/372690"}],"wp:attachment":[{"href":"https:\/\/www.europesays.com\/fr\/wp-json\/wp\/v2\/media?parent=372689"}],"wp:term":[{"taxonomy":"category","embeddable":true,"href":"https:\/\/www.europesays.com\/fr\/wp-json\/wp\/v2\/categories?post=372689"},{"taxonomy":"post_tag","embeddable":true,"href":"https:\/\/www.europesays.com\/fr\/wp-json\/wp\/v2\/tags?post=372689"}],"curies":[{"name":"wp","href":"https:\/\/api.w.org\/{rel}","templated":true}]}}