{"id":372691,"date":"2025-09-07T09:50:09","date_gmt":"2025-09-07T09:50:09","guid":{"rendered":"https:\/\/www.europesays.com\/fr\/372691\/"},"modified":"2025-09-07T09:50:09","modified_gmt":"2025-09-07T09:50:09","slug":"une-exposition-itinerante-sinstalle-au-musee-dhistoire-de-marseille","status":"publish","type":"post","link":"https:\/\/www.europesays.com\/fr\/372691\/","title":{"rendered":"une exposition itin\u00e9rante s&rsquo;installe au Mus\u00e9e d&rsquo;histoire de Marseille"},"content":{"rendered":"<p>\u00ab\u00a0J\u2019ai une petite id\u00e9e comme \u00e7a. Si des fois y a des marques qui m\u2019entendent [\u2026], si y a des gens qui sont int\u00e9ress\u00e9s par sponsoriser une cantine gratuite, que l\u2019on pourrait commencer \u00e0 Paris par exemple, puis qu\u2019on \u00e9talerait apr\u00e8s dans les grandes villes de France\u2026 Nous, on est pr\u00eats \u00e0 aider une entreprise comme \u00e7a, un resto qui aurait comme ambition au d\u00e9part de faire 2\u00a0000, 3\u00a0000 couverts par jour gratuitement.\u00a0\u00bb C\u2019\u00e9tait le 26\u00a0septembre\u00a01985, sur les ondes d\u2019Europe 1.<\/p>\n<p>Coluche balance sans pr\u00e9venir son appel, qui aura un \u00e9cho insoup\u00e7onnable. Sans le savoir, l\u2019humoriste au franc-parler signe ce jour-l\u00e0 l\u2019acte de naissance des Restos du c\u0153ur. 40 ans plus tard, l\u2019association qu\u2019il a fond\u00e9e <a href=\"https:\/\/www.laprovence.com\/article\/societe\/30150198542160\/on-ne-peut-plus-tenir-la-promesse-de-coluche-le-cri-dalerte-des-restos-du-coeur\" target=\"_blank\" rel=\"noopener\">nourrit toujours des millions de personnes<\/a>.<\/p>\n<p>Pour c\u00e9l\u00e9brer cet\u00a0anniversaire, une exposition itin\u00e9rante organis\u00e9e <a href=\"https:\/\/www.laprovence.com\/article\/france-monde\/903887290538214\/rattrapee-par-la-crise-des-medias-lafp-devoile-des-pistes-deconomies\" target=\"_blank\" rel=\"noopener\">en partenariat avec l\u2019Agence France Presse (AFP)<\/a>. Apr\u00e8s Paris, Lille et Bordeaux, C\u2019est l\u2019histoire d\u2019un pauvre s\u2019installe jusqu\u2019au 5\u00a0octobre au Mus\u00e9e d\u2019histoire de Marseille. L\u2019id\u00e9e est n\u00e9e il y a un peu plus d\u2019un an. D\u2019un c\u00f4t\u00e9, les Restos pr\u00e9parent leur 40e campagne et se demandent comment marquer le coup, de l\u2019autre, l\u2019AFP cherche une expo percutante pour lancer sa \u00ab\u00a0Gallery\u00a0\u00bb \u00e0 Paris. Dans &#8230;<\/p>\n","protected":false},"excerpt":{"rendered":"\u00ab\u00a0J\u2019ai une petite id\u00e9e comme \u00e7a. Si des fois y a des marques qui m\u2019entendent [\u2026], si y&hellip;\n","protected":false},"author":2,"featured_media":372692,"comment_status":"","ping_status":"","sticky":false,"template":"","format":"standard","meta":{"footnotes":""},"categories":[2814],"tags":[17,1111,11,6521,7220,1777,674,1011,27,18060,151,2831,884,12,2044,882,25,7057,10649],"class_list":{"0":"post-372691","1":"post","2":"type-post","3":"status-publish","4":"format-standard","5":"has-post-thumbnail","7":"category-marseille","8":"tag-17","9":"tag-actu","10":"tag-actualites","11":"tag-coeur","12":"tag-coluche","13":"tag-eu","14":"tag-europe","15":"tag-fr","16":"tag-france","17":"tag-idee","18":"tag-les","19":"tag-loisirs-traditions","20":"tag-marseille","21":"tag-news","22":"tag-petite","23":"tag-provence-alpes-cote-dazur","24":"tag-republique-francaise","25":"tag-restos","26":"tag-sa"},"share_on_mastodon":{"url":"https:\/\/pubeurope.com\/@fr\/115162397041687587","error":""},"_links":{"self":[{"href":"https:\/\/www.europesays.com\/fr\/wp-json\/wp\/v2\/posts\/372691","targetHints":{"allow":["GET"]}}],"collection":[{"href":"https:\/\/www.europesays.com\/fr\/wp-json\/wp\/v2\/posts"}],"about":[{"href":"https:\/\/www.europesays.com\/fr\/wp-json\/wp\/v2\/types\/post"}],"author":[{"embeddable":true,"href":"https:\/\/www.europesays.com\/fr\/wp-json\/wp\/v2\/users\/2"}],"replies":[{"embeddable":true,"href":"https:\/\/www.europesays.com\/fr\/wp-json\/wp\/v2\/comments?post=372691"}],"version-history":[{"count":0,"href":"https:\/\/www.europesays.com\/fr\/wp-json\/wp\/v2\/posts\/372691\/revisions"}],"wp:featuredmedia":[{"embeddable":true,"href":"https:\/\/www.europesays.com\/fr\/wp-json\/wp\/v2\/media\/372692"}],"wp:attachment":[{"href":"https:\/\/www.europesays.com\/fr\/wp-json\/wp\/v2\/media?parent=372691"}],"wp:term":[{"taxonomy":"category","embeddable":true,"href":"https:\/\/www.europesays.com\/fr\/wp-json\/wp\/v2\/categories?post=372691"},{"taxonomy":"post_tag","embeddable":true,"href":"https:\/\/www.europesays.com\/fr\/wp-json\/wp\/v2\/tags?post=372691"}],"curies":[{"name":"wp","href":"https:\/\/api.w.org\/{rel}","templated":true}]}}