{"id":372693,"date":"2025-09-07T09:51:14","date_gmt":"2025-09-07T09:51:14","guid":{"rendered":"https:\/\/www.europesays.com\/fr\/372693\/"},"modified":"2025-09-07T09:51:14","modified_gmt":"2025-09-07T09:51:14","slug":"du-jamais-vu-dans-cette-ville-habituellement-epargnee-par-le-phenomene","status":"publish","type":"post","link":"https:\/\/www.europesays.com\/fr\/372693\/","title":{"rendered":"du jamais vu dans cette ville habituellement \u00e9pargn\u00e9e par le ph\u00e9nom\u00e8ne"},"content":{"rendered":"<p class=\"intro \">Alors que la ville de Marseille avait \u00e9t\u00e9 relativement \u00e9pargn\u00e9e par les actes antis\u00e9mites jusqu&rsquo;ici, la cit\u00e9 phoc\u00e9enne a \u00e9t\u00e9 le th\u00e9\u00e2tre de quatre agressions de ce genre le week-end dernier, notamment \u00e0 la sortie de synagogues. Face \u00e0 la situation qui empire, deux plaintes ont \u00e9t\u00e9 d\u00e9pos\u00e9es et le Crif se portera partie civile dans chacune de ces affaires.\u00a0<\/p>\n<p>La cit\u00e9 phoc\u00e9enne gagn\u00e9e par une pouss\u00e9e de fi\u00e8vre <a href=\"https:\/\/www.europe1.fr\/dossiers\/antisemitisme\" rel=\"nofollow noopener\" target=\"_blank\">antis\u00e9mite<\/a>. Pourtant relativement \u00e9pargn\u00e9e jusqu&rsquo;ici, <a href=\"https:\/\/www.europe1.fr\/dossiers\/marseille\" rel=\"nofollow noopener\" target=\"_blank\">Marseille<\/a> a \u00e9t\u00e9 le th\u00e9\u00e2tre le week-end dernier de quatre agressions antis\u00e9mites, notamment \u00e0 la sortie de synagogues. Des chiffres en hausse \u00e0 l&rsquo;image de la situation sur l&rsquo;ensemble du territoire : 646 actes recens\u00e9s durant le premier semestre 2025. Cette fois, c&rsquo;est donc dans la cit\u00e9 phoc\u00e9enne que la situation empire d\u00e9plore le Crif. Pour l&rsquo;occasion, Europe 1 s&rsquo;est rendue sur place.\u00a0<\/p>\n<p>    La suite apr\u00e8s cette publicit\u00e9<\/p>\n<p>    La suite apr\u00e8s cette publicit\u00e9<\/p>\n<p>\u00ab\u00a0\u00c9t\u00e9 de cristal\u00a0\u00bb<\/p>\n<p>Une violence gratuite et incompr\u00e9hensible pour Sharon \u00e0 la sortie d&rsquo;une synagogue dans un quartier pourtant sans histoire. \u00ab\u00a0J&rsquo;ai aper\u00e7u une dame qui \u00e9tait en train d&rsquo;arracher les affiches en hommage \u00e0 Ilan Halimi. Bien \u00e9videmment, impossible de communiquer avec elle, c&rsquo;est vite parti en insulte : &lsquo;les sionistes, les sionistes&rsquo;. Elle m&rsquo;a clairement frapp\u00e9e, rien ne pouvait l&rsquo;en emp\u00eacher, elle avait la haine dans son regard et dans ses paroles\u00a0\u00bb, raconte-t-elle.\u00a0<\/p>\n<p>Un week-end de la haine \u00e0 Marseille puisqu&rsquo;en deux jours \u00e0 peine, la pr\u00e9sidente du Crif, Fabienne Bendayan, recense quatre actes antis\u00e9mites. Des insultes du type \u00ab\u00a0sale juif\u00a0\u00bb ou \u00ab\u00a0f**k <a href=\"https:\/\/www.europe1.fr\/dossiers\/israel\" rel=\"nofollow noopener\" target=\"_blank\">Isra\u00ebl<\/a>\u00a0\u00bb et un climat de banalisation de ces faits. \u00ab\u00a0\u00c7a fait une succession d&rsquo;\u00e9v\u00e9nements en l&rsquo;espace d&rsquo;un week-end qui sont particuli\u00e8rement alarmants. Effectivement, \u00e0 Marseille, on avait le sentiment d&rsquo;\u00eatre quand m\u00eame pr\u00e9serv\u00e9. Malheureusement, on constate que progressivement, les actes antis\u00e9mites se multiplient\u00a0\u00bb, d\u00e9nonce-t-elle.<\/p>\n<p>    La suite apr\u00e8s cette publicit\u00e9<\/p>\n<p>    La suite apr\u00e8s cette publicit\u00e9<\/p>\n<p>Selon elle, \u00ab\u00a0cet \u00e9t\u00e9 a \u00e9t\u00e9 qualifi\u00e9 d&rsquo;\u00e9t\u00e9 de cristal\u00a0\u00bb. \u00ab\u00a0Je crois que la communaut\u00e9 juive en France se souviendra de cet \u00e9t\u00e9 2025 comme une p\u00e9riode o\u00f9 toutes les digues ont saut\u00e9\u00a0\u00bb, estime\u00a0Fabienne Bendayan. Deux plaintes ont \u00e9t\u00e9 d\u00e9pos\u00e9es et le Crif se portera partie civile dans chacune de ces affaires.<\/p>\n","protected":false},"excerpt":{"rendered":"Alors que la ville de Marseille avait \u00e9t\u00e9 relativement \u00e9pargn\u00e9e par les actes antis\u00e9mites jusqu&rsquo;ici, la cit\u00e9 phoc\u00e9enne&hellip;\n","protected":false},"author":2,"featured_media":372694,"comment_status":"","ping_status":"","sticky":false,"template":"","format":"standard","meta":{"footnotes":""},"categories":[2814],"tags":[1111,11,1777,674,1011,27,884,12,882,25],"class_list":{"0":"post-372693","1":"post","2":"type-post","3":"status-publish","4":"format-standard","5":"has-post-thumbnail","7":"category-marseille","8":"tag-actu","9":"tag-actualites","10":"tag-eu","11":"tag-europe","12":"tag-fr","13":"tag-france","14":"tag-marseille","15":"tag-news","16":"tag-provence-alpes-cote-dazur","17":"tag-republique-francaise"},"share_on_mastodon":{"url":"https:\/\/pubeurope.com\/@fr\/115162401253220791","error":""},"_links":{"self":[{"href":"https:\/\/www.europesays.com\/fr\/wp-json\/wp\/v2\/posts\/372693","targetHints":{"allow":["GET"]}}],"collection":[{"href":"https:\/\/www.europesays.com\/fr\/wp-json\/wp\/v2\/posts"}],"about":[{"href":"https:\/\/www.europesays.com\/fr\/wp-json\/wp\/v2\/types\/post"}],"author":[{"embeddable":true,"href":"https:\/\/www.europesays.com\/fr\/wp-json\/wp\/v2\/users\/2"}],"replies":[{"embeddable":true,"href":"https:\/\/www.europesays.com\/fr\/wp-json\/wp\/v2\/comments?post=372693"}],"version-history":[{"count":0,"href":"https:\/\/www.europesays.com\/fr\/wp-json\/wp\/v2\/posts\/372693\/revisions"}],"wp:featuredmedia":[{"embeddable":true,"href":"https:\/\/www.europesays.com\/fr\/wp-json\/wp\/v2\/media\/372694"}],"wp:attachment":[{"href":"https:\/\/www.europesays.com\/fr\/wp-json\/wp\/v2\/media?parent=372693"}],"wp:term":[{"taxonomy":"category","embeddable":true,"href":"https:\/\/www.europesays.com\/fr\/wp-json\/wp\/v2\/categories?post=372693"},{"taxonomy":"post_tag","embeddable":true,"href":"https:\/\/www.europesays.com\/fr\/wp-json\/wp\/v2\/tags?post=372693"}],"curies":[{"name":"wp","href":"https:\/\/api.w.org\/{rel}","templated":true}]}}