{"id":372695,"date":"2025-09-07T09:52:18","date_gmt":"2025-09-07T09:52:18","guid":{"rendered":"https:\/\/www.europesays.com\/fr\/372695\/"},"modified":"2025-09-07T09:52:18","modified_gmt":"2025-09-07T09:52:18","slug":"terres-fertiles-la-seconde-vie-des-gravats-pour-reverdir-la-ville","status":"publish","type":"post","link":"https:\/\/www.europesays.com\/fr\/372695\/","title":{"rendered":"Terres Fertiles : la seconde vie des gravats pour reverdir la ville"},"content":{"rendered":"<p>Face \u00e0 l\u2019urbanisation croissante et \u00e0 la rar\u00e9faction des espaces naturels en milieu urbain, une entreprise lyonnaise propose une solution innovante : transformer les gravats de chantier en v\u00e9ritables ressources pour l\u2019am\u00e9nagement d\u2019espaces verts. <\/p>\n<p>Construire la ville sur la ville\u2026Le concept est devenu courant pour limiter l\u2019artificialisation des  sols. Mais quand il s\u2019agit de <strong>recr\u00e9er des espaces naturels en ville<\/strong>, les entreprises doivent bien souvent <strong>aller chercher de la terre tr\u00e8s loin<\/strong>. Et, \u00e0 l\u2019inverse, <strong>faire sortir de la ville des terres excav\u00e9es<\/strong>, dans lesquelles il est impossible de faire pousser un cactus\u2026 La mission du <a href=\"https:\/\/www.terres-fertiles.com\/\" target=\"_blank\" rel=\"noreferrer noopener\">bureau d\u2019\u00e9tudes<\/a> <strong>Terres Fertiles<\/strong> est de favoriser l<strong>\u2018\u00e9conomie circulaire des terres<\/strong> pour <strong>cr\u00e9er de la biodiversit\u00e9 en ville<\/strong>.<\/p>\n<p>Ecoutez aussi : <a href=\"https:\/\/www.lyondemain.fr\/jardins-pre-gaudry-vegetalisation\/\" target=\"_blank\" rel=\"noreferrer noopener\">Jardins Pr\u00e9 Gaudry : un mod\u00e8le de v\u00e9g\u00e9talisation de la ville<\/a><\/p>\n<p>Regardez l\u2019\u00e9mission Caf\u00e9 Climat sur BFM Lyon<\/p>\n<p><video controls=\"\" src=\"https:\/\/www.lyondemain.fr\/wp-content\/uploads\/2025\/09\/Cafe-Climat-La-Terre-notre-bien-commun.mp4\"\/>Cafe Climat : La Terre notre bien commun<\/p>\n<p>Du d\u00e9chet au sol fertile : un mod\u00e8le \u00e9conomique vertueux<\/p>\n<p>Le mod\u00e8le de <strong>Terres Fertiles<\/strong> repose sur un constat simple : les <strong>chantiers de construction et de d\u00e9molition<\/strong> g\u00e9n\u00e8rent des tonnes de <strong>d\u00e9blais<\/strong>, souvent consid\u00e9r\u00e9s comme de simples <strong>d\u00e9chets enfouis \u00e0 grands frais<\/strong>. Ces d\u00e9blais, compos\u00e9s de terre, de pierre et parfois de b\u00e9ton, rec\u00e8lent pourtant un <strong>potentiel inexploit\u00e9<\/strong>. L\u2019entreprise r\u00e9cup\u00e8re ces <strong>mat\u00e9riaux<\/strong>, les \u00e9tudie et les traite pour les <strong>transformer en terres fertiles<\/strong>.<\/p>\n<p><img fetchpriority=\"high\" decoding=\"async\" width=\"1200\" height=\"675\" src=\"https:\/\/www.europesays.com\/fr\/wp-content\/uploads\/2025\/09\/Terres-Fertiles-La-Saulaie.jpg\" alt=\"Terres Fertiles\" class=\"wp-image-251414\"  \/><\/p>\n<p>Cette d\u00e9marche s\u2019inscrit pleinement dans une logique d\u2019<strong>\u00e9conomie circulaire<\/strong>, un concept qui vise \u00e0 <strong>r\u00e9duire le gaspillage<\/strong> en r\u00e9int\u00e9grant les mat\u00e9riaux et les produits dans le cycle de production. Au lieu d\u2019\u00eatre jet\u00e9s, les <strong>gravats<\/strong> deviennent une <strong>mati\u00e8re premi\u00e8re pour la cr\u00e9ation de jardins, de parcs<\/strong> et m\u00eame de toitures v\u00e9g\u00e9talis\u00e9es.<\/p>\n<p>Ecoutez aussi : <a href=\"https:\/\/www.lyondemain.fr\/vegetalisation-arbres-plantes\/\" target=\"_blank\" rel=\"noreferrer noopener\">V\u00e9g\u00e9talisation : Lyon vise 100 000 arbres plant\u00e9s d\u2019ici 2030<\/a><\/p>\n<p><img loading=\"lazy\" decoding=\"async\" width=\"1200\" height=\"675\" src=\"https:\/\/www.europesays.com\/fr\/wp-content\/uploads\/2025\/09\/Terres-Fertiles-Pierre-Georges.jpg\" alt=\"Pierre Georges\" class=\"wp-image-251409\"  \/><\/p>\n<p>Valoriser les terres excav\u00e9es et gravats sur place<\/p>\n<p>Nous avons rencontr\u00e9 <strong>Pierre Georges<\/strong>, le directeur de <strong>Terres Fertiles<\/strong>. \u00ab\u00a0La <strong>terre v\u00e9g\u00e9tale agricole<\/strong>, on allait la chercher toujours plus loin. en dehors de la ville. Cela engendrait des contraintes d\u2019accessibilit\u00e9, de transport et beaucoup de gaz \u00e0 effet de serre sur la route pour aller chercher cette ressource. Et de l\u2019autre c\u00f4t\u00e9 de la cha\u00eene, on s\u2019apercevait qu\u2019on \u00e9vacuait des <strong>terres excav\u00e9es de la ville<\/strong>, qui n\u2019\u00e9taient finalement pas valoris\u00e9es. Ou bien jet\u00e9es dans les d\u00e9charges sans potentielle valorisation. Donc cette probl\u00e9matique a fait na\u00eetre l\u2019id\u00e9e d\u2019une mise en circularit\u00e9\u00a0\u00bb.<\/p>\n<p>Ecoutez le podcast<\/p>\n<p>Terres Fertiles<\/p>\n<p>L\u2019expertise de <strong>Terres Fertiles<\/strong> ne se limite pas \u00e0 la simple r\u00e9cup\u00e9ration. Le bureau d\u2019\u00e9tudes <strong>analyse la composition des sols<\/strong> pour s\u2019assurer de leur qualit\u00e9 et de leur conformit\u00e9 aux normes environnementales. Cette \u00e9tape est cruciale pour garantir la r\u00e9ussite des <strong>projets de v\u00e9g\u00e9talisation<\/strong> et \u00e9viter toute pollution des \u00e9cosyst\u00e8mes.<\/p>\n<p>Ecoutez aussi : <a href=\"https:\/\/www.lyondemain.fr\/vegetalisation-des-residences-seniors-lyon\/\" target=\"_blank\" rel=\"noreferrer noopener\">V\u00e9g\u00e9talisation des r\u00e9sidences seniors : l\u2019affaire de tous<\/a><\/p>\n<p><img loading=\"lazy\" decoding=\"async\" width=\"1200\" height=\"675\" src=\"https:\/\/www.europesays.com\/fr\/wp-content\/uploads\/2025\/09\/Terres-Fertiles-La-Saulaie-Pierre-Georges.jpg\" alt=\"Oullins La Saulaie\" class=\"wp-image-251415\"  \/>Pierre Georges<\/p>\n<p>Des amendements organiques et un couvert v\u00e9g\u00e9tal pour une vie retrouv\u00e9e<\/p>\n<p>\u00ab\u00a0On s\u00e9lectionne des <strong>chantiers de terrassement<\/strong> sur l\u2019aire de la r\u00e9gion lyonnaise. Des chantiers qui vont \u00e9vacuer des quantit\u00e9s de terres importantes. On va identifier si ces terres sont int\u00e9ressantes d\u2019un point de vue sanitaire et d\u2019un point de vue agronomique. Et on va les orienter vers un site comme ici, \u00e0 <strong>la Saulaie<\/strong>. Ensuite, l\u2019objectif, \u00e7a va \u00eatre de redonner de la vie dans ces sols. Avec des <strong>amendements organiques<\/strong>, comme des <strong>composts<\/strong>, des <strong>fumiers<\/strong>, incorpor\u00e9s avec ces terres. Apr\u00e8s, on va mettre en place des <strong>couverts v\u00e9g\u00e9taux<\/strong>. On va laisser les couverts v\u00e9g\u00e9taux se d\u00e9velopper dans ces terres et petit \u00e0 petit observer <strong>comment la vie se r\u00e9installe dans ces nouveaux merlons de terre<\/strong>. Afin de voir comment les<strong> racines<\/strong> se d\u00e9veloppent, comment les <strong>insectes<\/strong> s\u2019y installent et comment se d\u00e9grade finalement la mati\u00e8re organique\u00a0\u00bb explique <strong>Pierre Georges.<\/strong>.<\/p>\n<p><img loading=\"lazy\" decoding=\"async\" width=\"1200\" height=\"675\" src=\"https:\/\/www.europesays.com\/fr\/wp-content\/uploads\/2025\/09\/Terres-Fertiles-methodologie-pour-retrouver-des-terres-fertiles-a-partir-de-remblais.jpg\" alt=\"m\u00e9thodologie pour retrouver des terres fertiles \u00e0 partir de remblais\" class=\"wp-image-251411\"  \/>m\u00e9thodologie pour retrouver des terres fertiles \u00e0 partir de remblais<\/p>\n<p>En plus de valoriser des mat\u00e9riaux qui auraient \u00e9t\u00e9 perdus, l\u2019entreprise contribue directement \u00e0 la <strong>lutte contre l\u2019imperm\u00e9abilisation des sols<\/strong>. En cr\u00e9ant de <strong>nouveaux espaces verts<\/strong>, elle aide la ville \u00e0 <strong>mieux g\u00e9rer le ruissellement des eaux de pluie<\/strong>, \u00e0 <strong>r\u00e9duire les \u00eelots de chaleur urbains<\/strong> et \u00e0 <strong>favoriser le retour de la biodiversit\u00e9<\/strong>.<\/p>\n<p>Ecoutez aussi : <a href=\"https:\/\/www.lyondemain.fr\/ecole-jules-ferry-cour-vegetalisee\/\" target=\"_blank\" rel=\"noreferrer noopener\">Villeurbanne : l\u2019\u00e9cole Jules Ferry inaugure sa cour v\u00e9g\u00e9talis\u00e9e<\/a><\/p>\n<p>Des terres revitalis\u00e9es aux 4 coins de la M\u00e9tropole de Lyon<\/p>\n<p><strong>Terres Fertiles<\/strong> a \u00e9t\u00e9 cr\u00e9\u00e9 par une dizaine d\u2019entreprises du paysage soucieuses de limiter leur impact. Les terres ainsi r\u00e9g\u00e9n\u00e9res permettent d\u2019alimenter les <strong>nouveaux am\u00e9nagements paysagers de la ville<\/strong>. Quelques exemples : la <strong>tr\u00e9mie Garibaldi<\/strong> combl\u00e9e et v\u00e9g\u00e9talis\u00e9e, la <strong>ZAC Mermoz<\/strong>, la rue <strong>Capitaine Cluzan<\/strong>, ou m\u00eame \u00e0 <strong>Confluence<\/strong>\u2026<\/p>\n<p><img loading=\"lazy\" decoding=\"async\" width=\"1200\" height=\"675\" src=\"https:\/\/www.europesays.com\/fr\/wp-content\/uploads\/2025\/09\/place-jardin-Lyon-7eme-Girondins.jpg\" alt=\"place jardin\" class=\"wp-image-250461\"  \/><\/p>\n<p>Un suivi de ces terres revitalis\u00e9es est mis en place pour controler leur \u00e9volution sur un ou deux ans. Histoire aussi de faire \u00e9voluer la m\u00e9thodologie<\/p>\n<p>Ecoutez aussi : <a href=\"https:\/\/www.lyondemain.fr\/parc-mandela-lyon-part-dieu\/\" target=\"_blank\" rel=\"noreferrer noopener\">Parc Mandela : un espace de respiration pr\u00e8s de la Part-Dieu<\/a><\/p>\n<p><img loading=\"lazy\" decoding=\"async\" width=\"1200\" height=\"675\" src=\"https:\/\/www.europesays.com\/fr\/wp-content\/uploads\/2025\/09\/Terres-Fertiles-merlons-de-terre.jpg\" alt=\"Terres Fertiles\" class=\"wp-image-251410\"  \/><br \/>\nJ\u2019aime \u00e7a\u00a0:<\/p>\n<p>J\u2019aime chargement\u2026<\/p>\n<p><a class=\"sd-link-color\"\/><\/p>\n<p>\n\tArticles similaires\n<\/p>\n<p>\t\t\t\t<img decoding=\"async\" src=\"https:\/\/www.europesays.com\/fr\/wp-content\/uploads\/2025\/09\/1757238738_875_7866158698e17e8ed633c05e8f8e7fe5d9e057ad78661c4dc34e413abb6b9f19\" alt=\"G\u00e9rald Bouchon\"\/><\/p>\n<p>Pionnier des radios libres, passionn\u00e9 de radio, journaliste et dirigeant de m\u00e9dias \u00e9co-responsables..<\/p>\n","protected":false},"excerpt":{"rendered":"Face \u00e0 l\u2019urbanisation croissante et \u00e0 la rar\u00e9faction des espaces naturels en milieu urbain, une entreprise lyonnaise propose&hellip;\n","protected":false},"author":2,"featured_media":372696,"comment_status":"","ping_status":"","sticky":false,"template":"","format":"standard","meta":{"footnotes":""},"categories":[1889],"tags":[1111,11,2430,50688,1130,6130,3008,12393,1777,674,50689,1011,27,50690,2428,12,15665,50691,25,17429,50692,10792,23088],"class_list":{"0":"post-372695","1":"post","2":"type-post","3":"status-publish","4":"format-standard","5":"has-post-thumbnail","7":"category-lyon","8":"tag-actu","9":"tag-actualites","10":"tag-auvergne-rhone-alpes","11":"tag-bfm-lyon","12":"tag-biodiversite","13":"tag-chantiers","14":"tag-dechets","15":"tag-economie-circulaire","16":"tag-eu","17":"tag-europe","18":"tag-fertilisation","19":"tag-fr","20":"tag-france","21":"tag-la-saulaie","22":"tag-lyon","23":"tag-news","24":"tag-oullins-pierre-benite","25":"tag-pierre-georges","26":"tag-republique-francaise","27":"tag-sol","28":"tag-terres-fertiles","29":"tag-vegetalisation","30":"tag-zero-dechet"},"share_on_mastodon":{"url":"https:\/\/pubeurope.com\/@fr\/115162405363542678","error":""},"_links":{"self":[{"href":"https:\/\/www.europesays.com\/fr\/wp-json\/wp\/v2\/posts\/372695","targetHints":{"allow":["GET"]}}],"collection":[{"href":"https:\/\/www.europesays.com\/fr\/wp-json\/wp\/v2\/posts"}],"about":[{"href":"https:\/\/www.europesays.com\/fr\/wp-json\/wp\/v2\/types\/post"}],"author":[{"embeddable":true,"href":"https:\/\/www.europesays.com\/fr\/wp-json\/wp\/v2\/users\/2"}],"replies":[{"embeddable":true,"href":"https:\/\/www.europesays.com\/fr\/wp-json\/wp\/v2\/comments?post=372695"}],"version-history":[{"count":0,"href":"https:\/\/www.europesays.com\/fr\/wp-json\/wp\/v2\/posts\/372695\/revisions"}],"wp:featuredmedia":[{"embeddable":true,"href":"https:\/\/www.europesays.com\/fr\/wp-json\/wp\/v2\/media\/372696"}],"wp:attachment":[{"href":"https:\/\/www.europesays.com\/fr\/wp-json\/wp\/v2\/media?parent=372695"}],"wp:term":[{"taxonomy":"category","embeddable":true,"href":"https:\/\/www.europesays.com\/fr\/wp-json\/wp\/v2\/categories?post=372695"},{"taxonomy":"post_tag","embeddable":true,"href":"https:\/\/www.europesays.com\/fr\/wp-json\/wp\/v2\/tags?post=372695"}],"curies":[{"name":"wp","href":"https:\/\/api.w.org\/{rel}","templated":true}]}}