{"id":372697,"date":"2025-09-07T09:53:14","date_gmt":"2025-09-07T09:53:14","guid":{"rendered":"https:\/\/www.europesays.com\/fr\/372697\/"},"modified":"2025-09-07T09:53:14","modified_gmt":"2025-09-07T09:53:14","slug":"lex-depute-thierry-braillard-ne-soutiendra-personne","status":"publish","type":"post","link":"https:\/\/www.europesays.com\/fr\/372697\/","title":{"rendered":"l&rsquo;ex d\u00e9put\u00e9 Thierry Braillard ne soutiendra \u00ab\u00a0personne\u00a0\u00bb"},"content":{"rendered":"<p>Cette fois, c\u2019est bel et bien parti. La campagne des municipales \u00e0 Lyon s\u2019annonce compliqu\u00e9e avec son lot de \u00ab\u00a0fake news\u00a0\u00bb comme dirait un pr\u00e9sident am\u00e9ricain, d\u2019intox pourrait-on pr\u00e9ciser dans la langue de Moli\u00e8re.<\/p>\n<p>Derni\u00e8re en date\u00a0: le soutien de Thierry Braillard \u00e0 <a href=\"https:\/\/www.leprogres.fr\/p\/jean-michel-aulas\" target=\"_blank\" rel=\"nofollow noopener\">Jean-Michel Aulas<\/a> annonc\u00e9 par <a href=\"https:\/\/www.latribune.fr\/la-tribune-dimanche\/politique\/nos-informations-confidentielles-aulas-vise-lyon-l-axe-wauquiez-darmanin-un-conclave-bis-a-vae-solis-1032021.html\" target=\"_blank\" rel=\"nofollow noopener\">La Tribune Dimanche<\/a> ce matin. En parlant du chef d\u2019entreprise, on peut lire dans le quotidien dominical\u00a0: \u00ab\u00a0Il a aussi le soutien de l\u2019ex-ministre (radical de gauche) Thierry Braillard\u00a0\u00bb.\u00a0Une \u00ab\u00a0information\u00a0\u00bb qui mettait le candidat sans \u00e9tiquette en position de rassembleur lyonnais.<\/p>\n<p>  Pas candidat<\/p>\n<p>Mais une \u00ab\u00a0information\u00a0\u00bb d\u00e9mentie par le principal concern\u00e9 \u2013 Thierry Braillard &#8211; que nous avons pu joindre ce matin. \u00ab\u00a0Je ne soutiens pas Jean-Michel Aulas, tout comme je ne serai pas candidat sur quelle que liste que ce soit. Je ne soutiens personne\u00a0\u00bb, a insist\u00e9 l\u2019avocat.<\/p>\n<p>Il est vrai que l\u2019attelage, si l\u2019on peut le qualifier ainsi, s\u2019annon\u00e7ait fragile apr\u00e8s le ralliement des LR \u00e0 l\u2019ancien pr\u00e9sident de l\u2019OL. La photo de Jean-Michel Aulas tout sourire \u00e0 c\u00f4t\u00e9 de <a href=\"https:\/\/www.leprogres.fr\/p\/laurent-wauquiez\" target=\"_blank\" rel=\"nofollow noopener\">Laurent Wauquiez<\/a> (grand gagnant de cette semaine politique) risque de refroidir les \u00e9lus du centre-gauche et ouvrir un peu plus la porte \u00e0 Georges K\u00e9p\u00e9n\u00e9kian et <a href=\"https:\/\/www.leprogres.fr\/p\/nathalie-perrin-gilbert\" target=\"_blank\" rel=\"nofollow noopener\">Nathalie Perrin-Gilbert<\/a>. Et compliquer une \u00ab\u00a0grande alliance\u00a0\u00bb allant de la droite au centre gauche.<\/p>\n","protected":false},"excerpt":{"rendered":"Cette fois, c\u2019est bel et bien parti. La campagne des municipales \u00e0 Lyon s\u2019annonce compliqu\u00e9e avec son lot&hellip;\n","protected":false},"author":2,"featured_media":372698,"comment_status":"","ping_status":"","sticky":false,"template":"","format":"standard","meta":{"footnotes":""},"categories":[1889],"tags":[1111,11,2430,2757,4188,1777,674,107,1011,27,2428,2756,12,316,25,2429],"class_list":{"0":"post-372697","1":"post","2":"type-post","3":"status-publish","4":"format-standard","5":"has-post-thumbnail","7":"category-lyon","8":"tag-actu","9":"tag-actualites","10":"tag-auvergne-rhone-alpes","11":"tag-edition-lyon-villeurbanne","12":"tag-elections-municipales","13":"tag-eu","14":"tag-europe","15":"tag-fil-info","16":"tag-fr","17":"tag-france","18":"tag-lyon","19":"tag-lyon-bassin","20":"tag-news","21":"tag-politique","22":"tag-republique-francaise","23":"tag-rhone"},"share_on_mastodon":{"url":"https:\/\/pubeurope.com\/@fr\/115162408721791301","error":""},"_links":{"self":[{"href":"https:\/\/www.europesays.com\/fr\/wp-json\/wp\/v2\/posts\/372697","targetHints":{"allow":["GET"]}}],"collection":[{"href":"https:\/\/www.europesays.com\/fr\/wp-json\/wp\/v2\/posts"}],"about":[{"href":"https:\/\/www.europesays.com\/fr\/wp-json\/wp\/v2\/types\/post"}],"author":[{"embeddable":true,"href":"https:\/\/www.europesays.com\/fr\/wp-json\/wp\/v2\/users\/2"}],"replies":[{"embeddable":true,"href":"https:\/\/www.europesays.com\/fr\/wp-json\/wp\/v2\/comments?post=372697"}],"version-history":[{"count":0,"href":"https:\/\/www.europesays.com\/fr\/wp-json\/wp\/v2\/posts\/372697\/revisions"}],"wp:featuredmedia":[{"embeddable":true,"href":"https:\/\/www.europesays.com\/fr\/wp-json\/wp\/v2\/media\/372698"}],"wp:attachment":[{"href":"https:\/\/www.europesays.com\/fr\/wp-json\/wp\/v2\/media?parent=372697"}],"wp:term":[{"taxonomy":"category","embeddable":true,"href":"https:\/\/www.europesays.com\/fr\/wp-json\/wp\/v2\/categories?post=372697"},{"taxonomy":"post_tag","embeddable":true,"href":"https:\/\/www.europesays.com\/fr\/wp-json\/wp\/v2\/tags?post=372697"}],"curies":[{"name":"wp","href":"https:\/\/api.w.org\/{rel}","templated":true}]}}