{"id":372699,"date":"2025-09-07T09:55:10","date_gmt":"2025-09-07T09:55:10","guid":{"rendered":"https:\/\/www.europesays.com\/fr\/372699\/"},"modified":"2025-09-07T09:55:10","modified_gmt":"2025-09-07T09:55:10","slug":"a-quoi-faut-il-sattendre-mercredi-10-septembre-a-paris-et-en-ile-de-france","status":"publish","type":"post","link":"https:\/\/www.europesays.com\/fr\/372699\/","title":{"rendered":"\u00e0 quoi faut-il s&rsquo;attendre mercredi 10 septembre \u00e0 Paris et en \u00cele-de-France\u00a0?"},"content":{"rendered":"<p>            Par<br \/>\n        <strong><br \/>\n            <a href=\"https:\/\/actu.fr\/auteur\/thomas-martin\" title=\"Consulter tous les articles de Thomas Martin\" target=\"_blank\" rel=\"noopener\">Thomas Martin<\/a><br \/>\n        <\/strong><\/p>\n<p>        Publi\u00e9 le<\/p>\n<p>            7 sept. 2025 \u00e0 11h37        <\/p>\n<p>Pas de \u00ab\u00a0mouvements d\u2019ampleur\u00a0\u00bb mais \u00ab\u00a0des actions spectaculaires\u00a0\u00bb. Les pr\u00e9visions de <a href=\"https:\/\/actu.fr\/tag\/bruno-retailleau\" target=\"_blank\" rel=\"noopener\">Bruno Retailleau<\/a>, le ministre de l\u2019Int\u00e9rieur vont-elles se v\u00e9rifier mercredi 10 septembre lors du mouvement \u00ab\u00a0Bloquons tout\u00a0\u00bb. \u00ab\u00a0Mais j\u2019ai envoy\u00e9 un t\u00e9l\u00e9gramme au pr\u00e9fet pour leur demander de faire preuve de la plus grande fermet\u00e9. Il n\u2019est pas question que des sites strat\u00e9giques, des infrastructures essentielles \u00e0 la vie du pays puissent \u00eatre bloqu\u00e9s\u00a0\u00bb, a toutefois averti le ministre. Car les autorit\u00e9s s\u2019attendent \u00e0 des actions diverses sur tout le territoire allant de blocages de gares, de raffineries, d\u2019axes de circulation, \u00e0 des op\u00e9rations de sabotages de radars automatiques et des manifestations classiques. Qu\u2019en sera-t-il \u00e0 Paris et en \u00cele-de-France ?\u00a0<\/p>\n<p class=\" wall-content\">Des appels \u00e0 la gr\u00e8ve ont \u00e9t\u00e9 lanc\u00e9s pour mercredi par plusieurs syndicats notamment dans les transports et les h\u00f4pitaux, et d\u2019autres actions annonc\u00e9es dont certaines rappellent celles des Gilets jaunes, avec des blocages d\u2019axes routiers ou des sabotages de radars ou de distributeurs de billets.\u00a0<\/p>\n<p>Dans les transports<\/p>\n<ul class=\" wall-content\">\n<li><strong>SNCF :<\/strong> La CGT Cheminots appelle tous les cheminots \u00ab\u00a0\u00e0 participer massivement par la gr\u00e8ve \u00e0 cette journ\u00e9e du 10 septembre. Sud Rail de son c\u00f4t\u00e9 appelle \u00e0 un blocage dans le ferroviaire. Il faut donc s\u2019attendre \u00e0 des perturbations sur certaines grandes lignes et celles d\u2019\u00cele-de-France. Le d\u00e9tail sera donn\u00e9 par la <a href=\"https:\/\/actu.fr\/tag\/sncf\" target=\"_blank\" rel=\"noopener\">SNCF<\/a> 24 \u00e0 48 heures avant.\u00a0<\/li>\n<li><strong>RATP : <\/strong>Le syndicat La Base RATP soutient le mouvement du \u00ab\u00a010 septembre\u00a0\u00bb et appelle \u00e0 la gr\u00e8ve, \u00ab\u00a0mais aussi \u00e0 l\u2019action sous toutes les formes possibles, aux agents de se rassembler et de d\u00e9cider des formes d\u2019actions \u00e0 entreprendre !\u00a0\u00bb Ce syndicat est majoritaire chez les conducteurs de RER. Les quatre syndicats majoritaires de la RATP -CGT, FO, Unsa Mobilit\u00e9 et CFE-CGC \u2013 ont, eux,\u00a0 appel\u00e9 les agents de la R\u00e9gie \u00e0 \u00ab\u2009une journ\u00e9e de gr\u00e8ve et de manifestation massive\u2009\u00bb mais <a href=\"https:\/\/actu.fr\/ile-de-france\/paris_75056\/francois-bayrou-menace-les-conditions-de-travail-de-vie-des-agents-une-greve-massive-se-prepare-a-la-ratp_63101812.html\" target=\"_blank\" rel=\"noopener\">le 18 septembre<\/a>. Le ralliement pourrait \u00eatre massif, puisque les syndicats signataires du texte repr\u00e9senteraient 90\u2009% des agents de la <a href=\"https:\/\/actu.fr\/tag\/ratp\" target=\"_blank\" rel=\"noopener\">RATP<\/a>, selon leur communiqu\u00e9.\u00a0<\/li>\n<li><strong>A\u00e9roports : <\/strong>Un tract du syndicat SUD-A\u00e9rien appelle \u00e0 la gr\u00e8ve et au blocage des a\u00e9roports tandis que la CGT Air France appelle l\u2019ensemble des personnels de la compagnie a\u00e9rien \u00e0 se mobiliser. Le syndicat Sud-A\u00e9rien pr\u00e9voit \u00e9galement un rassemblement \u00e0 l\u2019a\u00e9roport de Roissy, selon <a href=\"https:\/\/www.lemonde.fr\/economie\/article\/2025\/09\/05\/mouvement-du-10-septembre-cheminots-raffineurs-eboueurs-repondent-en-ordre-disperse-a-l-appel-citoyen-a-tout-bloquer_6638990_3234.html\" target=\"_blank\" rel=\"noopener\">Le Monde<\/a>.\u00a0<\/li>\n<li><strong>Routes :<\/strong> Le p\u00e9riph\u00e9rique et les routes franciliennes seront-elles concern\u00e9es ? D\u2019apr\u00e8s le site <a href=\"https:\/\/www.sortiraparis.com\/actualites\/a-paris\/articles\/332344-10-septembre-2025-des-blocages-prevus-sur-les-routes-et-autoroutes-a-paris-et-en-ile-de-france\" target=\"_blank\" rel=\"noopener\">Sortir \u00e0 Paris<\/a>, des blocages du p\u00e9riph\u00e9rique parisien d\u00e8s 7 heures du matin sont pr\u00e9vus, selon les informations relay\u00e9es par le collectif \u00ab\u00a0Peuple R\u00e9volt\u00e9\u00a0\u00bb<\/li>\n<\/ul>\n<p>Dans la fonction publique<\/p>\n<p class=\" wall-content\">La f\u00e9d\u00e9ration CGT de la <strong>Fonction publique<\/strong> appelle les fonctionnaires \u00e0 participer au mouvement.<\/p>\n<p class=\" wall-content\">C\u00f4t\u00e9 <strong>Education nationale<\/strong>, le syndicat d\u2019enseignants SUD-Education appelle les personnels des \u00e9coles \u00e0 se joindre aux mobilisations. Par ailleurs, \u00a0l\u2019Union syndicale lyc\u00e9enne appelle au blocage des \u00e9tablissements. Le premier syndicat lyc\u00e9en de France a lanc\u00e9 un \u00ab appel au blocus \u00bb dans toute la France rejoignant le mouvement du 10 septembre avec pour objectif de \u00ab construire la mobilisation dans la dur\u00e9e \u00bb.<\/p>\n<p class=\" wall-content\">Dans les <strong>h\u00f4pitaux<\/strong>, les syndicats CGT, FO, CFTC et Unsa de l\u2019Assistance publique H\u00f4pitaux de Paris (<a href=\"https:\/\/actu.fr\/tag\/aphp\" target=\"_blank\" rel=\"noopener\">AP-HP<\/a>) ont appel\u00e9 \u00e0 la mobilisation le 10 septembre, indique <a href=\"https:\/\/www.leparisien.fr\/economie\/greves-blocages-sabotages-a-quoi-sattendre-le-10-septembre-05-09-2025-TWBEYWIMJVATPEVQGLXMDA2JEE.php\" target=\"_blank\" rel=\"noopener\">Le Parisien<\/a>. Le syndicat SUD Sant\u00e9 Sociaux appelle au blocage. C\u00f4t\u00e9 sant\u00e9, certaines pharmacies pourraient \u00eatre touch\u00e9es l\u2019Union des syndicats de pharmaciens d\u2019officine (USPO) a appelant \u00e0 une gr\u00e8ve \u00ab illimit\u00e9e \u00bb des gardes.<\/p>\n<p>Dans les autres secteurs<\/p>\n<p class=\" wall-content\">Certains magasins seront-ils aussi concern\u00e9s ? La CGT Commerce et Services appellent en tout cas ses adh\u00e9rents \u00e0 faire gr\u00e8ve. Dans les entreprises, le syndicat SUD Industrie appelle \u00e0 participer aux actions du mercredi 10 septembre et des jours suivants.\u00a0<\/p>\n<p>Votre r\u00e9gion, votre actu !<\/p>\n<p>Recevez chaque jour les infos qui comptent pour vous.<\/p>\n<p>\t<a href=\"https:\/\/actu.fr\/newsletter\" class=\"ac-btn ac-btn--corner ac-btn--medium ac-btn--blue800\" target=\"_blank\" rel=\"noopener\">S&rsquo;incrire<\/a><\/p>\n<p class=\" wall-content\">Enfin, le ramassage des ordures sera-t-il d\u00e9grad\u00e9 ? Plusieurs syndicats CGT d\u2019\u00e9boueurs ont d\u00e9pos\u00e9 des pr\u00e9avis de gr\u00e8ve pour le 10 septembre.<\/p>\n<p class=\" wall-content\">Un peu moins d\u2019un Fran\u00e7ais sur deux (46%) soutient le mouvement appelant \u00e0 \u00ab\u00a0bloquer\u00a0\u00bb le pays le 10 septembre, tandis que 28% y sont oppos\u00e9s et 26% indiff\u00e9rents, selon un sondage publi\u00e9 par la Tribune Dimanche.<\/p>\n<p class=\" wall-content\"><strong>Avec AFP<\/strong><\/p>\n<p class=\" wall-content\">Personnalisez votre actualit\u00e9 en ajoutant vos villes et m\u00e9dias en favori avec <a href=\"https:\/\/moncompte.actu.fr\" title=\"D\u00e9couvez Mon Actu\" rel=\"nofollow noopener\" data-trk=\"{&quot;cta&quot;:{&quot;action&quot;:&quot;https:\\\/\\\/moncompte.actu.fr&quot;,&quot;category&quot;:&quot;mon compte&quot;,&quot;from&quot;:&quot;article footer&quot;,&quot;name&quot;:&quot;Mon actu&quot;,&quot;type&quot;:&quot;cta&quot;}}\" target=\"_blank\">Mon Actu<\/a>.<\/p>\n","protected":false},"excerpt":{"rendered":"Par Thomas Martin Publi\u00e9 le 7 sept. 2025 \u00e0 11h37 Pas de \u00ab\u00a0mouvements d\u2019ampleur\u00a0\u00bb mais \u00ab\u00a0des actions spectaculaires\u00a0\u00bb.&hellip;\n","protected":false},"author":2,"featured_media":372700,"comment_status":"","ping_status":"","sticky":false,"template":"","format":"standard","meta":{"footnotes":""},"categories":[1592],"tags":[1111,11,1777,674,1011,27,6151,662,12,626,625,25,2215,104],"class_list":{"0":"post-372699","1":"post","2":"type-post","3":"status-publish","4":"format-standard","5":"has-post-thumbnail","7":"category-ile-de-france","8":"tag-actu","9":"tag-actualites","10":"tag-eu","11":"tag-europe","12":"tag-fr","13":"tag-france","14":"tag-greve","15":"tag-ile-de-france","16":"tag-news","17":"tag-paris","18":"tag-ratp","19":"tag-republique-francaise","20":"tag-sncf","21":"tag-societe"},"share_on_mastodon":{"url":"https:\/\/pubeurope.com\/@fr\/115162416734993940","error":""},"_links":{"self":[{"href":"https:\/\/www.europesays.com\/fr\/wp-json\/wp\/v2\/posts\/372699","targetHints":{"allow":["GET"]}}],"collection":[{"href":"https:\/\/www.europesays.com\/fr\/wp-json\/wp\/v2\/posts"}],"about":[{"href":"https:\/\/www.europesays.com\/fr\/wp-json\/wp\/v2\/types\/post"}],"author":[{"embeddable":true,"href":"https:\/\/www.europesays.com\/fr\/wp-json\/wp\/v2\/users\/2"}],"replies":[{"embeddable":true,"href":"https:\/\/www.europesays.com\/fr\/wp-json\/wp\/v2\/comments?post=372699"}],"version-history":[{"count":0,"href":"https:\/\/www.europesays.com\/fr\/wp-json\/wp\/v2\/posts\/372699\/revisions"}],"wp:featuredmedia":[{"embeddable":true,"href":"https:\/\/www.europesays.com\/fr\/wp-json\/wp\/v2\/media\/372700"}],"wp:attachment":[{"href":"https:\/\/www.europesays.com\/fr\/wp-json\/wp\/v2\/media?parent=372699"}],"wp:term":[{"taxonomy":"category","embeddable":true,"href":"https:\/\/www.europesays.com\/fr\/wp-json\/wp\/v2\/categories?post=372699"},{"taxonomy":"post_tag","embeddable":true,"href":"https:\/\/www.europesays.com\/fr\/wp-json\/wp\/v2\/tags?post=372699"}],"curies":[{"name":"wp","href":"https:\/\/api.w.org\/{rel}","templated":true}]}}