{"id":372705,"date":"2025-09-07T09:58:11","date_gmt":"2025-09-07T09:58:11","guid":{"rendered":"https:\/\/www.europesays.com\/fr\/372705\/"},"modified":"2025-09-07T09:58:11","modified_gmt":"2025-09-07T09:58:11","slug":"avant-la-rentree-des-etudiants-en-quete-desesperee-de-logement-a-paris-liberation","status":"publish","type":"post","link":"https:\/\/www.europesays.com\/fr\/372705\/","title":{"rendered":"avant la rentr\u00e9e, des \u00e9tudiants en qu\u00eate d\u00e9sesp\u00e9r\u00e9e de logement \u00e0 Paris \u2013 Lib\u00e9ration"},"content":{"rendered":"<p class=\"sc-cPiKLX AiZTS text-element\">Ils sont originaires de Paris, expuls\u00e9s de leur logement Crous ou d\u00e9barquent d\u2019une autre r\u00e9gion. En ce mois de reprise des cours, <a href=\"https:\/\/www.liberation.fr\/idees-et-debats\/tribunes\/crise-du-logement-etudiant-a-paris-letat-doit-agir-20240924_JYK5J42ASNAOTC6OUPO5HSQ24I\/?redirected=1\" target=\"_blank\" rel=\"noreferrer noopener\" title=\"https:\/\/www.liberation.fr\/idees-et-debats\/tribunes\/crise-du-logement-etudiant-a-paris-letat-doit-agir-20240924_JYK5J42ASNAOTC6OUPO5HSQ24I\/?redirected=1\">l\u2019\u00e9ternelle question des logements<\/a> revient tarauder les \u00e9tudiants emm\u00e9nageant dans la capitale, qui d\u00e9sesp\u00e8rent de trouver un toit. Entre prix exorbitants, saturation des demandes et diminution du nombre de logements disponibles, d\u00e9nicher un chez-soi convenable semble \u00eatre mission impossible. C\u2019est en tout cas une route tortueuse que d\u00e9crivent quatre \u00e9tudiants aux parcours vari\u00e9s. <\/p>\n<p class=\"sc-cPiKLX AiZTS text-element\">\u00abJe pense que je ne vais rien trouver entre-temps, l\u00e0.\u00bb Fares Bellaifa, 22 ans, en master 1 d\u2019audiovisuel \u00e0 Paris, voit les jours pr\u00e9c\u00e9dant la rentr\u00e9e d\u00e9filer et, avec eux, le besoin de trouver un logement \u00e0 temps. Arriv\u00e9 en France de Tunisie pour ses \u00e9tudes sup\u00e9rieures, l\u2019\u00e9tudiant s\u2019est retrouv\u00e9 en difficult\u00e9 apr\u00e8s une expulsion du Crous, qu\u2019il a contest\u00e9e sans succ\u00e8s \u00e0 plusieurs reprises. \u00abJe dors chez ma m\u00e8re mais mon petit fr\u00e8re arrive dans quelques jours, donc je ne pourrai plus rester parce que c\u2019est impossible de vivre avec moi, mon petit fr\u00e8re et ma m\u00e8re dans l\u2019appartement. Apr\u00e8s, j\u2019ai des amis chez qui dormir et j\u2019ai un rendez-vous avec le Crous demain, je vais essayer de les supplier et de leur expliquer que c\u2019est impossible que je dorme chez mes parents.\u00bb <\/p>\n<p class=\"sc-cPiKLX AiZTS text-element\">\u00abC\u2019est stressant, ajoute-t-il. Toute la journ\u00e9e, tu rafra\u00eechis les sites d\u2019annonces alors que tu es dehors, pour voir s\u2019il y a de nouveaux appartements, tu v\u00e9rifies les prix, tu envoies des messages, le m\u00eame pav\u00e9 en boucle, en boucle, en boucle\u2026 C\u2019est 135 messages par jour \u00e0 des gens qui ne vont pas forc\u00e9ment r\u00e9pondre ou te prendre au s\u00e9rieux. C\u2019est compliqu\u00e9, stressant et ali\u00e9nant.\u00bb Il confesse : \u00abJe n\u2019arrive m\u00eame pas \u00e0 m\u2019imaginer ne pas trouver de logement. Il faut que je continue mes \u00e9tudes, mais si je dois cr\u00e9cher chez quelqu\u2019un par-ci, par l\u00e0, \u00e7a va \u00eatre compliqu\u00e9 pour moi. Mais j\u2019essaie d\u2019\u00eatre optimiste.\u00bb <\/p>\n<p class=\"sc-cPiKLX AiZTS text-element\">Rester optimiste, c\u2019est aussi ce que tente de faire Marie Mala Bella, 20 ans, inscrite en master de langues \u00e0 l\u2019universit\u00e9 de Nanterre : \u00abJe vivais dans le XVe arrondissement chez ma m\u00e8re. En fin de deuxi\u00e8me ann\u00e9e de licence, elle est partie \u00e0 l\u2019\u00e9tranger pour son travail, donc pour la troisi\u00e8me ann\u00e9e je me suis retrouv\u00e9e toute seule. Pour mon master \u00e0 Nanterre, j\u2019ai appel\u00e9 les Crous pour savoir si ma situation me permettait de r\u00e9server un autre logement, et on m\u2019a dit que ce serait possible. Mais fin ao\u00fbt, il ne restait niet.\u00bb <\/p>\n<p class=\"sc-cPiKLX AiZTS text-element\">\u00abC\u2019\u00e9tait vraiment cardio parce que je demandais des r\u00e9servations et \u00e0 c\u00f4t\u00e9 je cherchais des appartements, et en m\u00eame temps j\u2019avais <a href=\"https:\/\/www.liberation.fr\/societe\/je-dois-absolument-travailler-lete-sinon-je-ne-mange-pas-les-vacances-grande-galere-des-etudiants-boursiers-20250728_BUNYWSLH7BGFPBGOS4V6QYAT7E\/\" target=\"_blank\" rel=\"noopener\" title=\"https:\/\/www.liberation.fr\/societe\/je-dois-absolument-travailler-lete-sinon-je-ne-mange-pas-les-vacances-grande-galere-des-etudiants-boursiers-20250728_BUNYWSLH7BGFPBGOS4V6QYAT7E\/\">mon stage et un job d\u2019\u00e9t\u00e9<\/a>. Je suis vraiment motiv\u00e9e parce que je me dis que l\u00e0, on est en septembre, et je sais qu\u2019ils font passer les personnes en CDI avant les \u00e9tudiants ; j\u2019ai espoir que ces gens aient trouv\u00e9 un logement et que je passe apr\u00e8s. Mais je reste consciente que je ne vais pas \u00eatre l\u2019\u00e9tudiante qu\u2019on appelle en priorit\u00e9, m\u00eame si j\u2019ai un bon dossier. Donc je reste motiv\u00e9e et r\u00e9aliste : je ne vais pas avoir mon logement en deux jours. Ma rentr\u00e9e c\u2019est le 12 septembre. Pour l\u2019instant, heureusement, j\u2019ai une amie qui m\u2019h\u00e9berge, et si les allers-retours deviennent trop compliqu\u00e9s, on est en train de regarder des appart-h\u00f4tels. Mais je pr\u00e9f\u00e8re d\u00e9penser mon argent dans un vrai loyer.\u00bb <\/p>\n<p class=\"sc-cPiKLX AiZTS text-element\">Abdulqudus, alternant en BUT d\u2019analyses de donn\u00e9es, voudrait lui aussi r\u00e9cup\u00e9rer son logement \u00e9tudiant : \u00abJ\u2019ai fait la demande de renouvellement un peu trop tard, mais je l\u2019ai quand m\u00eame faite avant les r\u00e9attributions. On me l\u2019a refus\u00e9, le recours aussi. Pour l\u2019instant je n\u2019ai rien. Je suis encore dans mon appartement pour quelques jours. Je devais l\u2019avoir quitt\u00e9 au plus tard dimanche ; c\u2019est une question de temps avant qu\u2019on me mette en proc\u00e9dure d\u2019expulsion. On m\u2019a dit que je pouvais rester encore une semaine, le temps de voir si mon nouveau recours passe.\u00bb Il redoute de devoir en arriver \u00e0 des solutions similaires \u00e0 celles o\u00f9 il a \u00e9t\u00e9 contraint d\u2019avoir recours : \u00abL\u2019ann\u00e9e derni\u00e8re, quand je suis arriv\u00e9 \u00e0 Paris, je n\u2019avais toujours pas de logement, j\u2019ai dormi quelque temps chez un ami, et apr\u00e8s j\u2019ai trouv\u00e9 une chambre chez une dame, avant de r\u00e9ussir \u00e0 avoir un Crous en octobre.\u00bb <\/p>\n<p class=\"sc-cPiKLX AiZTS text-element\">S\u2019il jongle d\u00e9j\u00e0 entre alternance et job \u00e0 temps partiel dans un cybercaf\u00e9, Abdulqudus aide aussi sa m\u00e8re et sa petite s\u0153ur, Havraises tout juste d\u00e9barqu\u00e9es \u00e0 Paris. \u00abComme je suis le seul \u00e0 travailler dans la famille, je dois aussi envoyer pas mal d\u2019argent, et je n\u2019ai pas les moyens de mettre tout mon argent juste pour moi sur un gros loyer. Je ne regrette quand m\u00eame pas d\u2019\u00eatre venu vivre ici parce que je sais que dans tous les cas, je vais m\u2019en sortir et je fais ce que j\u2019aime. Mais dans les moments o\u00f9 je suis un peu moins occup\u00e9, je me demande \u201cEst-ce que je vais m\u2019en sortir ?\u201d\u00bb.  <\/p>\n<p class=\"sc-cPiKLX AiZTS text-element\">Alexis, de son c\u00f4t\u00e9, d\u00e9bute son ann\u00e9e de c\u00e9sure entrecoupant son master de commerce pour accumuler les stages. Il est formel : \u00abDans mon entourage, ceux qui recherchent un logement cette ann\u00e9e ont plus de mal \u00e0 en trouver que les ann\u00e9es pr\u00e9c\u00e9dentes. On a fait \u00e0 peu pr\u00e8s le m\u00eame constat : cette ann\u00e9e, il y a quand m\u00eame moins d\u2019offres sur Paris que d\u2019habitude. J\u2019ai l\u2019impression que sur les sites d\u2019annonces il y a un maximum de dix nouvelles annonces par jour pour <a href=\"https:\/\/www.liberation.fr\/societe\/logement\/crise-du-logement-une-rentree-sous-tension-pour-les-etudiants-a-la-recherche-dun-toit-20240916_5V3GMB3S6VCYTI4LJY372GYCJM\/\" target=\"_blank\" rel=\"noopener\" title=\"https:\/\/www.liberation.fr\/societe\/logement\/crise-du-logement-une-rentree-sous-tension-pour-les-etudiants-a-la-recherche-dun-toit-20240916_5V3GMB3S6VCYTI4LJY372GYCJM\/\">des milliers de candidats<\/a>.\u00bb <\/p>\n<p class=\"sc-cPiKLX AiZTS text-element\">\u00abToutes les candidatures que je fais, j\u2019ai soit pas de r\u00e9ponse, soit des agents immobiliers me disent \u201con a d\u00e9j\u00e0 une centaine de candidatures, on ne traite plus trop les nouvelles\u201d, c\u2019est infernal. Je suis un peu r\u00e9sign\u00e9, j\u2019essaie de trouver des plans de secours en attendant que la rentr\u00e9e passe, pour voir s\u2019il y a plus d\u2019offres et moins de candidats.\u00bb <\/p>\n","protected":false},"excerpt":{"rendered":"Ils sont originaires de Paris, expuls\u00e9s de leur logement Crous ou d\u00e9barquent d\u2019une autre r\u00e9gion. En ce mois&hellip;\n","protected":false},"author":2,"featured_media":372706,"comment_status":"","ping_status":"","sticky":false,"template":"","format":"standard","meta":{"footnotes":""},"categories":[1888],"tags":[11,1777,674,1011,27,28170,12,626,10181,25,5768],"class_list":{"0":"post-372705","1":"post","2":"type-post","3":"status-publish","4":"format-standard","5":"has-post-thumbnail","7":"category-paris","8":"tag-actualites","9":"tag-eu","10":"tag-europe","11":"tag-fr","12":"tag-france","13":"tag-logement-crise","14":"tag-news","15":"tag-paris","16":"tag-precarite","17":"tag-republique-francaise","18":"tag-universite"},"share_on_mastodon":{"url":"https:\/\/pubeurope.com\/@fr\/115162428561321620","error":""},"_links":{"self":[{"href":"https:\/\/www.europesays.com\/fr\/wp-json\/wp\/v2\/posts\/372705","targetHints":{"allow":["GET"]}}],"collection":[{"href":"https:\/\/www.europesays.com\/fr\/wp-json\/wp\/v2\/posts"}],"about":[{"href":"https:\/\/www.europesays.com\/fr\/wp-json\/wp\/v2\/types\/post"}],"author":[{"embeddable":true,"href":"https:\/\/www.europesays.com\/fr\/wp-json\/wp\/v2\/users\/2"}],"replies":[{"embeddable":true,"href":"https:\/\/www.europesays.com\/fr\/wp-json\/wp\/v2\/comments?post=372705"}],"version-history":[{"count":0,"href":"https:\/\/www.europesays.com\/fr\/wp-json\/wp\/v2\/posts\/372705\/revisions"}],"wp:featuredmedia":[{"embeddable":true,"href":"https:\/\/www.europesays.com\/fr\/wp-json\/wp\/v2\/media\/372706"}],"wp:attachment":[{"href":"https:\/\/www.europesays.com\/fr\/wp-json\/wp\/v2\/media?parent=372705"}],"wp:term":[{"taxonomy":"category","embeddable":true,"href":"https:\/\/www.europesays.com\/fr\/wp-json\/wp\/v2\/categories?post=372705"},{"taxonomy":"post_tag","embeddable":true,"href":"https:\/\/www.europesays.com\/fr\/wp-json\/wp\/v2\/tags?post=372705"}],"curies":[{"name":"wp","href":"https:\/\/api.w.org\/{rel}","templated":true}]}}