{"id":372709,"date":"2025-09-07T10:00:11","date_gmt":"2025-09-07T10:00:11","guid":{"rendered":"https:\/\/www.europesays.com\/fr\/372709\/"},"modified":"2025-09-07T10:00:11","modified_gmt":"2025-09-07T10:00:11","slug":"ou-est-passe-sofiane-sehili-linquietude-grandit-autour-de-ce-cycliste-francais-pretendument-arrete-en-russie","status":"publish","type":"post","link":"https:\/\/www.europesays.com\/fr\/372709\/","title":{"rendered":"O\u00f9 est pass\u00e9 Sofiane Sehili\u00a0? L\u2019inqui\u00e9tude grandit autour de ce cycliste fran\u00e7ais pr\u00e9tendument arr\u00eat\u00e9 en Russie"},"content":{"rendered":"<p class=\"intro\">Selon \u00ab Le Monde \u00bb, le cycliste d&rsquo;endurance fran\u00e7ais Sofiane Sehili aurait \u00e9t\u00e9 arr\u00eat\u00e9 \u00e0 Vladivostok, en Russie, et plac\u00e9e en d\u00e9tention provisoire. <\/p>\n<p>Son d\u00e9fi \u00e9tait grand et\u00a0Sofiane Sehili s\u2019\u00e9tait pr\u00e9par\u00e9 \u00e0 tous les sc\u00e9narios, sauf peut-\u00eatre celui-l\u00e0. Le 1er\u00a0juillet, ce cycliste d\u2019endurance fran\u00e7ais aux multiples victoires s\u2019est lanc\u00e9\u00a0dans une travers\u00e9e du continent eurasiatique de plus de 18\u00a0000\u00a0kilom\u00e8tres. Son objectif\u00a0: rallier Lisbonne \u00e0 Vladivostok, <a href=\"https:\/\/www.parismatch.com\/dossiers\/russie\" rel=\"nofollow noopener\" target=\"_blank\">en Russie<\/a>, \u00e0 v\u00e9lo. Un p\u00e9riple qu\u2019il commentait quotidiennement sur les r\u00e9seaux sociaux, et notamment sur Instagram, mais qui a pris une tournure inqui\u00e9tante mardi 2\u00a0septembre.<\/p>\n<p>Dans une story Instagram rep\u00e9r\u00e9e par \u00ab<a href=\"https:\/\/www.lequipe.fr\/Cyclisme-sur-route\/Actualites\/-c-est-dechirant-bloque-a-la-frontiere-sino-russe-par-les-douaniers-sofiane-sehili-doit-renoncer-au-record-eurasien-a-velo\/1589901\" target=\"_blank\" rel=\"nofollow noopener\">\u00a0L\u2019\u00c9quipe<\/a>\u00a0\u00bb, Sofiane Sehili a expliqu\u00e9 mardi avoir \u00e9t\u00e9 refoul\u00e9 par deux reprises \u00e0 la fronti\u00e8re entre la Chine et la Russie. \u00ab\u00a0Je suis la principale attraction, le seul \u00e9tranger. La police inspecte mon v\u00e9lo, me regarde et ne me dit rien. Je ne sais pas si je vais pouvoir passer la fronti\u00e8re. \u00c9chouer si pr\u00e8s du but, c\u2019est d\u00e9chirant\u00a0\u00bb, d\u00e9plorait-il apr\u00e8s deux mois de voyage et\u00a017\u00a0600\u00a0kilom\u00e8tres au compteur.<\/p>\n<p>    La suite apr\u00e8s cette publicit\u00e9<\/p>\n<p>Le Fran\u00e7ais de 44\u00a0ans expliquait alors mettre son projet sur pause et se laisser le temps de la r\u00e9flexion pour savoir s\u2019il devait recommencer son p\u00e9riple ou non, apr\u00e8s avoir \u00e9chou\u00e9 \u00e0 400\u00a0kilom\u00e8tres de son objectif. Depuis, Sofiane Sehili est absent des r\u00e9seaux et injoignable.<\/p>\n<p>    La suite apr\u00e8s cette publicit\u00e9<\/p>\n<p>Arr\u00eat\u00e9 \u00e0\u00a0Vladivostok\u00a0?<\/p>\n<p>Vendredi, \u00ab<a href=\"https:\/\/www.lemonde.fr\/international\/article\/2025\/09\/05\/sofiane-sehili-cycliste-d-endurance-francais-se-trouve-en-detention-provisoire-en-russie_6639135_3210.html\" target=\"_blank\" rel=\"nofollow noopener\">\u00a0Le Monde<\/a>\u00a0\u00bb et l\u2019agence de presse russe TASS ont affirm\u00e9 que Sofiane Sehili avait finalement r\u00e9ussi \u00e0 traverser la fronti\u00e8re sino-russe, allant ainsi jusqu\u2019au bout de son projet, mais que le cycliste d\u2019endurance avait \u00e9t\u00e9 arr\u00eat\u00e9 \u00e0 Vladivostok, dans l\u2019Extr\u00eame-Orient russe, et plac\u00e9 en d\u00e9tention provisoire. Les deux m\u00e9dias expliquaient que le Fran\u00e7ais \u00e9tait accus\u00e9 de \u00ab\u00a0franchissement ill\u00e9gal\u00a0\u00bb de la fronti\u00e8re et \u00ab\u00a0Le Monde\u00a0\u00bb indiquait que le consulat de France \u00e9tait mobilis\u00e9 pour lui apporter de l\u2019aide et tenter de le faire lib\u00e9rer.<\/p>\n<\/p>\n<p>Seulement, les douaniers d\u2019Extr\u00eame-Orient ont depuis affirm\u00e9 aupr\u00e8s du m\u00e9dia <a href=\"https:\/\/x.com\/nexta_tv\/status\/1964368792957436059\" target=\"_blank\" rel=\"nofollow\">Nexta<\/a>\u00a0que les informations selon lesquelles\u00a0Sofiane Sehili avait \u00e9t\u00e9 arr\u00eat\u00e9 \u00e9tait \u00ab\u00a0fausses\u00a0\u00bb et la personne qui tient son compte Instagram, Fanny Bensussan, a post\u00e9 <a href=\"https:\/\/www.instagram.com\/fannybens\/?hl=fr\" target=\"_blank\" rel=\"nofollow noopener\">un message sur Instagram<\/a> indiquant que le cycliste avait renonc\u00e9 \u00e0 son projet \u00e0 \u00ab\u00a0200 kilom\u00e8tres\u00a0\u00bb de l\u2019arriv\u00e9e et qu\u2019il \u00ab\u00a0se reposait de son effort\u00a0\u00bb. \u00ab\u00a0Veuillez patienter le temps que la situation se r\u00e8gle\u00a0\u00bb, \u00e9crit-elle.\u00a0<\/p>\n<p>                                    <script async src=\"\/\/www.instagram.com\/embed.js\"><\/script><\/p>\n","protected":false},"excerpt":{"rendered":"Selon \u00ab Le Monde \u00bb, le cycliste d&rsquo;endurance fran\u00e7ais Sofiane Sehili aurait \u00e9t\u00e9 arr\u00eat\u00e9 \u00e0 Vladivostok, en Russie,&hellip;\n","protected":false},"author":2,"featured_media":372710,"comment_status":"","ping_status":"","sticky":false,"template":"","format":"standard","meta":{"footnotes":""},"categories":[1591],"tags":[11,1887,12,1885,1886,132],"class_list":{"0":"post-372709","1":"post","2":"type-post","3":"status-publish","4":"format-standard","5":"has-post-thumbnail","7":"category-russie","8":"tag-actualites","9":"tag-federation-de-russie","10":"tag-news","11":"tag-russia","12":"tag-russian-federation","13":"tag-russie"},"share_on_mastodon":{"url":"https:\/\/pubeurope.com\/@fr\/115162436407927631","error":""},"_links":{"self":[{"href":"https:\/\/www.europesays.com\/fr\/wp-json\/wp\/v2\/posts\/372709","targetHints":{"allow":["GET"]}}],"collection":[{"href":"https:\/\/www.europesays.com\/fr\/wp-json\/wp\/v2\/posts"}],"about":[{"href":"https:\/\/www.europesays.com\/fr\/wp-json\/wp\/v2\/types\/post"}],"author":[{"embeddable":true,"href":"https:\/\/www.europesays.com\/fr\/wp-json\/wp\/v2\/users\/2"}],"replies":[{"embeddable":true,"href":"https:\/\/www.europesays.com\/fr\/wp-json\/wp\/v2\/comments?post=372709"}],"version-history":[{"count":0,"href":"https:\/\/www.europesays.com\/fr\/wp-json\/wp\/v2\/posts\/372709\/revisions"}],"wp:featuredmedia":[{"embeddable":true,"href":"https:\/\/www.europesays.com\/fr\/wp-json\/wp\/v2\/media\/372710"}],"wp:attachment":[{"href":"https:\/\/www.europesays.com\/fr\/wp-json\/wp\/v2\/media?parent=372709"}],"wp:term":[{"taxonomy":"category","embeddable":true,"href":"https:\/\/www.europesays.com\/fr\/wp-json\/wp\/v2\/categories?post=372709"},{"taxonomy":"post_tag","embeddable":true,"href":"https:\/\/www.europesays.com\/fr\/wp-json\/wp\/v2\/tags?post=372709"}],"curies":[{"name":"wp","href":"https:\/\/api.w.org\/{rel}","templated":true}]}}