{"id":372713,"date":"2025-09-07T10:02:14","date_gmt":"2025-09-07T10:02:14","guid":{"rendered":"https:\/\/www.europesays.com\/fr\/372713\/"},"modified":"2025-09-07T10:02:14","modified_gmt":"2025-09-07T10:02:14","slug":"menaces-des-juges-americains-temoignent","status":"publish","type":"post","link":"https:\/\/www.europesays.com\/fr\/372713\/","title":{"rendered":"Menac\u00e9s, des juges am\u00e9ricains t\u00e9moignent"},"content":{"rendered":"<p class=\"sc-jbo7hw-7 bDkRIk\">Depuis le retour au pouvoir de Donald Trump, les menaces contre la magistrature ont pris de l&rsquo;ampleur aux \u00c9tats-Unis. Inquiets, des juges montrent du doigt le discours de leurs leaders politiques.<\/p>\n<p class=\"sc-jbo7hw-7 bDkRIk\">Radicaux, mauvais, corrompus\u00a0: Donald Trump et des membres de son \u00e9quipe ont men\u00e9 des attaques r\u00e9p\u00e9t\u00e9es contre les magistrats qui ont bloqu\u00e9 ses d\u00e9cisions.<\/p>\n<p class=\"sc-jbo7hw-7 bDkRIk\">Une rh\u00e9torique qui semble avoir percol\u00e9.<\/p>\n<p class=\"sc-jbo7hw-7 bDkRIk\">Le juge f\u00e9d\u00e9ral John C.\u00a0Coughenour a re\u00e7u de nombreuses menaces <a tabindex=\"0\" class=\"border-b border-solid transition-colors text-blue600 hover:text-blue600 light:text-blue600 light:hover:text-blue600 dark:text-blue400 dark:hover:text-blue400 border-gray900\/25 light:border-gray900\/25 dark:border-gray100\/25 hover:border-blue600 light:hover:border-blue600 dark:hover:border-blue400 hover:bg-gray999\/10 light:hover:bg-gray999\/10 dark:hover:bg-gray0\/10\" href=\"https:\/\/ici.radio-canada.ca\/nouvelle\/2134962\/donald-trump-droit-sol-immigration-suspension\" rel=\"nofollow noopener\" target=\"_blank\">apr\u00e8s avoir bloqu\u00e9 un d\u00e9cret du pr\u00e9sident sur la citoyennet\u00e9<\/a>. Il a notamment \u00e9t\u00e9 victime d\u2019un faux signalement, lorsque quelqu&rsquo;un a communiqu\u00e9 avec le bureau du sh\u00e9rif pour d\u00e9clarer qu\u2019il avait tu\u00e9 son \u00e9pouse. Les policiers sont arriv\u00e9s chez lui, pistolets \u00e0 la main. <\/p>\n<p class=\"sc-jbo7hw-7 bDkRIk\">Coughenour a ensuite \u00e9t\u00e9 l&rsquo;objet d&rsquo;une fausse alerte \u00e0 la bombe \u00e0 son domicile et a re\u00e7u une grande quantit\u00e9 de lettres tr\u00e8s laides et mena\u00e7antes.<\/p>\n<blockquote class=\"sc-ym8j07-0 kJvxpW text-gray700 light:text-gray700 dark:text-gray200\">\n<p class=\"sc-ym8j07-1 jhkebe !font-display text-6 leading-5 xsToSm:text-5 font-bold text-gray700 light:text-gray700 dark:text-gray200 font-medium\">Impliquer la famille, c&rsquo;est vraiment d\u00e9go\u00fbtant. M\u00eame la mafia dit que la famille, c\u2019est hors limite!<\/p>\n<p>Une citation de John C. Coughenour, juge f\u00e9d\u00e9ral am\u00e9ricain<\/p><\/blockquote>\n<p><img decoding=\"async\" alt=\"Le juge John C. Coughenour en entrevue \u00e0 Radio-Canada.\" class=\"absolute left-0 top-0 size-full object-cover transition-opacity ease-out print:relative html-dark:brightness-[.8]\" loading=\"lazy\" src=\"https:\/\/www.europesays.com\/fr\/wp-content\/uploads\/2025\/09\/juge-coughenour-menaces.jpg\"\/>Ouvrir en mode plein \u00e9cran<\/p>\n<p class=\"sc-ic6be9-2 kYrgAK\">Le juge John C. Coughenour a fait l&rsquo;objet de menaces apr\u00e8s avoir bloqu\u00e9 un d\u00e9cret de Donald Trump sur la citoyennet\u00e9.<\/p>\n<p class=\"sc-ic6be9-1 cJJtvJ text-gray600 light:text-gray600 dark:text-gray400\">Photo : Radio-Canada<\/p>\n<p class=\"sc-jbo7hw-7 bDkRIk\">Je suis juge depuis plus de 40\u00a0ans et je n\u2019ai jamais \u00e9t\u00e9 aussi pr\u00e9occup\u00e9 par l&rsquo;\u00e9tat du syst\u00e8me judiciaire de ce pays. J&rsquo;aimerais que nos dirigeants prennent conscience des d\u00e9g\u00e2ts qu&rsquo;ils causent et du risque d&rsquo;instabilit\u00e9 consid\u00e9rable que repr\u00e9sente cette attaque contre le syst\u00e8me judiciaire, fait-il valoir.<\/p>\n<p class=\"sc-jbo7hw-7 bDkRIk\">Selon lui, les associations de barreaux doivent sonner l\u2019alarme avant qu\u2019il ne soit trop tard. Il fait aussi des parall\u00e8les historiques. Si l&rsquo;on examine l&rsquo;histoire, on constate que d&rsquo;autres pays ont connu des \u00e9rosions similaires de l&rsquo;\u00c9tat de droit. Je pense \u00e0 l&rsquo;Allemagne dans les ann\u00e9es\u00a01930, par exemple, au Cambodge dans les ann\u00e9es\u00a01970, ou \u00e0 la Russie avant la R\u00e9volution sovi\u00e9tique [&#8230;], mentionne le juge Coughenour.<\/p>\n<p>Les mots comptent<img decoding=\"async\" alt=\"Une photo de famille dans le bureau de la juge Esther Salas. \" class=\"absolute left-0 top-0 size-full object-cover transition-opacity ease-out print:relative html-dark:brightness-[.8]\" loading=\"lazy\" src=\"https:\/\/www.europesays.com\/fr\/wp-content\/uploads\/2025\/09\/juge-salas-fils-daniel.jpg\"\/>Ouvrir en mode plein \u00e9cran<\/p>\n<p class=\"sc-ic6be9-2 kYrgAK\">Une photo de la juge f\u00e9d\u00e9rale Esther Salas avec son d\u00e9funt fils Daniel<\/p>\n<p class=\"sc-ic6be9-1 cJJtvJ text-gray600 light:text-gray600 dark:text-gray400\">Photo : Radio-Canada \/ Louis Blouin<\/p>\n<p class=\"sc-jbo7hw-7 bDkRIk\">La juge f\u00e9d\u00e9rale Esther Salas a v\u00e9cu de beaucoup trop pr\u00e8s la violence contre la magistrature. En juillet\u00a02020, son fils Daniel a \u00e9t\u00e9 assassin\u00e9 \u00e0 leur domicile par un avocat qui lui en voulait. Ce dernier s\u2019\u00e9tait d\u00e9guis\u00e9 en livreur et avait ouvert le feu sur le pas de la porte. Le mari d\u2019Esther Salas a \u00e9t\u00e9 gravement bless\u00e9 dans l\u2019attaque.<\/p>\n<p class=\"sc-jbo7hw-7 bDkRIk\">La sc\u00e8ne est grav\u00e9e \u00e0 jamais dans sa m\u00e9moire. Je me souviens d&rsquo;avoir couru vers mon fils, de m&rsquo;\u00eatre mise \u00e0 genoux, d&rsquo;avoir soulev\u00e9 sa chemise et d&rsquo;avoir vu un trou de balle. Mon mari est revenu en rampant et l\u00e0, dans ce hall d&rsquo;entr\u00e9e, le 19\u00a0juillet\u00a02020 \u00e0 17\u00a0h, j&rsquo;ai vu mon unique enfant dispara\u00eetre, raconte la juge.<\/p>\n<p><img decoding=\"async\" alt=\"Une sc\u00e8ne de crime, devant la r\u00e9sidence de la juge Esther Salas. \" class=\"absolute left-0 top-0 size-full object-cover transition-opacity ease-out print:relative html-dark:brightness-[.8]\" loading=\"lazy\" src=\"https:\/\/www.europesays.com\/fr\/wp-content\/uploads\/2025\/09\/residence-salas-daniel.jpg\"\/>Ouvrir en mode plein \u00e9cran<\/p>\n<p class=\"sc-ic6be9-2 kYrgAK\">En juillet 2020, un homme a assassin\u00e9 le fils de la juge Esther Salas \u00e0 leur r\u00e9sidence. <\/p>\n<p class=\"sc-ic6be9-1 cJJtvJ text-gray600 light:text-gray600 dark:text-gray400\">Photo : AP \/ Mark Lennihan<\/p>\n<p class=\"sc-jbo7hw-7 bDkRIk\">Un drame qui est revenu la hanter ces derniers mois.<\/p>\n<p class=\"sc-jbo7hw-7 bDkRIk\">Esther Salas a appris que des gens instrumentalisent la mort de son fils pour menacer d\u2019autres juges. Ils font livrer des pizzas au nom de Daniel au domicile de ses coll\u00e8gues \u00e0 travers le pays. Une fa\u00e7on tordue de les intimider.<\/p>\n<p class=\"sc-jbo7hw-7 bDkRIk\">Le service des Marshals, qui a la responsabilit\u00e9 de prot\u00e9ger les tribunaux f\u00e9d\u00e9raux, a inform\u00e9 la juge Salas qu\u2019au moins une centaine de pizzas avaient \u00e9t\u00e9 envoy\u00e9es \u00e0 des juges de mani\u00e8re anonyme, dont une vingtaine au nom de son fils d\u00e9c\u00e9d\u00e9.<\/p>\n<p class=\"sc-jbo7hw-7 bDkRIk\">Esther Salas veut lancer un message\u00a0: Je demanderais \u00e0 nos leaders politiques de comprendre que les mots comptent. Bien honn\u00eatement, il faut que les gens mod\u00e8rent leur discours.<\/p>\n<p class=\"sc-jbo7hw-7 bDkRIk\">Les plus r\u00e9centes donn\u00e9es disponibles montrent un pic de menaces contre les juges survenu au printemps dernier. Ils sont pr\u00e8s de\u00a0200 \u00e0 avoir \u00e9t\u00e9 menac\u00e9s entre le d\u00e9but du mois de mars et la fin mai.<\/p>\n<p class=\"sc-jbo7hw-7 bDkRIk\">Ces donn\u00e9es ont \u00e9t\u00e9 fournies \u00e0 la juge Salas par les autorit\u00e9s f\u00e9d\u00e9rales.<\/p>\n<p class=\"sc-jbo7hw-7 bDkRIk\">Nous risquons gros. Le risque est que le public am\u00e9ricain n\u2019ait plus confiance dans le syst\u00e8me judiciaire, indique la juge.<\/p>\n<p class=\"sc-jbo7hw-7 bDkRIk\">Elle aussi a re\u00e7u des communications mena\u00e7antes derni\u00e8rement, qui font l&rsquo;objet d&rsquo;une enqu\u00eate.<\/p>\n<p>L\u2019avertissement du juge en chef<\/p>\n<p class=\"sc-jbo7hw-7 bDkRIk\">Depuis son retour au bureau ovale, le pr\u00e9sident am\u00e9ricain a men\u00e9 des attaques publiques et frontales contre des juges qui ont bloqu\u00e9 ses d\u00e9crets touchant des expulsions, des coupes budg\u00e9taires et l\u2019\u00e9limination de programmes touchant la diversit\u00e9 et l\u2019inclusion, r\u00e9clamant m\u00eame leur destitution.<\/p>\n<p class=\"sc-jbo7hw-7 bDkRIk\">Inquiet des risques de violence, le juge en chef de la Cour supr\u00eame des \u00c9tats-Unis, John Roberts, a lanc\u00e9 un avertissement lors d\u2019une conf\u00e9rence judiciaire qui a eu lieu en juin dernier, rapportait Politico.<\/p>\n<p class=\"sc-jbo7hw-7 bDkRIk\">Si quelqu&rsquo;un exprime une forte hostilit\u00e9 envers la Cour, pour quelque raison que ce soit, le danger, bien s\u00fbr, est que quelqu&rsquo;un s&rsquo;en saisisse. Et nous avons eu, bien s\u00fbr, de graves menaces de violence et de meurtre contre des juges simplement parce qu&rsquo;ils faisaient leur travail, a-t-il d\u00e9clar\u00e9, sans nommer Donald Trump.<\/p>\n<p class=\"sc-jbo7hw-7 bDkRIk\">La mort du fils d\u2019Esther Salas n\u2019est pas le seul \u00e9v\u00e9nement tragique \u00e0 avoir touch\u00e9 la magistrature ces derni\u00e8res ann\u00e9es.<\/p>\n<p class=\"sc-jbo7hw-7 bDkRIk\">En 2022, un homme a tent\u00e9 d&rsquo;assassiner le juge Brett Kavanaugh, de la Cour supr\u00eame des \u00c9tats-Unis. Un juge de l\u2019\u00c9tat du Maryland a \u00e9t\u00e9 tu\u00e9 dans son entr\u00e9e en\u00a02023 et un autre, en pleine salle d\u2019audience au Kentucky en\u00a02024.<\/p>\n","protected":false},"excerpt":{"rendered":"Depuis le retour au pouvoir de Donald Trump, les menaces contre la magistrature ont pris de l&rsquo;ampleur aux&hellip;\n","protected":false},"author":2,"featured_media":372714,"comment_status":"","ping_status":"","sticky":false,"template":"","format":"standard","meta":{"footnotes":""},"categories":[1589],"tags":[11,73,1866,12,1864,1865,1863,308],"class_list":{"0":"post-372713","1":"post","2":"type-post","3":"status-publish","4":"format-standard","5":"has-post-thumbnail","7":"category-etats-unis","8":"tag-actualites","9":"tag-etats-unis","10":"tag-etats-unis-damerique","11":"tag-news","12":"tag-united-states","13":"tag-united-states-of-america","14":"tag-us","15":"tag-usa"},"share_on_mastodon":{"url":"https:\/\/pubeurope.com\/@fr\/115162444299242184","error":""},"_links":{"self":[{"href":"https:\/\/www.europesays.com\/fr\/wp-json\/wp\/v2\/posts\/372713","targetHints":{"allow":["GET"]}}],"collection":[{"href":"https:\/\/www.europesays.com\/fr\/wp-json\/wp\/v2\/posts"}],"about":[{"href":"https:\/\/www.europesays.com\/fr\/wp-json\/wp\/v2\/types\/post"}],"author":[{"embeddable":true,"href":"https:\/\/www.europesays.com\/fr\/wp-json\/wp\/v2\/users\/2"}],"replies":[{"embeddable":true,"href":"https:\/\/www.europesays.com\/fr\/wp-json\/wp\/v2\/comments?post=372713"}],"version-history":[{"count":0,"href":"https:\/\/www.europesays.com\/fr\/wp-json\/wp\/v2\/posts\/372713\/revisions"}],"wp:featuredmedia":[{"embeddable":true,"href":"https:\/\/www.europesays.com\/fr\/wp-json\/wp\/v2\/media\/372714"}],"wp:attachment":[{"href":"https:\/\/www.europesays.com\/fr\/wp-json\/wp\/v2\/media?parent=372713"}],"wp:term":[{"taxonomy":"category","embeddable":true,"href":"https:\/\/www.europesays.com\/fr\/wp-json\/wp\/v2\/categories?post=372713"},{"taxonomy":"post_tag","embeddable":true,"href":"https:\/\/www.europesays.com\/fr\/wp-json\/wp\/v2\/tags?post=372713"}],"curies":[{"name":"wp","href":"https:\/\/api.w.org\/{rel}","templated":true}]}}