{"id":372715,"date":"2025-09-07T10:03:18","date_gmt":"2025-09-07T10:03:18","guid":{"rendered":"https:\/\/www.europesays.com\/fr\/372715\/"},"modified":"2025-09-07T10:03:18","modified_gmt":"2025-09-07T10:03:18","slug":"un-mouvement-qui-prend-chaque-jour-un-peu-plus-dampleur-au-royaume-uni","status":"publish","type":"post","link":"https:\/\/www.europesays.com\/fr\/372715\/","title":{"rendered":"un mouvement qui prend chaque jour un peu plus d&rsquo;ampleur au Royaume-Uni ?"},"content":{"rendered":"<p>            <img decoding=\"async\" alt=\"\" src=\"https:\/\/www.europesays.com\/fr\/wp-content\/uploads\/2025\/05\/histoires-de-municipales.jpg\" width=\"161\" height=\"161\" loading=\"lazy\"\/><\/p>\n<p>                                    Politique<\/p>\n<p class=\"card-media__description\">\n                A l&rsquo;occasion des \u00e9lections municipales , qui ont lieu les 15 et 22 mars 2020, Europe 1 et ses reporters viennent \u00e0 votre rencontre et celle de vos \u00e9lus. Aux quatre coins du pays, nous racontons vos histoires des municipales, \u00e0 travers des portraits et des reportages glan\u00e9s dans certaines des 34.968 communes de France.Les \u00e9lections municipales fran\u00e7aises ont lieu les 15 et 22 mars 2020. Les habitants des 34.968 communes sont invit\u00e9s \u00e0 se rendre aux urnes pour renouveler leurs conseils municipaux. Jusqu\u2019au jour de l\u2019\u00e9lection, Europe 1 et ses reporters, aux quatre coins du pays, iront \u00e0 la rencontre de ces \u00e9lus en qui vous avez confiance pour g\u00e9rer votre quotidien.Et pour comprendre ce que vous attendez d\u2019eux &#8211; et pour vous \u00e9coutez ! -, nous irons \u00e0 votre rencontre : \u00e0 Chanteloup-les-Vignes pour parler s\u00e9curit\u00e9 et la la\u00efcit\u00e9, \u00e0 Mourenx pour donner la parole \u00e0 la France p\u00e9riph\u00e9rique, \u00e0 Langou\u00ebt pour \u00e9voquer les questions d\u2019environnement et dans l\u2019est pour s\u2019int\u00e9resser \u00e0 la ruralit\u00e9. Chaque jour, retrouvez dans ce podcast une s\u00e9lection des meilleurs sujets.\n            <\/p>\n","protected":false},"excerpt":{"rendered":"Politique A l&rsquo;occasion des \u00e9lections municipales , qui ont lieu les 15 et 22 mars 2020, Europe 1&hellip;\n","protected":false},"author":2,"featured_media":372716,"comment_status":"","ping_status":"","sticky":false,"template":"","format":"standard","meta":{"footnotes":""},"categories":[1588],"tags":[11,1777,674,12,473,1853,1851,1850,1852],"class_list":{"0":"post-372715","1":"post","2":"type-post","3":"status-publish","4":"format-standard","5":"has-post-thumbnail","7":"category-royaume-uni","8":"tag-actualites","9":"tag-eu","10":"tag-europe","11":"tag-news","12":"tag-royaume-uni","13":"tag-royaume-uni-de-grande-bretagne-et-dirlande-du-nord","14":"tag-uk","15":"tag-united-kingdom","16":"tag-united-kingdom-of-great-britain-and-northern-ireland"},"share_on_mastodon":{"url":"https:\/\/pubeurope.com\/@fr\/115162448150107583","error":""},"_links":{"self":[{"href":"https:\/\/www.europesays.com\/fr\/wp-json\/wp\/v2\/posts\/372715","targetHints":{"allow":["GET"]}}],"collection":[{"href":"https:\/\/www.europesays.com\/fr\/wp-json\/wp\/v2\/posts"}],"about":[{"href":"https:\/\/www.europesays.com\/fr\/wp-json\/wp\/v2\/types\/post"}],"author":[{"embeddable":true,"href":"https:\/\/www.europesays.com\/fr\/wp-json\/wp\/v2\/users\/2"}],"replies":[{"embeddable":true,"href":"https:\/\/www.europesays.com\/fr\/wp-json\/wp\/v2\/comments?post=372715"}],"version-history":[{"count":0,"href":"https:\/\/www.europesays.com\/fr\/wp-json\/wp\/v2\/posts\/372715\/revisions"}],"wp:featuredmedia":[{"embeddable":true,"href":"https:\/\/www.europesays.com\/fr\/wp-json\/wp\/v2\/media\/372716"}],"wp:attachment":[{"href":"https:\/\/www.europesays.com\/fr\/wp-json\/wp\/v2\/media?parent=372715"}],"wp:term":[{"taxonomy":"category","embeddable":true,"href":"https:\/\/www.europesays.com\/fr\/wp-json\/wp\/v2\/categories?post=372715"},{"taxonomy":"post_tag","embeddable":true,"href":"https:\/\/www.europesays.com\/fr\/wp-json\/wp\/v2\/tags?post=372715"}],"curies":[{"name":"wp","href":"https:\/\/api.w.org\/{rel}","templated":true}]}}