{"id":372717,"date":"2025-09-07T10:04:14","date_gmt":"2025-09-07T10:04:14","guid":{"rendered":"https:\/\/www.europesays.com\/fr\/372717\/"},"modified":"2025-09-07T10:04:14","modified_gmt":"2025-09-07T10:04:14","slug":"lallemagne-met-en-service-lordinateur-le-plus-rapide-deurope","status":"publish","type":"post","link":"https:\/\/www.europesays.com\/fr\/372717\/","title":{"rendered":"L\u2019Allemagne met en service l\u2019ordinateur le plus rapide d\u2019Europe"},"content":{"rendered":"<p>Juliers (dpa)\u00a0\u2013\u00a0Le chancelier allemand Friedrich Merz et le ministre-pr\u00e9sident de Rh\u00e9nanie-du-Nord-Westphalie Hendrik W\u00fcst ont mis en service l\u2019ordinateur le plus rapide d\u2019Europe. Le \u00ab\u00a0supercalculateur Jupiter\u00a0\u00bb se trouve au Centre de recherche de Juliers, pr\u00e8s d\u2019Aix-la-Chapelle. Merz a d\u00e9clar\u00e9 que celui-ci ouvrait \u00ab\u00a0de toutes nouvelles possibilit\u00e9s pour l\u2019entra\u00eenement de mod\u00e8les d\u2019IA ou pour des simulations scientifiques\u00a0\u00bb. Selon lui, cet ordinateur \u2013\u00a0le quatri\u00e8me plus rapide au monde\u00a0\u2013 souligne la volont\u00e9 de la R\u00e9publique f\u00e9d\u00e9rale d\u2019Allemagne de jouer un r\u00f4le de leader dans la r\u00e9volution technologique actuelle.\u00a0<\/p>\n<p lang=\"DE-DE\">\u00a0\u00ab\u00a0Jupiter\u00a0\u00bb fonctionne \u00e0 l\u2019\u00e9lectricit\u00e9 verte\u00a0: il est donc, d\u2019apr\u00e8s les informations disponibles, le supercalculateur le plus \u00e9conome en \u00e9nergie au monde. Et c\u2019est pr\u00e9cis\u00e9ment ce qui le rend unique, a expliqu\u00e9 Astrid Lambrecht, la directrice du Centre de recherche de Juliers, \u00e0 l\u2019agence de presse allemande. \u00ab\u00a0\u00c0 une \u00e9poque o\u00f9 la num\u00e9risation et l\u2019IA sont de plus en plus gourmandes en \u00e9nergie, nous montrons avec &lsquo;\u00a0Jupiter\u00a0&lsquo; la voie \u00e0 suivre pour un calcul \u00e9conome en ressources\u00a0\u00bb, a-t-elle ajout\u00e9.\u00a0\u00a0<\/p>\n","protected":false},"excerpt":{"rendered":"Juliers (dpa)\u00a0\u2013\u00a0Le chancelier allemand Friedrich Merz et le ministre-pr\u00e9sident de Rh\u00e9nanie-du-Nord-Westphalie Hendrik W\u00fcst ont mis en service l\u2019ordinateur&hellip;\n","protected":false},"author":2,"featured_media":372718,"comment_status":"","ping_status":"","sticky":false,"template":"","format":"standard","meta":{"footnotes":""},"categories":[1587],"tags":[11,672,1804,1805,1803,1777,674,1801,12,1802],"class_list":{"0":"post-372717","1":"post","2":"type-post","3":"status-publish","4":"format-standard","5":"has-post-thumbnail","7":"category-allemagne","8":"tag-actualites","9":"tag-allemagne","10":"tag-bundesrepublik-deutschland","11":"tag-de","12":"tag-deutschland","13":"tag-eu","14":"tag-europe","15":"tag-germany","16":"tag-news","17":"tag-republique-federale-dallemagne"},"share_on_mastodon":{"url":"https:\/\/pubeurope.com\/@fr\/115162452173675098","error":""},"_links":{"self":[{"href":"https:\/\/www.europesays.com\/fr\/wp-json\/wp\/v2\/posts\/372717","targetHints":{"allow":["GET"]}}],"collection":[{"href":"https:\/\/www.europesays.com\/fr\/wp-json\/wp\/v2\/posts"}],"about":[{"href":"https:\/\/www.europesays.com\/fr\/wp-json\/wp\/v2\/types\/post"}],"author":[{"embeddable":true,"href":"https:\/\/www.europesays.com\/fr\/wp-json\/wp\/v2\/users\/2"}],"replies":[{"embeddable":true,"href":"https:\/\/www.europesays.com\/fr\/wp-json\/wp\/v2\/comments?post=372717"}],"version-history":[{"count":0,"href":"https:\/\/www.europesays.com\/fr\/wp-json\/wp\/v2\/posts\/372717\/revisions"}],"wp:featuredmedia":[{"embeddable":true,"href":"https:\/\/www.europesays.com\/fr\/wp-json\/wp\/v2\/media\/372718"}],"wp:attachment":[{"href":"https:\/\/www.europesays.com\/fr\/wp-json\/wp\/v2\/media?parent=372717"}],"wp:term":[{"taxonomy":"category","embeddable":true,"href":"https:\/\/www.europesays.com\/fr\/wp-json\/wp\/v2\/categories?post=372717"},{"taxonomy":"post_tag","embeddable":true,"href":"https:\/\/www.europesays.com\/fr\/wp-json\/wp\/v2\/tags?post=372717"}],"curies":[{"name":"wp","href":"https:\/\/api.w.org\/{rel}","templated":true}]}}